{"id":748513,"date":"2026-09-05T02:29:15","date_gmt":"2026-09-05T02:29:15","guid":{"rendered":"https:\/\/www.europesays.com\/es\/748513\/"},"modified":"2026-09-05T02:29:15","modified_gmt":"2026-09-05T02:29:15","slug":"detectan-mayores-cantidades-de-microplasticos-en-personas-con-cancer-de-pulmon","status":"publish","type":"post","link":"https:\/\/www.europesays.com\/es\/748513\/","title":{"rendered":"Detectan\u00a0mayores cantidades de micropl\u00e1sticos en personas con c\u00e1ncer de pulm\u00f3n\u00a0"},"content":{"rendered":"<p>Los tejidos tor\u00e1cicos obtenidos quir\u00fargicamente ofrecen la oportunidad de evaluar las part\u00edculas retenidas en distintos compartimentos anat\u00f3micos, como el par\u00e9nquima pulmonar, la pleura y los ganglios linf\u00e1ticos mediast\u00ednicos, lo que proporciona informaci\u00f3n complementaria sobre la deposici\u00f3n, retenci\u00f3n y posible translocaci\u00f3n de part\u00edculas dentro del t\u00f3rax.\u00a0En ello se basa una novedosa &#8230;            &#13;\n        <\/p>\n<p> &#13;<br \/>\n&#13;<br \/>\n&#13;<br \/>\n&#13;<\/p>\n<p>Los tejidos tor\u00e1cicos obtenidos quir\u00fargicamente ofrecen la oportunidad de evaluar las part\u00edculas retenidas en distintos compartimentos anat\u00f3micos, como el par\u00e9nquima pulmonar, la pleura y los ganglios linf\u00e1ticos mediast\u00ednicos, lo que proporciona informaci\u00f3n complementaria sobre la deposici\u00f3n, retenci\u00f3n y posible translocaci\u00f3n de part\u00edculas dentro del t\u00f3rax.\u00a0En ello se basa una novedosa investigaci\u00f3n dada a conocer en el Congreso\u00a0de la Sociedad Respiratoria Europea (ERS), que se celebra estos d\u00edas en Barcelona.<\/p>\n<p>El objetivo principal del trabajo, publicado en el &#8216;Journal of Clinical Medicine&#8217;, fue determinar si la carga y la detecci\u00f3n de micropl\u00e1sticos (MP) en los tejidos difer\u00edan entre pacientes con c\u00e1ncer de pulm\u00f3n primario y pacientes sin c\u00e1ncer de pulm\u00f3n primario. Adem\u00e1s, tambi\u00e9n se investigaron las diferencias espec\u00edficas de compartimento en las caracter\u00edsticas de los MP en los tejidos tor\u00e1cicos, explorando las asociaciones entre la detecci\u00f3n de MP y las caracter\u00edsticas clinicopatol\u00f3gicas.<\/p>\n<p>\u00abLos micropl\u00e1sticos se han convertido en una parte inevitable de nuestro entorno, pero a\u00fan sabemos muy poco sobre lo que ocurre una vez que entran en el cuerpo humano. Desconocemos cu\u00e1les son los niveles basales de micropl\u00e1sticos en los pulmones, cu\u00e1nto var\u00edan de una persona a otra o si contribuyen a la aparici\u00f3n de enfermedades. Si inhalamos estas part\u00edculas a diario, necesitamos comprender d\u00f3nde terminan y si podr\u00edan estar relacionadas con alguna enfermedad\u00bb, sostuvo el\u00a0\u00a0Dr. Ilias Dimeas, de la Facultad de Medicina del University College Dublin (Irlanda) y la Universidad de Tesalia (Larisa, Grecia).<\/p>\n<p>La investigaci\u00f3n incluy\u00f3 a 100 personas que se sometieron a una broncoscopia para investigar s\u00edntomas pulmonares en el Hospital Universitario de Larissa, Tesalia, Grecia. Como parte del proceso, cada paciente proporcion\u00f3 una muestra de lavado pulmonar, en la que se utiliza una soluci\u00f3n salina para \u00ablavar\u00bb una secci\u00f3n del pulm\u00f3n y recolectar c\u00e9lulas y otros materiales. Los investigadores tambi\u00e9n tomaron una peque\u00f1a muestra de tejido pulmonar en la mitad de los pacientes.\u00a0De los 100 pacientes, a 50 se les diagnostic\u00f3 posteriormente un c\u00e1ncer de pulm\u00f3n.<\/p>\n<p> &#13;<br \/>\n&#13;<br \/>\n&#13;<\/p>\n<p>En todas las muestras, los investigadores identificaron un total de 232 part\u00edculas de micropl\u00e1stico. En general, el 70 % de los pacientes presentaba micropl\u00e1sticos detectables en al menos una muestra (ya sea el lavado pulmonar, el tejido o ambos). Al analizar conjuntamente las muestras de lavado pulmonar y tejido de cada paciente, se observ\u00f3 que los pacientes con c\u00e1ncer de pulm\u00f3n ten\u00edan mayor probabilidad de presentar micropl\u00e1sticos detectables y una mayor carga total de micropl\u00e1sticos que aquellos sin c\u00e1ncer.<\/p>\n<p>Los pacientes con c\u00e1ncer de pulm\u00f3n tambi\u00e9n ten\u00edan m\u00e1s probabilidades de presentar micropl\u00e1sticos detectables en sus muestras de lavado pulmonar (66% frente al 46%) y presentaban una mayor carga de micropl\u00e1sticos que los pacientes sin c\u00e1ncer de pulm\u00f3n.<\/p>\n<p>Al comparar muestras de lavado pulmonar y de tejido de un mismo individuo, los investigadores observaron que los pacientes con mayor cantidad de micropl\u00e1sticos en el lavado pulmonar tend\u00edan a tener menor cantidad en la muestra de tejido correspondiente, y viceversa. Dado que las muestras de lavado pulmonar recogen part\u00edculas de los espacios a\u00e9reos, mientras que las muestras de tejido capturan part\u00edculas incrustadas en el propio pulm\u00f3n, este hallazgo sugiere que los micropl\u00e1sticos podr\u00edan no estar distribuidos uniformemente en todo el pulm\u00f3n y que las diferentes regiones podr\u00edan retener las part\u00edculas de manera distinta.<\/p>\n<p>El an\u00e1lisis de los micropl\u00e1sticos revel\u00f3 que el polipropileno y el polietileno eran los tipos de pl\u00e1stico m\u00e1s comunes. Estos se utilizan ampliamente en productos cotidianos como envases, textiles, art\u00edculos para el hogar y bienes de consumo.<\/p>\n<p>\u00abNuestros resultados sugieren que los micropl\u00e1sticos inhalados pueden encontrarse en los pulmones humanos con m\u00e1s frecuencia de lo que mucha gente cree. Esto se suma a la creciente evidencia de que reducir la contaminaci\u00f3n ambiental por pl\u00e1sticos puede tener beneficios que van m\u00e1s all\u00e1 de los ecosistemas y repercuten en la salud humana\u00bb, concluy\u00f3 el Dr.\u00a0Dimeas.<\/p>\n","protected":false},"excerpt":{"rendered":"Los tejidos tor\u00e1cicos obtenidos quir\u00fargicamente ofrecen la oportunidad de evaluar las part\u00edculas retenidas en distintos compartimentos anat\u00f3micos, como&hellip;\n","protected":false},"author":2,"featured_media":748514,"comment_status":"","ping_status":"","sticky":false,"template":"","format":"standard","meta":{"footnotes":""},"categories":[92],"tags":[45080,36929,1066,114620,2170,29155,118908,132971,20557,7173,1293,25074,25,24,165,2383,5879,14618,6385,3276,863,5110,3477,3359,2397,21263,3256,10088,84549,166,63191,23,17838],"class_list":["post-748513","post","type-post","status-publish","format-standard","has-post-thumbnail","category-salud","tag-acumulan","tag-biologicos","tag-cancer","tag-cantidades","tag-como","tag-contribuir","tag-desencadenantes","tag-detectan-mayores","tag-diferente","tag-embargo","tag-enfermedades","tag-enfermos","tag-es","tag-espana","tag-health","tag-inflamacion","tag-manera","tag-microplasticos","tag-otra","tag-otros","tag-parte","tag-particulas","tag-personas","tag-podrian","tag-posible","tag-procesos","tag-pulmon","tag-pulmones","tag-retengan","tag-salud","tag-sanos","tag-spain","tag-tambien"],"share_on_mastodon":{"url":"https:\/\/pubeurope.com\/@es\/117216081730116519","error":""},"_links":{"self":[{"href":"https:\/\/www.europesays.com\/es\/wp-json\/wp\/v2\/posts\/748513","targetHints":{"allow":["GET"]}}],"collection":[{"href":"https:\/\/www.europesays.com\/es\/wp-json\/wp\/v2\/posts"}],"about":[{"href":"https:\/\/www.europesays.com\/es\/wp-json\/wp\/v2\/types\/post"}],"author":[{"embeddable":true,"href":"https:\/\/www.europesays.com\/es\/wp-json\/wp\/v2\/users\/2"}],"replies":[{"embeddable":true,"href":"https:\/\/www.europesays.com\/es\/wp-json\/wp\/v2\/comments?post=748513"}],"version-history":[{"count":0,"href":"https:\/\/www.europesays.com\/es\/wp-json\/wp\/v2\/posts\/748513\/revisions"}],"wp:featuredmedia":[{"embeddable":true,"href":"https:\/\/www.europesays.com\/es\/wp-json\/wp\/v2\/media\/748514"}],"wp:attachment":[{"href":"https:\/\/www.europesays.com\/es\/wp-json\/wp\/v2\/media?parent=748513"}],"wp:term":[{"taxonomy":"category","embeddable":true,"href":"https:\/\/www.europesays.com\/es\/wp-json\/wp\/v2\/categories?post=748513"},{"taxonomy":"post_tag","embeddable":true,"href":"https:\/\/www.europesays.com\/es\/wp-json\/wp\/v2\/tags?post=748513"}],"curies":[{"name":"wp","href":"https:\/\/api.w.org\/{rel}","templated":true}]}}