{"id":748521,"date":"2026-09-05T02:34:12","date_gmt":"2026-09-05T02:34:12","guid":{"rendered":"https:\/\/www.europesays.com\/es\/748521\/"},"modified":"2026-09-05T02:34:12","modified_gmt":"2026-09-05T02:34:12","slug":"alemania-y-otros-4-paises-de-la-ue-preparan-centros-de-retorno-fuera-del-bloque","status":"publish","type":"post","link":"https:\/\/www.europesays.com\/es\/748521\/","title":{"rendered":"Alemania y otros 4 pa\u00edses de la UE preparan centros de retorno fuera del bloque"},"content":{"rendered":"<p>Cinco pa\u00edses de la UE afirman que esperan estar preparados para enviar migrantes irregulares a centros de deportaci\u00f3n construidos fuera de la Uni\u00f3n Europea para 2027. El anuncio se produjo tras una reuni\u00f3n en <strong>Copenhague<\/strong> el viernes, a la que asistieron los ministros del Interior de Dinamarca, Austria, Alemania, Pa\u00edses Bajos y Grecia.<\/p>\n<p>          <img decoding=\"async\" class=\"c-ad__placeholder__logo\" src=\"https:\/\/static.euronews.com\/website\/images\/logos\/logo-euronews-stacked-outlined-72x72-grey-9.svg\" width=\"72\" height=\"72\" alt=\"\" loading=\"lazy\"\/><br \/>\n          PUBLICIDAD<\/p>\n<p>          <img decoding=\"async\" class=\"c-ad__placeholder__logo\" src=\"https:\/\/static.euronews.com\/website\/images\/logos\/logo-euronews-stacked-outlined-72x72-grey-9.svg\" width=\"72\" height=\"72\" alt=\"\" loading=\"lazy\"\/><br \/>\n          PUBLICIDAD<\/p>\n<p>Los ministros acordaron un modelo com\u00fan de \u00abcentros de retorno\u00bb, instalaciones destinadas a acoger a solicitantes de asilo cuyas peticiones han sido rechazadas por los cinco pa\u00edses y que no pueden ser devueltos a sus pa\u00edses de origen.<\/p>\n<p>El grupo de cinco Estados negocia actualmente la creaci\u00f3n de estos centros en el territorio de uno o varios pa\u00edses socios, que a\u00fan no se han dado a conocer. <strong>Uganda y Ruanda se consideran las opciones m\u00e1s probables<\/strong>, seg\u00fan varias <a href=\"https:\/\/es.euronews.com\/my-europe\/2026\/08\/26\/la-obsesion-de-europa-con-los-centros-de-retorno-podria-no-estar-a-la-altura\" rel=\"nofollow noopener\" target=\"_blank\">informaciones<\/a> en prensa.<\/p>\n<p>\u00abEl principio rector acordado hoy sienta las bases del camino a seguir [&#8230;] para estar listos y trasladar en 2027 a los primeros migrantes irregulares a un pa\u00eds socio fuera de la UE\u00bb, declar\u00f3 el ministro dan\u00e9s de Migraci\u00f3n, <strong>Morten B\u00f8dskov<\/strong>.<\/p>\n<p>Asegur\u00f3 que estos centros no son \u00abuna prisi\u00f3n\u00bb ni \u00abun campo de detenci\u00f3n\u00bb, sino instalaciones donde \u00ablos pa\u00edses socios dan a los migrantes irregulares una nueva oportunidad\u00bb.<\/p>\n<p>Se espera que los cinco pa\u00edses financien \u00edntegramente estos centros y que tambi\u00e9n puedan ofrecer fondos adicionales, asociaciones comerciales u otros incentivos a los pa\u00edses socios. Seg\u00fan el documento de principios rectores, \u00abun sistema de centros de retorno se establecer\u00e1 mediante asociaciones igualitarias y mutuamente beneficiosas con pa\u00edses ajenos a la UE\u00bb.<\/p>\n<p>El nuevo modelo deber\u00eda traducirse adem\u00e1s en una reducci\u00f3n apreciable del n\u00famero de personas que migran de forma ilegal hacia la UE. \u00abNuestro objetivo com\u00fan es <strong>acercar la migraci\u00f3n ilegal a cero<\/strong>\u00ab, afirm\u00f3 el ministro austr\u00edaco <strong>Gerhard Karner<\/strong>.<\/p>\n<p>Mientras tanto, prosiguen las reuniones con posibles socios y las conversaciones \u00abse est\u00e1n volviendo m\u00e1s profundas y fruct\u00edferas\u00bb, se\u00f1al\u00f3 el ministro griego <strong>Thanos Plevris<\/strong>, que conf\u00eda en poder anunciar un acuerdo en un futuro pr\u00f3ximo.<\/p>\n<p>Los cinco ministros tienen previsto volver a reunirse en <strong>M\u00fanich a finales de septiembre<\/strong>.<\/p>\n<p>Los acuerdos con los pa\u00edses no pertenecientes a la UE definir\u00e1n los procedimientos aplicables a los migrantes en los centros de retorno, las condiciones de su estancia y las responsabilidades de los Estados de la UE implicados.<\/p>\n<p>Los ministros se\u00f1alaron que el proyecto se llevar\u00e1 a cabo en colaboraci\u00f3n con organizaciones internacionales, como la Oficina del Alto Comisionado de las Naciones Unidas para los Refugiados y la Organizaci\u00f3n Internacional para las Migraciones, y en plena conformidad con <strong>la legislaci\u00f3n de la UE y las obligaciones internacionales<\/strong>.<\/p>\n<p>En junio, el Parlamento Europeo aprob\u00f3 la que se considera la ley de migraci\u00f3n \u00abm\u00e1s estricta hasta la fecha\u00bb, que concede a los Estados miembros el derecho a crear centros de retorno mediante acuerdos con pa\u00edses no pertenecientes a la UE. La adopci\u00f3n del \u00abreglamento de retorno\u00bb probablemente tendr\u00e1 lugar en oto\u00f1o, con una aprobaci\u00f3n definitiva por parte de los pa\u00edses de la UE, seg\u00fan indic\u00f3 a Euronews un responsable comunitario.<\/p>\n<p>La mayor\u00eda de los pa\u00edses de la UE parecen interesados en poner en marcha centros de retorno, mientras que <strong>Italia ya cuenta con un proyecto similar con Albania<\/strong>.<\/p>\n<p>19 gobiernos de la UE est\u00e1n convencidos de que se trata de una \u00absoluci\u00f3n innovadora\u00bb que hay que impulsar para la gesti\u00f3n migratoria, tal y como se explicitaba en una <a href=\"https:\/\/www.governo.it\/en\/articolo\/lettera-sulle-soluzioni-innovative-ambito-migratorio\/32145\" target=\"_blank\" rel=\"noreferrer nofollow noopener\">carta conjunta<\/a> enviada a los dirigentes de la UE el pasado junio, lo que sugiere que estos centros podr\u00edan convertirse en realidad m\u00e1s pronto que tarde.<\/p>\n<p>Los centros de retorno han suscitado inquietud en Europa sobre su compatibilidad con la legislaci\u00f3n de la UE y la protecci\u00f3n de los derechos humanos. <strong>La idea ha sido duramente criticada por la sociedad civil europea y por organizaciones no gubernamentales.<\/strong><\/p>\n<p>\u00abEnviar a personas a centros de deportaci\u00f3n fuera de la UE significa arrancar a menores, adultos y familias de las vidas que han construido en Europa y someterlas a una detenci\u00f3n prolongada en lugares que ni siquiera conocen\u00bb, afirm\u00f3 <strong>Michele LeVoy<\/strong>, directora de Picum, una ONG con sede en Bruselas que promueve los derechos humanos de los migrantes en situaci\u00f3n irregular.<\/p>\n<p>Hasta ahora, los intentos de trasladar migrantes a pa\u00edses ajenos a la UE <strong>no han resultado especialmente exitosos<\/strong>.<\/p>\n<p>El Reino Unido renunci\u00f3 a un plan para deportar solicitantes de asilo a Ruanda, donde sus solicitudes iban a ser examinadas. <strong>Dinamarca descart\u00f3 un plan similar en 2023<\/strong>, <a href=\"https:\/\/es.euronews.com\/my-europe\/2025\/07\/31\/el-reajuste-migratorio-danes-prepara-el-terreno-para-un-replanteamiento-en-toda-la-ue\" rel=\"nofollow noopener\" target=\"_blank\">cambiando su estrategia<\/a> de un enfoque nacional a otro europeo.<\/p>\n<p>Italia preve\u00eda inicialmente alojar en torno a 3.000 migrantes al mes en sus centros en Albania, pero, seg\u00fan las informaciones, la cifra real ha sido de solo 500 en total desde que estas instalaciones se convirtieron en centros de deportaci\u00f3n en marzo de 2025.<\/p>\n<p>La factura total supera los 670 millones de euros y, seg\u00fan un estudio reciente de una universidad italiana, <strong>internar a los migrantes en estos centros ha resultado mucho m\u00e1s costoso para Italia que acogerlos en su propio territorio<\/strong>.<\/p>\n","protected":false},"excerpt":{"rendered":"Cinco pa\u00edses de la UE afirman que esperan estar preparados para enviar migrantes irregulares a centros de deportaci\u00f3n&hellip;\n","protected":false},"author":2,"featured_media":748522,"comment_status":"","ping_status":"","sticky":false,"template":"","format":"standard","meta":{"footnotes":""},"categories":[42],"tags":[17,18,13171,13,14,11,61,62,63,64,19,20,890,9,10,15,16,12,21,22,1617,65,66,67],"class_list":["post-748521","post","type-post","status-publish","format-standard","has-post-thumbnail","category-internacional","tag-breaking-news","tag-breakingnews","tag-emigracion","tag-featured-news","tag-featurednews","tag-headlines","tag-internacional","tag-international","tag-international-news","tag-internationalnews","tag-latest-news","tag-latestnews","tag-migrantes","tag-news","tag-noticias","tag-noticias-destacadas","tag-noticiasdestacadas","tag-titulares","tag-ultimas-noticias","tag-ultimasnoticias","tag-union-europea","tag-world","tag-world-news","tag-worldnews"],"share_on_mastodon":{"url":"https:\/\/pubeurope.com\/@es\/117216101381284774","error":""},"_links":{"self":[{"href":"https:\/\/www.europesays.com\/es\/wp-json\/wp\/v2\/posts\/748521","targetHints":{"allow":["GET"]}}],"collection":[{"href":"https:\/\/www.europesays.com\/es\/wp-json\/wp\/v2\/posts"}],"about":[{"href":"https:\/\/www.europesays.com\/es\/wp-json\/wp\/v2\/types\/post"}],"author":[{"embeddable":true,"href":"https:\/\/www.europesays.com\/es\/wp-json\/wp\/v2\/users\/2"}],"replies":[{"embeddable":true,"href":"https:\/\/www.europesays.com\/es\/wp-json\/wp\/v2\/comments?post=748521"}],"version-history":[{"count":0,"href":"https:\/\/www.europesays.com\/es\/wp-json\/wp\/v2\/posts\/748521\/revisions"}],"wp:featuredmedia":[{"embeddable":true,"href":"https:\/\/www.europesays.com\/es\/wp-json\/wp\/v2\/media\/748522"}],"wp:attachment":[{"href":"https:\/\/www.europesays.com\/es\/wp-json\/wp\/v2\/media?parent=748521"}],"wp:term":[{"taxonomy":"category","embeddable":true,"href":"https:\/\/www.europesays.com\/es\/wp-json\/wp\/v2\/categories?post=748521"},{"taxonomy":"post_tag","embeddable":true,"href":"https:\/\/www.europesays.com\/es\/wp-json\/wp\/v2\/tags?post=748521"}],"curies":[{"name":"wp","href":"https:\/\/api.w.org\/{rel}","templated":true}]}}