{"id":748527,"date":"2026-09-05T02:44:32","date_gmt":"2026-09-05T02:44:32","guid":{"rendered":"https:\/\/www.europesays.com\/es\/748527\/"},"modified":"2026-09-05T02:44:32","modified_gmt":"2026-09-05T02:44:32","slug":"el-cultural-leonesa-cantabria-se-jugara-en-el-felipe-minambres-el-9-de-septiembre","status":"publish","type":"post","link":"https:\/\/www.europesays.com\/es\/748527\/","title":{"rendered":"El Cultural Leonesa &#8211; Cantabria se jugar\u00e1 en el Felipe Mi\u00f1ambres el 9 de septiembre"},"content":{"rendered":"<p class=\"paragraph\">Astorga albergar\u00e1 el pr\u00f3ximo 9 de septiembre el partido entre la Cultural Baloncesto y el Grupo Alega Cantabria. Ser\u00e1 en el Pabell\u00f3n de Deportes Felipe Mi\u00f1ambres a partir de las 20.30 horas.<\/p>\n<p class=\"paragraph\">En encuentro servir\u00e1 adem\u00e1s al equipo leon\u00e9s para preparar su desembarco en la Copa de Espa\u00f1a en el presente curso y a \u00e9l podr\u00e1n asistir todos los aficionados que lo deseen al ser la entrada de car\u00e1cter gratuito.<\/p>\n<p class=\"paragraph\">La presentaci\u00f3n oficial de esta nueva iniciativa en la capital maragata cont\u00f3 con la presencia del alcalde Jos\u00e9 Luis Nieto y del concejal de Deportes Juli\u00e1n Garc\u00eda, as\u00ed como del embajador de la secci\u00f3n de baloncesto de la Cultural y ex jugador Julio Gonz\u00e1lez.<\/p>\n<p class=\"paragraph\">Nieto, que agradeci\u00f3 al propio Julio y a Alejandro, responsable de la secci\u00f3n de baloncesto del club leon\u00e9s el haber elegido la ciudad bimilenaria como escenario de uno de los test de pretemporada, incidi\u00f3 en la importancia que el deporte tiene en la ciudad y la apuesta por parte del equipo de gobierno municipal en apoyar todo tipo de iniciativas. Y tambi\u00e9n auspiciarlas. Una ciudad como destac\u00f3 el regidor, que siempre ha sido un escenario acogedor y amigo de clubes como la Cultural.<\/p>\n<p class=\"paragraph\">Julio Gonz\u00e1lez, por su parte, apuntaba a este encuentro como uno de los m\u00e1s destacados en la preparaci\u00f3n del equipo, dado el gran nivel del rival, el Alega Cantabria, que milita en la Primera FEB y que esta temporada aspira a disputar el play off de ascenso a la ACB.<\/p>\n<p class=\"paragraph\">Por su parte, Juli\u00e1n Garc\u00eda destacaba el papel que siempre ha tenido el baloncesto en Astorga. Prueba de ello es que en la actualidad la escuela municipal de este deporte cuenta con 90 alumnos. Una cifra considerable. Muchos de sus alumnos ser\u00e1n espectadores el 9 de septiembre del partido Cultural-Cantabria.<\/p>\n","protected":false},"excerpt":{"rendered":"Astorga albergar\u00e1 el pr\u00f3ximo 9 de septiembre el partido entre la Cultural Baloncesto y el Grupo Alega Cantabria.&hellip;\n","protected":false},"author":2,"featured_media":748528,"comment_status":"","ping_status":"","sticky":false,"template":"","format":"standard","meta":{"footnotes":""},"categories":[269],"tags":[5872,299,298,2771,168,25,24,23,167],"class_list":["post-748527","post","type-post","status-publish","format-standard","has-post-thumbnail","category-baloncesto","tag-astorga","tag-baloncesto","tag-basketball","tag-cantabria","tag-deportes","tag-es","tag-espana","tag-spain","tag-sports"],"share_on_mastodon":{"url":"https:\/\/pubeurope.com\/@es\/117216140918767103","error":""},"_links":{"self":[{"href":"https:\/\/www.europesays.com\/es\/wp-json\/wp\/v2\/posts\/748527","targetHints":{"allow":["GET"]}}],"collection":[{"href":"https:\/\/www.europesays.com\/es\/wp-json\/wp\/v2\/posts"}],"about":[{"href":"https:\/\/www.europesays.com\/es\/wp-json\/wp\/v2\/types\/post"}],"author":[{"embeddable":true,"href":"https:\/\/www.europesays.com\/es\/wp-json\/wp\/v2\/users\/2"}],"replies":[{"embeddable":true,"href":"https:\/\/www.europesays.com\/es\/wp-json\/wp\/v2\/comments?post=748527"}],"version-history":[{"count":0,"href":"https:\/\/www.europesays.com\/es\/wp-json\/wp\/v2\/posts\/748527\/revisions"}],"wp:featuredmedia":[{"embeddable":true,"href":"https:\/\/www.europesays.com\/es\/wp-json\/wp\/v2\/media\/748528"}],"wp:attachment":[{"href":"https:\/\/www.europesays.com\/es\/wp-json\/wp\/v2\/media?parent=748527"}],"wp:term":[{"taxonomy":"category","embeddable":true,"href":"https:\/\/www.europesays.com\/es\/wp-json\/wp\/v2\/categories?post=748527"},{"taxonomy":"post_tag","embeddable":true,"href":"https:\/\/www.europesays.com\/es\/wp-json\/wp\/v2\/tags?post=748527"}],"curies":[{"name":"wp","href":"https:\/\/api.w.org\/{rel}","templated":true}]}}