{"id":748529,"date":"2026-09-05T02:45:14","date_gmt":"2026-09-05T02:45:14","guid":{"rendered":"https:\/\/www.europesays.com\/es\/748529\/"},"modified":"2026-09-05T02:45:14","modified_gmt":"2026-09-05T02:45:14","slug":"ferran-torres-celebra-la-renovacion-de-luis-enrique-con-una-derrota","status":"publish","type":"post","link":"https:\/\/www.europesays.com\/es\/748529\/","title":{"rendered":"Ferran Torres &#8216;celebra&#8217; la renovaci\u00f3n de Luis Enrique con una derrota"},"content":{"rendered":"<p class=\"ft-text\">Disputadas ya tres jornadas de la Ligue 1,<strong> el Paris Saint-Germain contin\u00faa sin sumar su primera victoria de la temporada<\/strong>. Los parisinos llegaban al partido ante el M\u00f3naco con dos empates en su casillero y este viernes sumaron su primera derrota de curso<strong>. El exazulgrana Ferran Torres salt\u00f3 al campo a falta de media hora para el final y le anularon un gol en el minuto 84 por un fuera de juego previo en la misma jugada<\/strong>. <\/p>\n<p class=\"ft-text\">Le est\u00e1 costando arrancar el motor al campe\u00f3n de Europa, que suma 2 puntos de 9 posibles en liga hasta ahora y perdi\u00f3 la Supercopa de Francia ante el Lens (1-0). La \u00fanica alegr\u00eda para los &#8216;rouge et bleu&#8217; fue el triunfo en la Supercopa de Europa contra el Aston Villa (2-1).<\/p>\n<p class=\"ft-text\">Minutos antes de iniciarse el encuentro, <a class=\"ft-link ft-link--decoration\" href=\"https:\/\/www.sport.es\/es\/noticias\/futbol-internacional\/psg\/psg-blinda-proyecto-luis-enrique-133967404\" rel=\"nofollow noopener\" target=\"_blank\">el PSG hab\u00eda anunciado las renovaciones de Luis Enrique y cuatro jugadores de una tacada<\/a>. El asturiano ampl\u00eda su contrato hasta 2030; Joao Neves, Pacho, Beraldo y Mayulu hasta 2031; y el espa\u00f1ol Fabi\u00e1n hasta 2028. La noticia cogi\u00f3 a los espectadores presentes en el Parque de los Pr\u00edncipes por sorpresa, pero a nadie le amarga un dulce.<\/p>\n<p class=\"ft-text\">Esta vez, adem\u00e1s, el equipo ayud\u00f3 al salir al partido mucho mejor que ante el Lille. <strong>Akliouche<\/strong>, firmado este verano por 50 &#8216;kilos&#8217; procedente del M\u00f3naco, fue el elegido para ocupar la punta de lanza con <strong>Kvaratskhelia<\/strong> y <strong>Dou\u00e9 <\/strong>en las bandas. El extremo galo puso a prueba los reflejos de Hr\u00e1deck\u00fd con un remate de puntera desde dentro del \u00e1rea que el meta se sac\u00f3 de encima como pudo. Era el primer aviso serio de los parisinos despu\u00e9s de unos primeros minutos de mucho control.<\/p>\n<p class=\"ft-text\"><strong>Llegaba el PSG sobre el \u00e1rea contraria con facilidad, pero le estaba faltando finura en los \u00faltimos metros.<\/strong> Algo t\u00edpico en los primeros partidos de la temporada, a los que los jugadores llegan con las piernas muy pesadas.<strong> Hasta que Fabi\u00e1n filtr\u00f3 un pase a la espalda de la zaga del M\u00f3naco para conectar con Kvaratskhelia y Marquinhos aprovech\u00f3 un regalo del georgiano para mandar el bal\u00f3n a la red con el pecho<\/strong>. Por aquel entonces, el nervioso Hakimi ya estaba empezando a aparecer por todos los lados, incluido en el puesto de delantero centro. Cuando se pone, es indetectable para las defensas rivales. El M\u00f3naco solo creaba algo de peligro a la contra, pero todos sus ataques mor\u00edan en la orilla.<\/p>\n<p class=\"ft-text\"><strong>Muy distinta fue la puesta en escena de los de Filipe Lu\u00eds tras el descanso<\/strong>. Aumentaron un par de velocidades y<strong> encontraron el premio en un cabezazo en el segundo palo del luso Nazinho, que devolvi\u00f3 las tablas al marcador. La respuesta de Luis Enrique fue dar entrada a Ferran Torres, Godts y Demb\u00e9l\u00e9<\/strong>, un ataque completamente nuevo.<strong> En un acci\u00f3n aislada, sin embargo, el M\u00f3naco anot\u00f3 el segundo con un zurdazo de Idumbo al palo corto que sorprendi\u00f3 a Safonov y puso el partido patas arriba<\/strong>. <\/p>\n<p class=\"ft-text\">De ah\u00ed al final del partido el PSG lo intent\u00f3 por tierra, mar y aire sin suerte. Lo m\u00e1s cerca que estuvieron los de Luis Enrique del empate fue en el<strong> gol anulado a Ferran Torres<\/strong> y en un disparo de Demb\u00e9l\u00e9 en el \u00faltimo suspiro que Hr\u00e1deck\u00fd desvi\u00f3 a c\u00f3rner con una parada a mano cambiada espectacular.<\/p>\n","protected":false},"excerpt":{"rendered":"Disputadas ya tres jornadas de la Ligue 1, el Paris Saint-Germain contin\u00faa sin sumar su primera victoria de&hellip;\n","protected":false},"author":2,"featured_media":748530,"comment_status":"","ping_status":"","sticky":false,"template":"","format":"standard","meta":{"footnotes":""},"categories":[268],"tags":[6951,168,25,24,27571,23624,280,282,7820,10402,1135,281,23,167,4655],"class_list":["post-748529","post","type-post","status-publish","format-standard","has-post-thumbnail","category-futbol","tag-celebra","tag-deportes","tag-es","tag-espana","tag-ferran","tag-ferran-torres","tag-football","tag-futbol","tag-luis","tag-luis-enrique","tag-renovacion","tag-soccer","tag-spain","tag-sports","tag-torres"],"share_on_mastodon":{"url":"https:\/\/pubeurope.com\/@es\/117216144862824269","error":""},"_links":{"self":[{"href":"https:\/\/www.europesays.com\/es\/wp-json\/wp\/v2\/posts\/748529","targetHints":{"allow":["GET"]}}],"collection":[{"href":"https:\/\/www.europesays.com\/es\/wp-json\/wp\/v2\/posts"}],"about":[{"href":"https:\/\/www.europesays.com\/es\/wp-json\/wp\/v2\/types\/post"}],"author":[{"embeddable":true,"href":"https:\/\/www.europesays.com\/es\/wp-json\/wp\/v2\/users\/2"}],"replies":[{"embeddable":true,"href":"https:\/\/www.europesays.com\/es\/wp-json\/wp\/v2\/comments?post=748529"}],"version-history":[{"count":0,"href":"https:\/\/www.europesays.com\/es\/wp-json\/wp\/v2\/posts\/748529\/revisions"}],"wp:featuredmedia":[{"embeddable":true,"href":"https:\/\/www.europesays.com\/es\/wp-json\/wp\/v2\/media\/748530"}],"wp:attachment":[{"href":"https:\/\/www.europesays.com\/es\/wp-json\/wp\/v2\/media?parent=748529"}],"wp:term":[{"taxonomy":"category","embeddable":true,"href":"https:\/\/www.europesays.com\/es\/wp-json\/wp\/v2\/categories?post=748529"},{"taxonomy":"post_tag","embeddable":true,"href":"https:\/\/www.europesays.com\/es\/wp-json\/wp\/v2\/tags?post=748529"}],"curies":[{"name":"wp","href":"https:\/\/api.w.org\/{rel}","templated":true}]}}