{"id":748539,"date":"2026-09-05T02:53:24","date_gmt":"2026-09-05T02:53:24","guid":{"rendered":"https:\/\/www.europesays.com\/es\/748539\/"},"modified":"2026-09-05T02:53:24","modified_gmt":"2026-09-05T02:53:24","slug":"el-impacto-del-calor-extremo-en-la-salud-femenina-menstruaciones-mas-cortas-intensas-o-con-mas-sangrado","status":"publish","type":"post","link":"https:\/\/www.europesays.com\/es\/748539\/","title":{"rendered":"El impacto del calor extremo en la salud femenina: menstruaciones m\u00e1s cortas, intensas o con m\u00e1s sangrado"},"content":{"rendered":"<p>El calor extremo puede afectar el ciclo menstrual de las mujeres. Expertos sugieren que el estr\u00e9s t\u00e9rmico podr\u00eda provocar ciclos irregulares, sangrados m\u00e1s abundantes y cambios hormonales. Aunque existen evidencias limitadas, algunos estudios muestran correlaciones entre altas temperaturas y trastornos menstruales, aunque se resalta que el fen\u00f3meno es multifactorial.<\/p>\n<p>\u201cNo es descabellado extrapolar que el estr\u00e9s t\u00e9rmico puede afectar al ciclo menstrual. Pero achacar los desajustes solo al calor extremo es dif\u00edcil. Probablemente es un tema multifactorial. Influyen tambi\u00e9n los cambios en los h\u00e1bitos, en la alimentaci\u00f3n, en la hidrataci\u00f3n y en el descanso\u201d, se\u00f1al\u00f3 al medio espa\u00f1ol El Pa\u00eds la ginec\u00f3loga Ana Robles, del Hospital del Mar de Barcelona.<\/p>\n<p>Entre tanto, <a href=\"https:\/\/www.sciencedirect.com\/science\/article\/abs\/pii\/S0306456525002591\" data-type=\"link\" data-id=\"https:\/\/www.sciencedirect.com\/science\/article\/abs\/pii\/S0306456525002591\" target=\"_blank\" rel=\"noreferrer noopener nofollow\">una revisi\u00f3n de investigadores nigerianos publicada en 2025<\/a> concluy\u00f3 que, en las mujeres, el estr\u00e9s t\u00e9rmico provoca ciclos menstruales irregulares, desequilibrios hormonales y disminuci\u00f3n de la funci\u00f3n ov\u00e1rica.\u00a0Enfatiz\u00f3 que las g\u00f3nadas, tanto ovarios como test\u00edculos, son particularmente sensibles a las altas temperaturas.<\/p>\n<p>Tambi\u00e9n refiri\u00f3 El Pa\u00eds que otro\u00a0<a href=\"https:\/\/www.frontiersin.org\/journals\/physiology\/articles\/10.3389\/fphys.2022.994990\/full\" target=\"_blank\" rel=\"nofollow noopener\">estudio realizado en China<\/a>,\u00a0con un centenar de mujeres que trabajaban en regiones con climas distintos, determin\u00f3 que la incidencia de trastornos menstruales fue significativamente mayor en el grupo que viv\u00eda en zonas con temperaturas altas.\u00a0<\/p>\n<p>Efectos biol\u00f3gicos del calor en mujeres<\/p>\n<p><strong>Vulnerabilidad fisiol\u00f3gica<\/strong>. Las mujeres son m\u00e1s susceptibles a las altas temperaturas debido a diferencias fisiol\u00f3gicas y mecanismos de termorregulaci\u00f3n. Se tardan m\u00e1s en sudar y su temperatura basal var\u00eda durante el ciclo menstrual. Esto puede resultar en una mayor incomodidad y agotamiento por calor.<\/p>\n<p><strong>Efectos psicol\u00f3gicos<\/strong>. El estr\u00e9s t\u00e9rmico no solo afecta de forma f\u00edsica, sino tambi\u00e9n emocional. Se ha relacionado el calor con el aumento de emociones negativas, lo que puede influir en la salud menstrual. La calidad del sue\u00f1o deteriorada y el estr\u00e9s psicol\u00f3gico son factores que amplifican los trastornos menstruales.<\/p>\n<p>\t\t\t\t\t\t<a href=\"https:\/\/laopinion.com\/2026\/08\/06\/el-calor-extremo-esta-cambiando-la-vida-de-los-estadounidenses-cual-es-su-impacto\/\" title=\"El calor extremo est\u00e1 cambiando la vida de los estadounidenses: \u00bfcu\u00e1l es su impacto?\" rel=\"nofollow noopener\" target=\"_blank\"><br \/>\n\t\t\t\t\t\t\t<img loading=\"lazy\" decoding=\"async\" width=\"100\" height=\"100\" src=\"https:\/\/www.europesays.com\/es\/wp-content\/uploads\/2026\/09\/calor-extremo.jpg\" alt=\"El calor extremo est\u00e1 cambiando la vida de los estadounidenses: \u00bfcu\u00e1l es su impacto?\" class=\"lazyload\"\/>\t\t\t\t\t\t<\/a><\/p>\n<p>Riesgos cardiovasculares asociados<\/p>\n<p>Las mujeres tienen un mayor riesgo de complicaciones cardiovasculares en condiciones de calor extremo. Los cambios en la vasodilataci\u00f3n y la respuesta cardiovascular aumentan el esfuerzo del coraz\u00f3n, lo que puede resultar peligroso, especialmente en mujeres menop\u00e1usicas o enfermas. <\/p>\n<p>La mortalidad relacionada con el calor es notablemente m\u00e1s alta en mujeres que en hombres, especialmente entre las m\u00e1s vulnerables.<\/p>\n<p>Salud y condiciones ambientales<\/p>\n<p>Factores como el entorno laboral, la soledad y las condiciones socioecon\u00f3micas tambi\u00e9n influyen en la salud de las mujeres durante episodios de calor. <\/p>\n<p>Un perfil de mayor riesgo incluye a mujeres mayores, con enfermedades, en \u00e1reas de bajos recursos y sin acceso a refrigeraci\u00f3n adecuada. Esto subraya la necesidad de abordar las desigualdades en salud en el contexto del cambio clim\u00e1tico.<\/p>\n<p>Mitigaci\u00f3n del calor extremo<\/p>\n<p>El calor extremo puede empeorar s\u00edntomas menstruales como dolor, hinchaz\u00f3n, fatiga e incluso alterar la regularidad del ciclo; para mitigarlo, conviene combinar hidrataci\u00f3n, descanso, control del ambiente y cuidado de la dieta.<\/p>\n<p><strong>Medidas \u00fatiles<\/strong><\/p>\n<ul class=\"wp-block-list\">\n<li>Beber agua con frecuencia, sin esperar a tener sed, y reducir alcohol, caf\u00e9 y bebidas muy azucaradas o carbonatadas.<\/li>\n<li>Mantener el cuerpo y el dormitorio frescos: duchas fr\u00edas, pa\u00f1os fr\u00edos en cuello y pecho, ventilaci\u00f3n y ropa ligera\/transpirable.<\/li>\n<li>Dormir mejor: intentar una habitaci\u00f3n fresca, ducharse antes de acostarse y mantener horarios de sue\u00f1o regulares.<\/li>\n<li>Ajustar la alimentaci\u00f3n: m\u00e1s frutas, verduras, fibra y alimentos que repongan sales si has sudado mucho, sin excederte con la sal.<\/li>\n<li>No dejar de moverte por completo: hacer ejercicio suave a primera hora o al final del d\u00eda puede ayudar con los s\u00edntomas premenstruales.<\/li>\n<li>Reducir el estr\u00e9s con respiraci\u00f3n, yoga o meditaci\u00f3n, porque el estr\u00e9s t\u00e9rmico puede empeorar la percepci\u00f3n del dolor y la fatiga.<\/li>\n<li>Cuidar la zona \u00edntima: ropa interior de algod\u00f3n, evitar prendas muy ce\u00f1idas, no permanecer con ropa h\u00fameda y mantener la zona seca para disminuir irritaci\u00f3n e infecciones.<\/li>\n<\/ul>\n<p><strong>Sigue leyendo:<\/strong><\/p>\n<p><strong>\u00b7<\/strong> <a href=\"https:\/\/laopinion.com\/2026\/08\/16\/no-todos-los-quistes-son-peligrosos-estas-son-senales-de-alerta-de-las-que-debes-preocuparte\/\" data-type=\"link\" data-id=\"https:\/\/laopinion.com\/2026\/08\/16\/no-todos-los-quistes-son-peligrosos-estas-son-senales-de-alerta-de-las-que-debes-preocuparte\/\" target=\"_blank\" rel=\"noreferrer noopener nofollow\"><strong>No todos los quistes son peligrosos, estas son se\u00f1ales de alerta de las que debes preocuparte<\/strong><\/a><br \/><strong>\u00b7<\/strong> <a href=\"https:\/\/laopinion.com\/2026\/07\/27\/anorexia-y-bulimia-dos-caras\" data-type=\"link\" data-id=\"https:\/\/laopinion.com\/2026\/07\/27\/anorexia-y-bulimia-dos-caras\" target=\"_blank\" rel=\"noreferrer noopener nofollow\"><strong>Anorexia y bulimia: dos caras complejas de un mismo sufrimiento<\/strong><\/a><br \/><strong>\u00b7<\/strong> <a href=\"https:\/\/laopinion.com\/2026\/08\/07\/como-dormir-mejor-cuando-el-calor-no-da-tregua\/\" data-type=\"link\" data-id=\"https:\/\/laopinion.com\/2026\/08\/07\/como-dormir-mejor-cuando-el-calor-no-da-tregua\/\" target=\"_blank\" rel=\"noreferrer noopener nofollow\"><strong>C\u00f3mo dormir mejor cuando el calor no da tregua<\/strong><\/a><\/p>\n","protected":false},"excerpt":{"rendered":"El calor extremo puede afectar el ciclo menstrual de las mujeres. Expertos sugieren que el estr\u00e9s t\u00e9rmico podr\u00eda&hellip;\n","protected":false},"author":2,"featured_media":748540,"comment_status":"","ping_status":"","sticky":false,"template":"","format":"standard","meta":{"footnotes":""},"categories":[92],"tags":[18883,25,24,165,132973,2461,166,23],"class_list":["post-748539","post","type-post","status-publish","format-standard","has-post-thumbnail","category-salud","tag-calor-extremo","tag-es","tag-espana","tag-health","tag-menstruaciu00f3n","tag-mujer","tag-salud","tag-spain"],"share_on_mastodon":{"url":"https:\/\/pubeurope.com\/@es\/117216176991833777","error":""},"_links":{"self":[{"href":"https:\/\/www.europesays.com\/es\/wp-json\/wp\/v2\/posts\/748539","targetHints":{"allow":["GET"]}}],"collection":[{"href":"https:\/\/www.europesays.com\/es\/wp-json\/wp\/v2\/posts"}],"about":[{"href":"https:\/\/www.europesays.com\/es\/wp-json\/wp\/v2\/types\/post"}],"author":[{"embeddable":true,"href":"https:\/\/www.europesays.com\/es\/wp-json\/wp\/v2\/users\/2"}],"replies":[{"embeddable":true,"href":"https:\/\/www.europesays.com\/es\/wp-json\/wp\/v2\/comments?post=748539"}],"version-history":[{"count":0,"href":"https:\/\/www.europesays.com\/es\/wp-json\/wp\/v2\/posts\/748539\/revisions"}],"wp:featuredmedia":[{"embeddable":true,"href":"https:\/\/www.europesays.com\/es\/wp-json\/wp\/v2\/media\/748540"}],"wp:attachment":[{"href":"https:\/\/www.europesays.com\/es\/wp-json\/wp\/v2\/media?parent=748539"}],"wp:term":[{"taxonomy":"category","embeddable":true,"href":"https:\/\/www.europesays.com\/es\/wp-json\/wp\/v2\/categories?post=748539"},{"taxonomy":"post_tag","embeddable":true,"href":"https:\/\/www.europesays.com\/es\/wp-json\/wp\/v2\/tags?post=748539"}],"curies":[{"name":"wp","href":"https:\/\/api.w.org\/{rel}","templated":true}]}}