{"id":748543,"date":"2026-09-05T02:56:27","date_gmt":"2026-09-05T02:56:27","guid":{"rendered":"https:\/\/www.europesays.com\/es\/748543\/"},"modified":"2026-09-05T02:56:27","modified_gmt":"2026-09-05T02:56:27","slug":"synology-amplia-la-proteccion-hibrida-e-ia-en-activeprotect-manager-2-0","status":"publish","type":"post","link":"https:\/\/www.europesays.com\/es\/748543\/","title":{"rendered":"Synology ampl\u00eda la protecci\u00f3n h\u00edbrida e IA en ActiveProtect Manager 2.0"},"content":{"rendered":"<p><strong>Synology<\/strong>\u00a0ha anunciado hoy el lanzamiento oficial de\u00a0<strong>ActiveProtect Manager 2.0<\/strong>\u00a0(<strong>APM 2.0<\/strong>), la \u00faltima versi\u00f3n de software dedicada a su gama de dispositivos de seguridad y protecci\u00f3n de datos\u00a0<strong>ActiveProtect<\/strong>.<\/p>\n<p>ActiveProtect Manager 2.0<\/p>\n<p>Esta versi\u00f3n ampl\u00eda significativamente la interoperabilidad del sistema al permitir a las corporaciones proteger infraestructuras h\u00edbridas complejas mediante una soluci\u00f3n centralizada y escalable. El lanzamiento introduce la recuperaci\u00f3n de cargas de trabajo entre distintas plataformas en la nube y entornos locales, adem\u00e1s de asentar las bases para la mitigaci\u00f3n proactiva de ciberamenazas mediante algoritmos de inteligencia artificial (IA).<\/p>\n<p>Expansi\u00f3n de compatibilidad h\u00edbrida y recuperaci\u00f3n entre plataformas<\/p>\n<p>El principal valor estrat\u00e9gico de\u00a0<strong>APM 2.0<\/strong> radica en su capacidad para unificar la gesti\u00f3n del almacenamiento y las copias de seguridad de m\u00faltiples entornos en una interfaz centralizada. La actualizaci\u00f3n ampl\u00eda la protecci\u00f3n nativa de datos de la plataforma a infraestructuras cr\u00edticas en la nube y entornos de virtualizaci\u00f3n, incluyendo\u00a0<strong>Amazon EC2<\/strong>,\u00a0<strong>Azure VM<\/strong>,\u00a0<strong>Proxmox VE<\/strong>,\u00a0<strong>Nutanix AHV<\/strong>\u00a0y la suite de productividad empresarial\u00a0<strong>Google Workspace<\/strong>. Gracias a la funci\u00f3n de recuperaci\u00f3n entre plataformas, las empresas pueden respaldar cargas de trabajo en un entorno determinado y restaurarlas de forma fluida en otro distinto, facilitando tanto los planes de recuperaci\u00f3n ante desastres en la nube (Cloud DR) como la migraci\u00f3n \u00e1gil de servicios inform\u00e1ticos sin dependencia de hardware local.<\/p>\n<p>Por otro lado,\u00a0<strong>Synology<\/strong> ha diversificado los destinos de almacenamiento compatibles para las copias de seguridad. El repositorio de seguridad\u00a0<strong>ActiveProtect Vault<\/strong>\u00a0ahora ofrece compatibilidad ampliada con una mayor variedad de dispositivos de almacenamiento conectado en red\u00a0<strong>Synology NAS<\/strong>. Asimismo, la multinacional integra <strong>Azure Blob Storage<\/strong> en su cat\u00e1logo de destinos validados para la realizaci\u00f3n de copias y almacenamiento jer\u00e1rquico por niveles. Estas copias de seguridad almacenadas en repositorios de nube p\u00fablica como <strong>Amazon S3 Storage<\/strong>\u00a0o la propia plataforma de Microsoft se pueden recuperar directamente como instancias activas de c\u00f3mputo en\u00a0<strong>Amazon EC2<\/strong>\u00a0o\u00a0<strong>Azure VM<\/strong>, reduciendo sensiblemente los tiempos de inactividad de las plantillas en caso de un incidente grave de TI.<\/p>\n<p>Ciberseguridad proactiva y mitigaci\u00f3n de ciberamenazas por IA<\/p>\n<p>En el \u00e1mbito de la seguridad de la informaci\u00f3n,\u00a0<strong>APM 2.0<\/strong> introduce un sistema de cifrado a nivel de volumen mediante software para blindar los datos almacenados en reposo. Este mecanismo impide accesos no autorizados a la informaci\u00f3n o a la propia configuraci\u00f3n del sistema en situaciones cr\u00edticas de p\u00e9rdida o robo f\u00edsico del equipamiento de hardware. Adicionalmente, el fabricante ha perfilado el desarrollo de su pr\u00f3xima actualizaci\u00f3n, denominada <strong>APM 2.1<\/strong>, que se centrar\u00e1 en la respuesta proactiva ante ciberamenazas a trav\u00e9s de tecnolog\u00edas de aprendizaje autom\u00e1tico (ML) e inteligencia artificial.<\/p>\n<p>Esta futura versi\u00f3n incorporar\u00e1 un m\u00f3dulo de detecci\u00f3n de anomal\u00edas capaz de analizar de forma automatizada cada versi\u00f3n de las copias de seguridad generadas. El algoritmo examinar\u00e1 variables cr\u00edticas como las tasas de modificaci\u00f3n, la alteraci\u00f3n inusual o eliminaci\u00f3n masiva de archivos y las variaciones de entrop\u00eda de los datos. Ante cualquier indicio de anomal\u00eda o posible infecci\u00f3n por ransomware, el sistema trasladar\u00e1 las copias bajo sospecha a un entorno seguro de cuarentena para que los administradores de sistemas las investiguen de forma aislada, evitando el riesgo de propagaci\u00f3n de software malicioso dentro del cat\u00e1logo de backups. Adem\u00e1s, la herramienta de <strong>Synology<\/strong> utilizar\u00e1 el aprendizaje continuo para optimizar el porcentaje de aciertos y reducir los falsos positivos.<\/p>\n<p>Integraci\u00f3n de antivirus y disponibilidad comercial<\/p>\n<p>La versi\u00f3n\u00a0<strong>APM 2.1<\/strong> tambi\u00e9n automatizar\u00e1 el an\u00e1lisis de los archivos de copia de seguridad en busca de malware antes de que se autorice cualquier proceso de restauraci\u00f3n. Para ello, el software se integrar\u00e1 con soluciones de protecci\u00f3n antivirus desarrolladas por terceros de la industria de la ciberseguridad, destacando\u00a0<strong>Microsoft Defender<\/strong>,\u00a0<strong>Bitdefender<\/strong>\u00a0y\u00a0<strong>ESET<\/strong>. En caso de detectar una carga \u00fatil maliciosa en el \u00faltimo backup, la tecnolog\u00eda <strong>Auto Fallback<\/strong> de la marca revertir\u00e1 de manera automatizada el proceso para restaurar la versi\u00f3n limpia anterior m\u00e1s reciente.<\/p>\n<p>A nivel de costes,\u00a0<strong>ActiveProtect Manager 2.0<\/strong>\u00a0est\u00e1 disponible para todos los clientes que dispongan de dispositivos pertenecientes a la\u00a0<strong>serie DP<\/strong> sin ning\u00fan tipo de coste adicional asociado al licenciamiento de software.<\/p>\n<p>Como cierre del anuncio,\u00a0<strong>Marcos De Santiago<\/strong>, Business Unit Director en\u00a0<strong>Synology<\/strong>, vaticina que la fragmentaci\u00f3n de la infraestructura de copia de seguridad no solo incrementa de manera sustancial los costes de explotaci\u00f3n, sino que entorpece de forma cr\u00edtica los tiempos de respuesta y recuperaci\u00f3n frente a desastres. De acuerdo con el directivo, la integraci\u00f3n de almacenamiento de prop\u00f3sito espec\u00edfico con un programa de gesti\u00f3n unificado en <strong>ActiveProtect<\/strong> simplifica la inversi\u00f3n y permite proteger todo el ecosistema h\u00edbrido corporativo desde una sola consola centralizada.<\/p>\n","protected":false},"excerpt":{"rendered":"Synology\u00a0ha anunciado hoy el lanzamiento oficial de\u00a0ActiveProtect Manager 2.0\u00a0(APM 2.0), la \u00faltima versi\u00f3n de software dedicada a su&hellip;\n","protected":false},"author":2,"featured_media":748544,"comment_status":"","ping_status":"","sticky":false,"template":"","format":"standard","meta":{"footnotes":""},"categories":[81],"tags":[119,123,124,25,24,117,121,122,23,118,120],"class_list":["post-748543","post","type-post","status-publish","format-standard","has-post-thumbnail","category-ciencia-y-tecnologia","tag-ciencia","tag-ciencia-y-tecnologia","tag-cienciaytecnologia","tag-es","tag-espana","tag-science","tag-science-and-technology","tag-scienceandtechnology","tag-spain","tag-technology","tag-tecnologia"],"share_on_mastodon":{"url":"https:\/\/pubeurope.com\/@es\/117216188144880666","error":""},"_links":{"self":[{"href":"https:\/\/www.europesays.com\/es\/wp-json\/wp\/v2\/posts\/748543","targetHints":{"allow":["GET"]}}],"collection":[{"href":"https:\/\/www.europesays.com\/es\/wp-json\/wp\/v2\/posts"}],"about":[{"href":"https:\/\/www.europesays.com\/es\/wp-json\/wp\/v2\/types\/post"}],"author":[{"embeddable":true,"href":"https:\/\/www.europesays.com\/es\/wp-json\/wp\/v2\/users\/2"}],"replies":[{"embeddable":true,"href":"https:\/\/www.europesays.com\/es\/wp-json\/wp\/v2\/comments?post=748543"}],"version-history":[{"count":0,"href":"https:\/\/www.europesays.com\/es\/wp-json\/wp\/v2\/posts\/748543\/revisions"}],"wp:featuredmedia":[{"embeddable":true,"href":"https:\/\/www.europesays.com\/es\/wp-json\/wp\/v2\/media\/748544"}],"wp:attachment":[{"href":"https:\/\/www.europesays.com\/es\/wp-json\/wp\/v2\/media?parent=748543"}],"wp:term":[{"taxonomy":"category","embeddable":true,"href":"https:\/\/www.europesays.com\/es\/wp-json\/wp\/v2\/categories?post=748543"},{"taxonomy":"post_tag","embeddable":true,"href":"https:\/\/www.europesays.com\/es\/wp-json\/wp\/v2\/tags?post=748543"}],"curies":[{"name":"wp","href":"https:\/\/api.w.org\/{rel}","templated":true}]}}