{"id":748547,"date":"2026-09-05T02:58:38","date_gmt":"2026-09-05T02:58:38","guid":{"rendered":"https:\/\/www.europesays.com\/es\/748547\/"},"modified":"2026-09-05T02:58:38","modified_gmt":"2026-09-05T02:58:38","slug":"un-nuevo-escandalo-acorrala-a-farage-durante-el-congreso-anual-de-reform-uk","status":"publish","type":"post","link":"https:\/\/www.europesays.com\/es\/748547\/","title":{"rendered":"Un nuevo esc\u00e1ndalo acorrala a Farage durante el congreso anual de Reform UK"},"content":{"rendered":"<p>Nigel Farage lleg\u00f3 al congreso anual de Reform UK en Birmingham con la intenci\u00f3n de presentar a su partido como una alternativa preparada para gobernar, pero una investigaci\u00f3n encubierta alter\u00f3 el guion. <strong>Dos altos cargos se apartaron de sus puestos <\/strong>y el l\u00edder de Reform  &#8230; pas\u00f3 buena parte de la jornada negando que la formaci\u00f3n hubiera recibido dinero ilegal antes de exponer su programa para los primeros cien d\u00edas de un eventual Gobierno.<\/p>\n<p class=\"v-d-p\">El esc\u00e1ndalo estall\u00f3 despu\u00e9s de que una investigaci\u00f3n de Channel 4 News revelara conversaciones de Dan Jukes, estrecho colaborador de Farage, y James Orr, responsable de pol\u00edtica de Reform, sobre posibles v\u00edas de financiaci\u00f3n extranjera. Ambos se han apartado de sus puestos mientras el partido investiga lo ocurrido.<\/p>\n<p class=\"v-d-p\">Las grabaciones plantean dos asuntos. El primero afecta a tres encuestas que costaron 32.500 libras (unos 38.000 euros) y fueron pagadas por una empresa estadounidense. Sus resultados aparecieron despu\u00e9s en medios brit\u00e1nicos sin que se conociera p\u00fablicamente qui\u00e9n las hab\u00eda financiado. JL Partners, responsable de los sondeos, reconoci\u00f3 un \u00aberror de juicio\u00bb por no haberlo aclarado.<\/p>\n<ul class=\"v-cmp-rld__u\">\n<li class=\"v-cmp-rld__l\">\n<p><a class=\"v-a-lnk\" href=\"http:\/\/www.abc.es\/opinion\/carlos-granes-clacton-advertencia-20260827123042-nt.html#vtm_modulosEngag=noticiasrelacionadas-cmp-uno:internacional:noticia:1\" data-voc-vtm-id=\"in-text-traffic\" rel=\"nofollow noopener\" target=\"_blank\"><br \/>\n<img decoding=\"async\" loading=\"lazy\" src=\"https:\/\/www.europesays.com\/es\/wp-content\/uploads\/2026\/09\/800x500-populismo.gif\" class=\"v-a-img\" width=\"258\" height=\"180\" alt=\"Clacton como advertencia\"\/><br \/>\n<\/a><\/p>\n<\/li>\n<\/ul>\n<p class=\"v-d-p\">El segundo caso afecta a una posible donaci\u00f3n de 500.000 libras (en torno a 582.000 euros) que nunca lleg\u00f3 a efectuarse. En una conversaci\u00f3n, Jukes plantea que el dinero de un supuesto empresario estadounidense podr\u00eda llegar a Reform a trav\u00e9s de su hijo, residente en el Reino Unido. Las aportaciones extranjeras a los partidos brit\u00e1nicos est\u00e1n sometidas a restricciones, por lo que las revelaciones han provocado peticiones para que las autoridades investiguen si pudo existir alguna irregularidad.<\/p>\n<p class=\"v-d-p\">La investigaci\u00f3n alcanz\u00f3 al propio Farage, que particip\u00f3 en un almuerzo con quienes cre\u00eda que eran posibles donantes. Este viernes asegur\u00f3 que hab\u00eda preguntado si la operaci\u00f3n hab\u00eda sido \u00abrevisada legalmente\u00bb y si \u00abtodo estaba en regla\u00bb. \u00abNo soy un experto en c\u00f3mo funcionan los fideicomisos familiares. No le di m\u00e1s vueltas\u00bb, afirm\u00f3.<\/p>\n<p>\nFallos internos\n<\/p>\n<p class=\"v-d-p\">El l\u00edder de Reform neg\u00f3 cualquier ilegalidad. \u00abNo hemos recibido ni un solo penique de financiaci\u00f3n ilegal\u00bb, asegur\u00f3. Describi\u00f3 parte de las conversaciones como \u00abcharlas de bar\u00bb y reconoci\u00f3 fallos internos. \u00ab\u00bfTenemos que hacerlo mejor a medida que nos profesionalizamos? S\u00ed, absolutamente\u00bb, admiti\u00f3, antes de se\u00f1alar que hubo \u00aberror humano\u00bb. Farage sostiene que Jukes y Orr no formaban parte del equipo de recaudaci\u00f3n.<\/p>\n<p class=\"v-d-p\">La pol\u00e9mica result\u00f3 especialmente inc\u00f3moda porque Reform hab\u00eda concebido el congreso como una demostraci\u00f3n de su capacidad para gobernar. <a href=\"https:\/\/www.abc.es\/internacional\/polemica-francia-propuesta-pen-prohibir-velo-musulman-20260902180440-nt.html\" target=\"_self\" data-voc-vtm-id=\"in-text-traffic\" data-mrf-link=\"www.abc.es\" rel=\"nofollow noopener\">Jordan Bardella,<\/a> presidente de la ultraderechista Agrupaci\u00f3n Nacional (RN) francesa y principal invitado internacional, calific\u00f3 las acusaciones de \u00abcortina de humo\u00bb y mantuvo su respaldo a Farage. Ambos firmaron un memorando sobre inmigraci\u00f3n irregular a trav\u00e9s del canal de la Mancha que establece que, si Reform gobierna el Reino Unido y RN llega al poder en Francia, Londres interceptar\u00eda las embarcaciones procedentes de las costas francesas y devolver\u00eda a Francia a sus ocupantes, que quedar\u00edan sujetos a la legislaci\u00f3n francesa sobre expulsiones. Farage lo present\u00f3 como una \u00abnueva Entente Cordiale\u00bb y asegur\u00f3 que permitir\u00eda \u00abdetener las embarcaciones para siempre\u00bb.<\/p>\n<p class=\"v-a-t\">\nBardella, presidente de la ultraderechista Agrupaci\u00f3n Nacional (RN) francesa, calific\u00f3 las acusaciones de \u00abcortina de humo\u00bb y mantuvo su respaldo a Farage\n<\/p>\n<p class=\"v-d-p\">La jornada sufri\u00f3 otro contratiempo antes del discurso principal. Greenpeace despleg\u00f3 detr\u00e1s del escenario una pancarta en la que Farage aparec\u00eda caracterizado como el personaje de Monopoly junto al mensaje \u00abRecauda cinco millones de libras, quema el planeta\u00bb. Agentes y personal de seguridad inspeccionaron despu\u00e9s la zona. \u00abSiento que nos hayamos retrasado. Ha sido por una alerta de seguridad y me dijeron que, por razones de seguridad, no pod\u00eda subir al escenario\u00bb, explic\u00f3 Farage cuando compareci\u00f3 ante los delegados.<\/p>\n<p class=\"v-d-p\">Farage trat\u00f3 de devolver la atenci\u00f3n a su proyecto pol\u00edtico, pero <strong>su intervenci\u00f3n sufri\u00f3 varias interrupciones de manifestantes.<\/strong> \u00abTenemos otro a\u00f1o y otro primer ministro, el s\u00e9ptimo en diez a\u00f1os\u00bb, afirm\u00f3 antes de presentar esa sucesi\u00f3n como una prueba de que \u00abel Reino Unido est\u00e1 roto\u00bb. Tambi\u00e9n pronostic\u00f3 elecciones generales en la primavera de 2027 y acus\u00f3 al primer ministro, Andy Burnham, de carecer de \u00abmandato\u00bb.<\/p>\n<p class=\"v-d-p\">Farage prometi\u00f3 convertir los primeros cien d\u00edas de un eventual Gobierno de Reform en una demostraci\u00f3n inmediata de autoridad. Anunci\u00f3 que declarar\u00eda una \u00abemergencia nacional\u00bb, cancelar\u00eda el receso parlamentario y mantendr\u00eda al <a href=\"https:\/\/www.abc.es\/internacional\/starmer-anuncia-abandona-parlamento-centrarse-politica-internacional-20260901162736-nt.html\" target=\"_self\" data-voc-vtm-id=\"in-text-traffic\" data-mrf-link=\"www.abc.es\" rel=\"nofollow noopener\">Parlamento<\/a> reunido seis d\u00edas a la semana, hasta 24 horas al d\u00eda \u00absi fuera necesario\u00bb, para aprobar sus leyes prioritarias. Entre sus objetivos situ\u00f3 detener las traves\u00edas en peque\u00f1as embarcaciones, reducir en 250 libras las facturas energ\u00e9ticas, reforzar la formaci\u00f3n de personal del NHS y acometer rebajas fiscales.<\/p>\n","protected":false},"excerpt":{"rendered":"Nigel Farage lleg\u00f3 al congreso anual de Reform UK en Birmingham con la intenci\u00f3n de presentar a su&hellip;\n","protected":false},"author":2,"featured_media":748548,"comment_status":"","ping_status":"","sticky":false,"template":"","format":"standard","meta":{"footnotes":""},"categories":[42],"tags":[17,18,14663,1563,29515,13,14,6861,11,61,62,63,64,27932,19,20,9,10,15,16,9137,8841,12,575,21,22,65,66,67],"class_list":["post-748547","post","type-post","status-publish","format-standard","has-post-thumbnail","category-internacional","tag-breaking-news","tag-breakingnews","tag-dimisiones","tag-dos","tag-farage","tag-featured-news","tag-featurednews","tag-financiacion","tag-headlines","tag-internacional","tag-international","tag-international-news","tag-internationalnews","tag-irregular","tag-latest-news","tag-latestnews","tag-news","tag-noticias","tag-noticias-destacadas","tag-noticiasdestacadas","tag-reivindica","tag-supuesto","tag-titulares","tag-tras","tag-ultimas-noticias","tag-ultimasnoticias","tag-world","tag-world-news","tag-worldnews"],"share_on_mastodon":{"url":"https:\/\/pubeurope.com\/@es\/117216196267387225","error":""},"_links":{"self":[{"href":"https:\/\/www.europesays.com\/es\/wp-json\/wp\/v2\/posts\/748547","targetHints":{"allow":["GET"]}}],"collection":[{"href":"https:\/\/www.europesays.com\/es\/wp-json\/wp\/v2\/posts"}],"about":[{"href":"https:\/\/www.europesays.com\/es\/wp-json\/wp\/v2\/types\/post"}],"author":[{"embeddable":true,"href":"https:\/\/www.europesays.com\/es\/wp-json\/wp\/v2\/users\/2"}],"replies":[{"embeddable":true,"href":"https:\/\/www.europesays.com\/es\/wp-json\/wp\/v2\/comments?post=748547"}],"version-history":[{"count":0,"href":"https:\/\/www.europesays.com\/es\/wp-json\/wp\/v2\/posts\/748547\/revisions"}],"wp:featuredmedia":[{"embeddable":true,"href":"https:\/\/www.europesays.com\/es\/wp-json\/wp\/v2\/media\/748548"}],"wp:attachment":[{"href":"https:\/\/www.europesays.com\/es\/wp-json\/wp\/v2\/media?parent=748547"}],"wp:term":[{"taxonomy":"category","embeddable":true,"href":"https:\/\/www.europesays.com\/es\/wp-json\/wp\/v2\/categories?post=748547"},{"taxonomy":"post_tag","embeddable":true,"href":"https:\/\/www.europesays.com\/es\/wp-json\/wp\/v2\/tags?post=748547"}],"curies":[{"name":"wp","href":"https:\/\/api.w.org\/{rel}","templated":true}]}}