{"id":74856,"date":"2025-08-27T03:35:12","date_gmt":"2025-08-27T03:35:12","guid":{"rendered":"https:\/\/www.europesays.com\/es\/74856\/"},"modified":"2025-08-27T03:35:12","modified_gmt":"2025-08-27T03:35:12","slug":"jaume-munar-vuelve-a-ganar-un-partido-en-nueva-york-por-primera-vez-desde-2018","status":"publish","type":"post","link":"https:\/\/www.europesays.com\/es\/74856\/","title":{"rendered":"Jaume Munar vuelve a ganar un partido en Nueva York por primera vez desde 2018"},"content":{"rendered":"<p><strong><a href=\"https:\/\/www.ultimahora.es\/etiqueta\/Jaume+Munar.html?utm_source=Inline-tag&amp;utm_medium=internal\" rel=\"nofollow noopener\" target=\"_blank\">Jaume Munar<\/a><\/strong> se clasific\u00f3 este lunes para la <strong>segunda ronda del <a href=\"https:\/\/www.ultimahora.es\/etiqueta\/Abierto+de+Estados+Unidos.html?utm_source=Inline-tag&amp;utm_medium=internal\" rel=\"nofollow noopener\" target=\"_blank\">Abierto de Estados Unidos<\/a><\/strong> tras ganar por 6-0, 6-3, 5-7 y 6-2 al portugu\u00e9s Jaime Far\u00eda (n.117), y cort\u00f3 una racha de seis derrotas consecutivas en la ronda inaugural del torneo neoyorquino.<\/p>\n<p>Munar, <strong>n\u00famero 44 del r\u00e1nking mundial<\/strong>, no ganaba un partido en <a href=\"https:\/\/www.ultimahora.es\/etiqueta\/Nueva+York.html?utm_source=Inline-tag&amp;utm_medium=internal\" rel=\"nofollow noopener\" target=\"_blank\">Nueva York<\/a> desde su victoria contra el belga Ruben Bemelmans en 2018. Pero el balear, que alcanz\u00f3 la tercera ronda este verano en Wimbledon tras un balance de 0-11 en sus anteriores partidos de segunda ronda, disput\u00f3 <strong>un partido s\u00f3lido<\/strong> contra Far\u00eda. Estos jugadores ya se hab\u00edan visto las caras este a\u00f1o en R\u00edo de Janeiro, sobre tierra batida, cuando triunf\u00f3 el portugu\u00e9s en tres sets.<\/p>\n<p>En el cemento neoyorquino, Munar tuvo un <strong>arranque de partido inmejorable<\/strong> y se llev\u00f3 la primera manga con un incuestionable 6-0 en 28 minutos. Perdi\u00f3 el servicio por primera vez en el segundo set, pero reaccion\u00f3 con dos roturas seguidas que la abrieron el camino hacia el 6-3.<\/p>\n<p>Far\u00eda mostr\u00f3 car\u00e1cter y prolong\u00f3 el encuentro al remontar una rotura de desventaja en el tercer parcial, para llev\u00e1rselo 7-5. Pero Munar <strong>no perdi\u00f3 lucidez y blind\u00f3 el pase de ronda con un contundente 6-2 en el cuarto set<\/strong>. Munar espera ahora por el vencedor del compromiso entre el canadiense Gabriel Diallo (n.33) y el bosnio Damir Dzumhur (n.61).<\/p>\n","protected":false},"excerpt":{"rendered":"Jaume Munar se clasific\u00f3 este lunes para la segunda ronda del Abierto de Estados Unidos tras ganar por&hellip;\n","protected":false},"author":2,"featured_media":74857,"comment_status":"","ping_status":"","sticky":false,"template":"","format":"standard","meta":{"footnotes":""},"categories":[274],"tags":[9405,168,25,24,9018,896,6894,3439,23,167,327,326,541],"class_list":{"0":"post-74856","1":"post","2":"type-post","3":"status-publish","4":"format-standard","5":"has-post-thumbnail","7":"category-tenis","8":"tag-abierto-de-estados-unidos","9":"tag-deportes","10":"tag-es","11":"tag-espana","12":"tag-jaume-munar","13":"tag-nueva-york","14":"tag-rafa-nadal","15":"tag-rafael-nadal","16":"tag-spain","17":"tag-sports","18":"tag-tenis","19":"tag-tennis","20":"tag-us-open"},"share_on_mastodon":{"url":"","error":""},"_links":{"self":[{"href":"https:\/\/www.europesays.com\/es\/wp-json\/wp\/v2\/posts\/74856","targetHints":{"allow":["GET"]}}],"collection":[{"href":"https:\/\/www.europesays.com\/es\/wp-json\/wp\/v2\/posts"}],"about":[{"href":"https:\/\/www.europesays.com\/es\/wp-json\/wp\/v2\/types\/post"}],"author":[{"embeddable":true,"href":"https:\/\/www.europesays.com\/es\/wp-json\/wp\/v2\/users\/2"}],"replies":[{"embeddable":true,"href":"https:\/\/www.europesays.com\/es\/wp-json\/wp\/v2\/comments?post=74856"}],"version-history":[{"count":0,"href":"https:\/\/www.europesays.com\/es\/wp-json\/wp\/v2\/posts\/74856\/revisions"}],"wp:featuredmedia":[{"embeddable":true,"href":"https:\/\/www.europesays.com\/es\/wp-json\/wp\/v2\/media\/74857"}],"wp:attachment":[{"href":"https:\/\/www.europesays.com\/es\/wp-json\/wp\/v2\/media?parent=74856"}],"wp:term":[{"taxonomy":"category","embeddable":true,"href":"https:\/\/www.europesays.com\/es\/wp-json\/wp\/v2\/categories?post=74856"},{"taxonomy":"post_tag","embeddable":true,"href":"https:\/\/www.europesays.com\/es\/wp-json\/wp\/v2\/tags?post=74856"}],"curies":[{"name":"wp","href":"https:\/\/api.w.org\/{rel}","templated":true}]}}