{"id":748567,"date":"2026-09-05T03:18:17","date_gmt":"2026-09-05T03:18:17","guid":{"rendered":"https:\/\/www.europesays.com\/es\/748567\/"},"modified":"2026-09-05T03:18:17","modified_gmt":"2026-09-05T03:18:17","slug":"estrenos-de-la-semana-en-cines-enjambre-asociacion-de-mujeres-cineastas-y-de-medios-audiovisuales","status":"publish","type":"post","link":"https:\/\/www.europesays.com\/es\/748567\/","title":{"rendered":"Estrenos de la semana en cines: \u2018Enjambre\u2019 &#8211; Asociaci\u00f3n de mujeres cineastas y de medios audiovisuales"},"content":{"rendered":"<ol>\n<li><a href=\"https:\/\/news.google.com\/rss\/articles\/CBMifEFVX3lxTE9TNlUzdnhxaXpoTksyNWlhVnJYUmY2S3YwLTNKVWdtRlVTdGY1ZTFUYkZVQ1lsSUpYcVFuVlZ3dDg4LWtwOWpoZzRmRFdWckxINkNidnVDM3dhbmJmdGUzaEI5dXRQY1VELUVQQWxwRmxtTFVBdUJkeng1aVo?oc=5\" target=\"_blank\" rel=\"nofollow noopener\">Estrenos de la semana en cines: \u2018Enjambre\u2019<\/a>&nbsp;&nbsp;Asociaci\u00f3n de mujeres cineastas y de medios audiovisuales<\/li>\n<li><a href=\"https:\/\/news.google.com\/rss\/articles\/CBMiggFBVV95cUxPdlh0cVNMRjNRbE1sU3BGMDI4UUUyenA0T0JhaGxZbU1Zbi1GdUFLbjJYZDNrTFVkZUtjWURhSUlXZXV6eHFrUkNzWl9RcGxZVEFFOTJ6X0czOHJvM1pfc1VoNFpjSEZ6bGt5RkhEeHFVUnJrOGdsSm1Nb3RGR0F3ajBn0gGCAUFVX3lxTE5TcGx2RlpYa3JVcDVVMm9rY1JxNnhUMHB3U0xJSm5yT3VhQmlycXhXWUZWQTFjR3hwS3lIdFBlUXc3dnVUUkppQWpNYW1QazZxT2h3T1I3cXJLbldPc0tBRHRjZVRGa3I5YUlidk9VSndHT3RUdnBfX0JZQUtNMTBwcGc?oc=5\" target=\"_blank\" rel=\"nofollow noopener\">Enjambre: La contradictoria pesadilla de la vida en el campo (***)<\/a>&nbsp;&nbsp;El Mundo<\/li>\n<li><a href=\"https:\/\/news.google.com\/rss\/articles\/CBMipgJBVV95cUxQMktMUDV0dXFIQ05LeF9zTXlFYnAzRVdYckxEVUp5ZHhsc29zQmJ0S19KNFpkUXRmY2I1VmpULUZ0OVoyYk5qODRha0lPbWg0dkN6VFNMQTRYUUFaOGZScGY1d0VXWFVDNTVZZE44WHhkQmNnR3lWRzhpdUVvZGdUV0lLOW5pQzFfRkxqVldlcFNWR0o3VE9vckgySGN0VzVDUFRIbXdTRzJrZ0lOb29YXzJtcjBfQjI0enBKcmxibno4Vi1LOWFBOGQ4MjkxWVFZUFJMTm81eHR5VDU3NFpzT2VPZW1sMHZGX0VlRXVXUGgtRGRrOW4yMG5BbXRob2pydWowRVpDTjlhcmc4bVhhT3VYQkJKM3oycnlzNGZLTGVZUC1qMmfSAboCQVVfeXFMT1VpRmhub1lwdHZZV2UzeUtobXczakJZMXBISXhOSTF3OFhNR3BWbndraE9VZUN1ckRua0k2VldNbXdTT0RFUF9senRTNnJyX3NjaGFpbjEtYjREZU9sUEllQTlnbl9ub29WS3FVQmtHRzJzaW5VbWRfVEFfbHN5T0Vya2dFLUdWYVgzUm1IQlduVlprX2tHQkdVSWhMbFdqZDZMVGpLZ0Z6Skdmb21wWjFMZ1ozaFV2VlZHeTlLajYwZkR4VG1DOEVNSE9FOEV5empmaTBJcXQtNFp4XzR4LWZkeFlpcnVlamM4c19uTUF3azB0cWgwQU93TTNPdnZhcGdVcTkzNUpnVkdueGg2UFNCMmRWbklaT3Zab3puTkN3UTA4cVZibzlHdHZMeWtScXpqMjM1Z01mNUE?oc=5\" target=\"_blank\" rel=\"nofollow noopener\">&#8216;Eixam&#8217; llega a los cines como un thriller rural rodado en el interior valenciano sobre una comunidad aislada al margen del sistema<\/a>&nbsp;&nbsp;Cadena SER<\/li>\n<li><a href=\"https:\/\/news.google.com\/rss\/articles\/CBMijAJBVV95cUxQWXlIRV9PVzRYMDlBYlE5WlNmSXFicnhubVNsQmFVZC0wUFdmQ01uemE2azFnLUtJekJBTkJCdzFxTWhzeXBzc2p0ZVdObnZ1dUM1bzN0Rk5EMnMzRXFFSlljTmdhSGJOc3I4S01jaWJPS1AwS2ZLRTVvQjIwblJrclA0ejV5dVRuY2JZUlRKWndOWEFMcTBVVFJBQ216eS1waENpd0YtcTZjU0tLWVhodngzRC03cXMyRnIxZTZrVVlkcldsd2YyMlYxbE9jZUxSLXo1VDBXWmpGV0tEV2tnUG1WdFRkcThWbUFITUttQ0owUFJEZV9CMVBBN1htQjlJNlkxU0c1RDNIYXJI?oc=5\" target=\"_blank\" rel=\"nofollow noopener\">\u00abSuspense psicol\u00f3gico que se cuece a fuego lento y con buen pulso\u00bb. Cr\u00edtica de &#8216;Eixam (Enjambre)&#8217;, con Pablo Molinero y Pablo Derqui<\/a>&nbsp;&nbsp;Fotogramas<\/li>\n<li><a href=\"https:\/\/news.google.com\/rss\/articles\/CBMi3AFBVV95cUxPaE95c3ZKOTctQjhVX3R3aTM0b2ZpWDNucUVNM2ZDZ0VreTF2cjEwTkhWaVpRWXdubjFrWURYR3hsRUxtMHdBR05KS1JxNVFhOTNGYXltN0hZMENjUmlmVFBaeHFpSUd0S01Cd3hNU2IzSEwxMmNaWTNiMEQtQ2MzRi03VnUxTmtMbWQ4bnBPb0RWME1iRkRZZWdwSEZDNjNqdmtaVkx3NFU2SS0xTUZhTlNOSl9idnZMUGc0eVJ2V3NrNERLOVl3QjdSY3FxX0NFc3lWTGcwRUNieXRC?oc=5\" target=\"_blank\" rel=\"nofollow noopener\">\u00abENJAMBRE\u00bb: Entrevista a \u00d3scar Bern\u00e0cer, Pablo Molinero y Cristina Fern\u00e1ndez<\/a>&nbsp;&nbsp;RTVE.es<\/li>\n<\/ol>\n","protected":false},"excerpt":{"rendered":"Estrenos de la semana en cines: \u2018Enjambre\u2019&nbsp;&nbsp;Asociaci\u00f3n de mujeres cineastas y de medios audiovisuales Enjambre: La contradictoria pesadilla&hellip;\n","protected":false},"author":2,"featured_media":748568,"comment_status":"","ping_status":"","sticky":false,"template":"","format":"standard","meta":{"footnotes":""},"categories":[91],"tags":[5776,146,147,25,24,6750,23],"class_list":["post-748567","post","type-post","status-publish","format-standard","has-post-thumbnail","category-entretenimiento","tag-cima","tag-entertainment","tag-entretenimiento","tag-es","tag-espana","tag-estrenos","tag-spain"],"share_on_mastodon":{"url":"https:\/\/pubeurope.com\/@es\/117216274492963923","error":""},"_links":{"self":[{"href":"https:\/\/www.europesays.com\/es\/wp-json\/wp\/v2\/posts\/748567","targetHints":{"allow":["GET"]}}],"collection":[{"href":"https:\/\/www.europesays.com\/es\/wp-json\/wp\/v2\/posts"}],"about":[{"href":"https:\/\/www.europesays.com\/es\/wp-json\/wp\/v2\/types\/post"}],"author":[{"embeddable":true,"href":"https:\/\/www.europesays.com\/es\/wp-json\/wp\/v2\/users\/2"}],"replies":[{"embeddable":true,"href":"https:\/\/www.europesays.com\/es\/wp-json\/wp\/v2\/comments?post=748567"}],"version-history":[{"count":0,"href":"https:\/\/www.europesays.com\/es\/wp-json\/wp\/v2\/posts\/748567\/revisions"}],"wp:featuredmedia":[{"embeddable":true,"href":"https:\/\/www.europesays.com\/es\/wp-json\/wp\/v2\/media\/748568"}],"wp:attachment":[{"href":"https:\/\/www.europesays.com\/es\/wp-json\/wp\/v2\/media?parent=748567"}],"wp:term":[{"taxonomy":"category","embeddable":true,"href":"https:\/\/www.europesays.com\/es\/wp-json\/wp\/v2\/categories?post=748567"},{"taxonomy":"post_tag","embeddable":true,"href":"https:\/\/www.europesays.com\/es\/wp-json\/wp\/v2\/tags?post=748567"}],"curies":[{"name":"wp","href":"https:\/\/api.w.org\/{rel}","templated":true}]}}