{"id":748587,"date":"2026-09-05T03:37:13","date_gmt":"2026-09-05T03:37:13","guid":{"rendered":"https:\/\/www.europesays.com\/es\/748587\/"},"modified":"2026-09-05T03:37:13","modified_gmt":"2026-09-05T03:37:13","slug":"grupo-surcoreano-ikon-anuncia-su-primer-concierto-en-lima-fecha-lugar-y-precio-de-las-entradas","status":"publish","type":"post","link":"https:\/\/www.europesays.com\/es\/748587\/","title":{"rendered":"Grupo surcoreano iKON anuncia su primer concierto en Lima: fecha, lugar y precio de las entradas"},"content":{"rendered":"<p id=\"first-element\"><b>La banda surcoreana iKON confirm\u00f3 su primera presentaci\u00f3n en el Per\u00fa para este s\u00e1bado 5 de septiembre en el Anfiteatro del Parque de la Exposici\u00f3n, como parte de su gira internacional Fourever World Tour 2026.<\/b><\/p>\n<p itemprop=\"description\" class=\"sc__font-paragraph\"><b>La banda surcoreana iKON confirm\u00f3 su primera presentaci\u00f3n en el Per\u00fa para este s\u00e1bado 5 de septiembre en el Anfiteatro del Parque de la Exposici\u00f3n, como parte de su gira internacional Fourever World Tour 2026.<\/b><\/p>\n<p itemprop=\"description\" class=\"sc__font-paragraph\">El show del grupo de K-Pop, organizado por la empresa Sound Music Entertainment, tendr\u00e1 en el escenario a los integrantes <b>Jay, Song, Bobby y Chan<\/b>, quienes <b>interpretar\u00e1n sus principales temas y rutinas de baile<\/b>. <\/p>\n<p>MIRA AQU\u00cd: <a itemprop=\"url\" class=\"sc__mira-aqui-link\" href=\"https:\/\/elcomercio.pe\/luces\/musica\/jennie-de-blackpink-anuncia-el-lanzamiento-de-su-nuevo-album-fallen-angel-ultimas-noticia\/\" aria-label=\"Jennie de Blackpink anuncia el lanzamiento de su nuevo \u00e1lbum \u201cFallen Angel\u201d\" rel=\"nofollow noopener\" target=\"_blank\">Jennie de Blackpink anuncia el lanzamiento de su nuevo \u00e1lbum \u201cFallen Angel\u201d<\/a><\/p>\n<p itemprop=\"description\" class=\"sc__font-paragraph\">Las entradas para la presentaci\u00f3n est\u00e1n disponibles en Joinnus, con precios que van desde los S\/ 187 para el sector General hasta los S\/ 933 en la zona iKonics. <\/p>\n<p itemprop=\"description\" class=\"sc__font-paragraph\">Del mismo modo, la empresa habilit\u00f3 paquetes especiales de hasta S\/ 1,045, los cuales <b>incorporan acceso a saludos con el grupo, fotos en conjunto y material impreso<\/b> seg\u00fan la disponibilidad de la boleter\u00eda.<\/p>\n<p itemprop=\"description\" class=\"sc__font-paragraph\">El grupo debut\u00f3 en Corea del Sur en 2015 y cuenta con canciones populares en plataformas digitales como \u201cLove Scenario\u201d, \u201cKilling Me\u201d y \u201cRhythm Ta\u201d. <\/p>\n<p itemprop=\"description\" class=\"sc__font-paragraph\">Con esta fecha, la capital peruana suma una nueva presentaci\u00f3n de m\u00fasica asi\u00e1tica en su agenda de conciertos para este a\u00f1o.<\/p>\n<p>Carol Reali, &#8216;Cachaza&#8217;, y Andr\u00e9 Bankoff comparten avances de su matrimonio, muestran sus anillos y confirman que la boda civil sigue en pie mientras celebran su relaci\u00f3n y la llegada de su beb\u00e9. El video recoge un momento \u00edntimo y emotivo de preparativos y cuenta regresiva hacia el s\u00ed acepto.<\/p>\n","protected":false},"excerpt":{"rendered":"La banda surcoreana iKON confirm\u00f3 su primera presentaci\u00f3n en el Per\u00fa para este s\u00e1bado 5 de septiembre en&hellip;\n","protected":false},"author":2,"featured_media":748588,"comment_status":"","ping_status":"","sticky":false,"template":"","format":"standard","meta":{"footnotes":""},"categories":[170],"tags":[132979,132978,2111,146,147,25,24,132977,132975,132976,2502,184,185,23],"class_list":["post-748587","post","type-post","status-publish","format-standard","has-post-thumbnail","category-musica","tag-anfiteatro-del-parque-de-la-exposicion","tag-concierto-en-lima","tag-corea-del-sur","tag-entertainment","tag-entretenimiento","tag-es","tag-espana","tag-fourever-world-tour-2026","tag-ikon","tag-joinnus","tag-k-pop","tag-music","tag-musica","tag-spain"],"share_on_mastodon":{"url":"https:\/\/pubeurope.com\/@es\/117216349060399878","error":""},"_links":{"self":[{"href":"https:\/\/www.europesays.com\/es\/wp-json\/wp\/v2\/posts\/748587","targetHints":{"allow":["GET"]}}],"collection":[{"href":"https:\/\/www.europesays.com\/es\/wp-json\/wp\/v2\/posts"}],"about":[{"href":"https:\/\/www.europesays.com\/es\/wp-json\/wp\/v2\/types\/post"}],"author":[{"embeddable":true,"href":"https:\/\/www.europesays.com\/es\/wp-json\/wp\/v2\/users\/2"}],"replies":[{"embeddable":true,"href":"https:\/\/www.europesays.com\/es\/wp-json\/wp\/v2\/comments?post=748587"}],"version-history":[{"count":0,"href":"https:\/\/www.europesays.com\/es\/wp-json\/wp\/v2\/posts\/748587\/revisions"}],"wp:featuredmedia":[{"embeddable":true,"href":"https:\/\/www.europesays.com\/es\/wp-json\/wp\/v2\/media\/748588"}],"wp:attachment":[{"href":"https:\/\/www.europesays.com\/es\/wp-json\/wp\/v2\/media?parent=748587"}],"wp:term":[{"taxonomy":"category","embeddable":true,"href":"https:\/\/www.europesays.com\/es\/wp-json\/wp\/v2\/categories?post=748587"},{"taxonomy":"post_tag","embeddable":true,"href":"https:\/\/www.europesays.com\/es\/wp-json\/wp\/v2\/tags?post=748587"}],"curies":[{"name":"wp","href":"https:\/\/api.w.org\/{rel}","templated":true}]}}