{"id":748609,"date":"2026-09-05T03:57:17","date_gmt":"2026-09-05T03:57:17","guid":{"rendered":"https:\/\/www.europesays.com\/es\/748609\/"},"modified":"2026-09-05T03:57:17","modified_gmt":"2026-09-05T03:57:17","slug":"el-tigres-de-mexico-tienta-a-eddahchouri-pero-el-delantero-del-deportivo-quiere-seguir-en-laliga","status":"publish","type":"post","link":"https:\/\/www.europesays.com\/es\/748609\/","title":{"rendered":"El Tigres de M\u00e9xico tienta a Eddahchouri, pero el delantero del Deportivo quiere seguir en LaLiga"},"content":{"rendered":"<p class=\"ft-text ft-helper-closenews\">El mercado de fichajes ha terminado en Espa\u00f1a, pero son muchas las ligas europeas y del resto del planeta que siguen abiertas y apuran los d\u00edas para cerrar posibles incorporaciones. Precisamente, <strong>al Deportivo han intentado robarle un jugador en las \u00faltimas horas<\/strong>. Una operaci\u00f3n complicada para la entidad, que no podr\u00eda reforzarse hasta enero o tendr\u00eda que recurrir a la agencia libre si alg\u00fan futbolista decidiese salir. No parece que vaya a ser el caso. <strong>El Tigres de M\u00e9xico se ha interesado en el fichaje de Zakaria Eddahchouri<\/strong>, seg\u00fan ha adelantado el periodista Santiago Fourcade y ha podido confirmar LA OPINI\u00d3N. El ariete fue el m\u00e1ximo anotador del conjunto coru\u00f1\u00e9s el pasado curso, y aunque ha tenido a otras escuadras interesadas a lo largo del verano, <a class=\"ft-link ft-link--decoration\" href=\"https:\/\/www.laopinioncoruna.es\/deportivo\/2026\/06\/26\/eddahchouri-atrae-miradas-mercado-fichajes-131852694.html\" target=\"_blank\" rel=\"nofollow noopener\">su deseo es triunfar en Primera Divisi\u00f3n<\/a>. <strong>El de Pappendrecht ha declinado la opci\u00f3n y continuar\u00e1 en la escuadra dirigida por Antonio Hidalgo<\/strong>.<\/p>\n<p class=\"ft-text\"><strong>Zakaria Eddahchouri<\/strong> ha estado en la agenda de diversos clubes este verano. Sus 13 dianas en la categor\u00eda de plata le convirtieron en un activo atractivo. El D\u00e9por nunca ha estado cerrado a su salida durante el verano, aunque ten\u00eda que llegar una oferta que cumpliese con los deseos de la entidad y tambi\u00e9n con los del jugador. El neerland\u00e9s, aunque sabe que ha crecido la competencia con Aubameyang y Bil Nsongo, est\u00e1 cumpliendo un sue\u00f1o: jugar en una gran liga. <strong>Zaka se marc\u00f3 el objetivo de ayudar al Deportivo en LaLiga, y quiere pelear por el puesto<\/strong>.<\/p>\n<p class=\"ft-text\">El inter\u00e9s de Tigres por Zaka ha emergido, pero <strong>el ariete ha rechazado la propuesta para cambiar Espa\u00f1a por M\u00e9xico<\/strong> y LaLiga por la Primera Divisi\u00f3n mexicana. El ariete de 26 a\u00f1os ha disputado desde que aterriz\u00f3 en A Coru\u00f1a un total de 56 partidos. En ese tiempo siempre le han acompa\u00f1ado las cifras: <strong>17 goles y seis asistencias<\/strong>. Su f\u00fatbol se define por tener un hambre innato de gol. <\/p>\n<p class=\"ft-text\">El neerland\u00e9s ha crecido de la mano de <strong>Antonio Hidalgo<\/strong> y ha sido una parte importante, en especial como revulsivo partiendo desde el banquillo. Este curso ha disputado un encuentro, ante el Elche en la jornada inaugural, e ingresando durante el segundo tiempo. El Deportivo tiene tres delanteros en plantilla y ha jugado dos encuentros con dos arietes en el campo. <\/p>\n<p data-close=\"closedContent\" class=\"subscribeHideForDisplay\">Suscr\u00edbete para seguir leyendo<\/p>\n","protected":false},"excerpt":{"rendered":"El mercado de fichajes ha terminado en Espa\u00f1a, pero son muchas las ligas europeas y del resto del&hellip;\n","protected":false},"author":2,"featured_media":748610,"comment_status":"","ping_status":"","sticky":false,"template":"","format":"standard","meta":{"footnotes":""},"categories":[268],"tags":[5030,168,132982,25,24,280,282,1906,281,23,167,11839,25756],"class_list":["post-748609","post","type-post","status-publish","format-standard","has-post-thumbnail","category-futbol","tag-delantero","tag-deportes","tag-eddahchouri","tag-es","tag-espana","tag-football","tag-futbol","tag-mexico","tag-soccer","tag-spain","tag-sports","tag-tienta","tag-tigres"],"share_on_mastodon":{"url":"https:\/\/pubeurope.com\/@es\/117216427935976736","error":""},"_links":{"self":[{"href":"https:\/\/www.europesays.com\/es\/wp-json\/wp\/v2\/posts\/748609","targetHints":{"allow":["GET"]}}],"collection":[{"href":"https:\/\/www.europesays.com\/es\/wp-json\/wp\/v2\/posts"}],"about":[{"href":"https:\/\/www.europesays.com\/es\/wp-json\/wp\/v2\/types\/post"}],"author":[{"embeddable":true,"href":"https:\/\/www.europesays.com\/es\/wp-json\/wp\/v2\/users\/2"}],"replies":[{"embeddable":true,"href":"https:\/\/www.europesays.com\/es\/wp-json\/wp\/v2\/comments?post=748609"}],"version-history":[{"count":0,"href":"https:\/\/www.europesays.com\/es\/wp-json\/wp\/v2\/posts\/748609\/revisions"}],"wp:featuredmedia":[{"embeddable":true,"href":"https:\/\/www.europesays.com\/es\/wp-json\/wp\/v2\/media\/748610"}],"wp:attachment":[{"href":"https:\/\/www.europesays.com\/es\/wp-json\/wp\/v2\/media?parent=748609"}],"wp:term":[{"taxonomy":"category","embeddable":true,"href":"https:\/\/www.europesays.com\/es\/wp-json\/wp\/v2\/categories?post=748609"},{"taxonomy":"post_tag","embeddable":true,"href":"https:\/\/www.europesays.com\/es\/wp-json\/wp\/v2\/tags?post=748609"}],"curies":[{"name":"wp","href":"https:\/\/api.w.org\/{rel}","templated":true}]}}