{"id":748645,"date":"2026-09-05T04:32:15","date_gmt":"2026-09-05T04:32:15","guid":{"rendered":"https:\/\/www.europesays.com\/es\/748645\/"},"modified":"2026-09-05T04:32:15","modified_gmt":"2026-09-05T04:32:15","slug":"entran-en-vigor-las-rebajas-especiales-de-apple-para-septiembre-hasta-el-34-de-descuento","status":"publish","type":"post","link":"https:\/\/www.europesays.com\/es\/748645\/","title":{"rendered":"Entran en vigor las rebajas especiales de Apple para septiembre: hasta el 34% de descuento"},"content":{"rendered":"<p class=\"paragraph\">No me da la gana gastarme cientos (o miles) de euros en los dispositivos que uso a diario (port\u00e1til, m\u00f3vil, auriculares, tablet o smartwatch) cuando, si busco la excelencia de la marca Apple, puedo aprovechar sus rebajas de septiembre para hacerme con gadgets top a un precio inferior. Si opinas lo mismo que yo, puedes darte una vuelta por AliExpress y encontrar una amplia variedad de chollos de Apple con descuentos apetecibles.<\/p>\n<p class=\"paragraph\">Con motivo de la vuelta a la rutina, el trabajo, el colegio o la universidad, toca rearmarse con la mejor tecnolog\u00eda y electr\u00f3nica, a poder ser a un precio razonable que no nos desmonte por completo justo despu\u00e9s de las vacaciones. \u00bfNo sabes qu\u00e9 elegir? No te preocupes, porque a continuaci\u00f3n te muestro una selecci\u00f3n de dispositivos que est\u00e1n rebajados actualmente, y que son los que m\u00e1s triunfan de la marca.<\/p>\n<tr style=\"background: #c8102e; color: #fff\"> C\u00f3digo  Descuento  Compra m\u00ednima <\/tr>\n<tr style=\"background: #fff; border-bottom: 1px solid #e2e2dc\">\n<td style=\" padding: 10px 14px; font-weight: 700; color: #c8102e; letter-spacing: 0.8px; text-align: center; \"> ESFS02 <\/td>\n<td style=\"padding: 10px 14px; font-weight: 600; text-align: center\"> 2\u20ac <\/td>\n<td style=\"padding: 10px 14px; color: #666; text-align: center\">18\u20ac<\/td>\n<\/tr>\n<tr style=\"background: #fafafa; border-bottom: 1px solid #e2e2dc\">\n<td style=\" padding: 10px 14px; font-weight: 700; color: #c8102e; letter-spacing: 0.8px; text-align: center; \"> ESFS06 <\/td>\n<td style=\"padding: 10px 14px; font-weight: 600; text-align: center\"> 6\u20ac <\/td>\n<td style=\"padding: 10px 14px; color: #666; text-align: center\">45\u20ac<\/td>\n<\/tr>\n<tr style=\"background: #fff; border-bottom: 1px solid #e2e2dc\">\n<td style=\" padding: 10px 14px; font-weight: 700; color: #c8102e; letter-spacing: 0.8px; text-align: center; \"> ESFS12 <\/td>\n<td style=\"padding: 10px 14px; font-weight: 600; text-align: center\"> 12\u20ac <\/td>\n<td style=\"padding: 10px 14px; color: #666; text-align: center\">99\u20ac<\/td>\n<\/tr>\n<tr style=\"background: #fafafa; border-bottom: 1px solid #e2e2dc\">\n<td style=\" padding: 10px 14px; font-weight: 700; color: #c8102e; letter-spacing: 0.8px; text-align: center; \"> ESFS18 <\/td>\n<td style=\"padding: 10px 14px; font-weight: 600; text-align: center\"> 18\u20ac <\/td>\n<td style=\"padding: 10px 14px; color: #666; text-align: center\">149\u20ac<\/td>\n<\/tr>\n<tr style=\"background: #fff; border-bottom: 1px solid #e2e2dc\">\n<td style=\" padding: 10px 14px; font-weight: 700; color: #c8102e; letter-spacing: 0.8px; text-align: center; \"> ESFS30 <\/td>\n<td style=\"padding: 10px 14px; font-weight: 600; text-align: center\"> 30\u20ac <\/td>\n<td style=\"padding: 10px 14px; color: #666; text-align: center\">239\u20ac<\/td>\n<\/tr>\n<tr style=\"background: #fafafa; border-bottom: 1px solid #e2e2dc\">\n<td style=\" padding: 10px 14px; font-weight: 700; color: #c8102e; letter-spacing: 0.8px; text-align: center; \"> ESFS45 <\/td>\n<td style=\"padding: 10px 14px; font-weight: 600; text-align: center\"> 45\u20ac <\/td>\n<td style=\"padding: 10px 14px; color: #666; text-align: center\">359\u20ac<\/td>\n<\/tr>\n<tr style=\"background: #fff; border-bottom: 1px solid #e2e2dc\">\n<td style=\" padding: 10px 14px; font-weight: 700; color: #c8102e; letter-spacing: 0.8px; text-align: center; \"> ESFS60 <\/td>\n<td style=\"padding: 10px 14px; font-weight: 600; text-align: center\"> 60\u20ac <\/td>\n<td style=\"padding: 10px 14px; color: #666; text-align: center\">479\u20ac<\/td>\n<\/tr>\n<p> \u00a0 <\/p>\n<p style=\"font-size: 12px; color: #aaa; margin-top: 10px\"> Cupones exclusivos para lectores de <a href=\"https:\/\/www.lavanguardia.com\/comprar\" style=\"color: #c8102e; text-decoration: none\" target=\"_blank\" rel=\"noopener noreferrer nofollow\">El Comprador de La Vanguardia<\/a>. Sujetos a disponibilidad. <\/p>\n<p> \u00a0 <\/p>\n<p style=\"font-size: 12px; color: #aaa; margin-top: 6px\"> Validez: desde el <strong>1 de septiembre a las 00:00<\/strong> hasta el <strong>7 de septiembre a las 23:59:59<\/strong> (hora peninsular). \u00c1mbito: pedidos enviados a Espa\u00f1a. <\/p>\n<p> \u00a0 <\/p>\n<p style=\"font-size: 12px; color: #aaa; margin-top: 6px\"> Los c\u00f3digos no son v\u00e1lidos en productos virtuales y no se pueden combinar con otras promociones. <\/p>\n<p class=\"paragraph\">Recuerda, adem\u00e1s, que puedes aprovechar los cupones especiales de la tabla anterior para abaratar todav\u00eda m\u00e1s tus compras en AliExpress. Eso s\u00ed, \u00a1date prisa! Los productos m\u00e1s solicitados se agotan r\u00e1pidamente&#8230;<\/p>\n<p>Los superventas de Apple que arrasan con descuento en AliExpress este septiembre:<\/p>\n<p>Paquete de 4\u00a0AirTag<\/p>\n<p><img decoding=\"async\" class=\"w-full\"   alt=\"Puedes conseguir estos 4 AirTag con un 34% de descuento\u00a0\" data-full-src=\"https:\/\/www.lavanguardia.com\/uploads\/2026\/05\/11\/6a0188eb5a162.jpeg\" src=\"https:\/\/www.europesays.com\/es\/wp-content\/uploads\/2026\/09\/6a0188eb5a162.jpeg\" width=\"449\" height=\"337\" loading=\"lazy\"\/>Puedes conseguir estos 4 AirTag con un 34% de descuento\u00a0AliExpress<\/p>\n<p class=\"paragraph\">Perder las llaves justo cuando vas con prisa, olvidar d\u00f3nde dejaste la mochila o no localizar una maleta entre el equipaje ya no tiene por qu\u00e9 convertirse en un peque\u00f1o caos. Este paquete de cuatro Apple AirTag permite asignar un rastreador a cada objeto importante y encontrarlos desde la app Buscar del iPhone o iPad, con una alerta sonora y B\u00fasqueda de Precisi\u00f3n en dispositivos compatibles; adem\u00e1s, la red Buscar ayuda a actualizar la ubicaci\u00f3n cuando el objeto est\u00e1 lejos.<\/p>\n<p class=\"paragraph\"><b>Caracter\u00edsticas m\u00e1s destacadas:<\/b><\/p>\n<ul>\n<li>El paquete incluye cuatro AirTag blancos para llaves, mochilas, maletas u otros objetos cotidianos.<\/li>\n<\/ul>\n<ul>\n<li>La certificaci\u00f3n IP67 protege frente a polvo, salpicaduras y una inmersi\u00f3n accidental de hasta un metro.<\/li>\n<\/ul>\n<ul>\n<li>Cada unidad utiliza una pila CR2032 reemplazable por el usuario, con una duraci\u00f3n estimada superior a un a\u00f1o.<\/li>\n<\/ul>\n<ul>\n<li>Requieren un iPhone o iPad compatible y una cuenta de Apple; no son localizadores GPS aut\u00f3nomos.<\/li>\n<\/ul>\n<p>AirPods 4<\/p>\n<p><img decoding=\"async\" class=\"w-full\"   alt=\"Auriculares AirPods 4 de Apple\u00a0\" data-full-src=\"https:\/\/www.lavanguardia.com\/uploads\/2026\/08\/06\/6a7460a65318a.jpeg\" src=\"https:\/\/www.europesays.com\/es\/wp-content\/uploads\/2026\/09\/6a7460a65318a.jpeg\" width=\"449\" height=\"337\" loading=\"lazy\"\/>Auriculares AirPods 4 de Apple\u00a0AliExpress<\/p>\n<p class=\"paragraph\">Los AirPods 4 son una opci\u00f3n c\u00f3moda para quienes viven dentro del ecosistema Apple y quieren pasar de una llamada a una canci\u00f3n o una serie sin pensar demasiado en ajustes. El chip H2 mejora el procesamiento de audio y de voz, mientras el Audio Espacial personalizado con seguimiento din\u00e1mico de la cabeza crea una sensaci\u00f3n m\u00e1s envolvente al disfrutar de contenidos compatibles; su dise\u00f1o abierto, adem\u00e1s, evita la presi\u00f3n t\u00edpica de los auriculares con almohadilla de silicona.<\/p>\n<p class=\"paragraph\"><b>Caracter\u00edsticas m\u00e1s destacadas:<\/b><\/p>\n<ul>\n<li>Bluetooth 5.3 facilita un emparejamiento r\u00e1pido y una conexi\u00f3n estable con iPhone, iPad, Mac y otros dispositivos.<\/li>\n<li>La bater\u00eda llega a cinco horas de escucha por carga y hasta 30 horas en total con el estuche de carga USB-C.<\/li>\n<li>Una carga de cinco minutos en el estuche proporciona alrededor de una hora adicional de reproducci\u00f3n.<\/li>\n<\/ul>\n<p>AirPods Pro 3<\/p>\n<p><img decoding=\"async\" class=\"w-full\"   alt=\"AirPods Pro 3\" data-full-src=\"https:\/\/www.lavanguardia.com\/uploads\/2026\/06\/22\/6a393802df0a4.jpeg\" src=\"https:\/\/www.europesays.com\/es\/wp-content\/uploads\/2026\/09\/6a393802df0a4.jpeg\" width=\"449\" height=\"337\" loading=\"lazy\"\/>AirPods Pro 3AliExpress<\/p>\n<p class=\"paragraph\">Los AirPods Pro 3, en cambio, llevan el concepto de auriculares inal\u00e1mbricos un paso m\u00e1s all\u00e1 al combinar aislamiento, sonido inmersivo y seguimiento deportivo. La cancelaci\u00f3n activa de ruido ayuda a desconectar del bullicio de un vuelo, el transporte o el gimnasio, mientras el Audio Espacial con seguimiento din\u00e1mico de la cabeza a\u00f1ade profundidad a pel\u00edculas y m\u00fasica compatibles; adem\u00e1s, su sensor de frecuencia card\u00edaca permite registrar el pulso durante los entrenamientos desde la app.<\/p>\n<p class=\"paragraph\"><b>Caracter\u00edsticas m\u00e1s destacadas:<\/b><\/p>\n<ul>\n<li>La autonom\u00eda alcanza hasta 8 horas de reproducci\u00f3n con la cancelaci\u00f3n activa activada y hasta 24 horas con el estuche.<\/li>\n<li>El sensor \u00f3ptico de frecuencia card\u00edaca monitoriza las pulsaciones durante el ejercicio, aunque reduce autonom\u00eda.<\/li>\n<li>Incluyen cinco tama\u00f1os de almohadillas de silicona para favorecer un sellado m\u00e1s c\u00f3modo y eficaz.<\/li>\n<\/ul>\n<p>iPhone 17 Pro Max<\/p>\n<p><img decoding=\"async\" class=\"w-full\"   alt=\"iPhone 17 Pro Max\u00a0\" data-full-src=\"https:\/\/www.lavanguardia.com\/uploads\/2026\/08\/12\/6a7c321605c89.jpeg\" src=\"https:\/\/www.europesays.com\/es\/wp-content\/uploads\/2026\/09\/6a7c321605c89.jpeg\" width=\"449\" height=\"337\" loading=\"lazy\"\/>iPhone 17 Pro Max\u00a0AliExpress<\/p>\n<p class=\"paragraph\">Ideado para quienes convierten el m\u00f3vil en c\u00e1mara, consola, estudio de edici\u00f3n y oficina port\u00e1til, el iPhone 17 Pro Max de 512 GB combina una pantalla enorme con espacio suficiente para guardar miles de fotos, v\u00eddeo de alta resoluci\u00f3n y apps exigentes. Su panel Super Retina XDR OLED de 6,9 pulgadas ofrece una visualizaci\u00f3n fluida, luminosa y muy definida, brutal tanto para consumir series como para editar contenido.<\/p>\n<p class=\"paragraph\"><b>Caracter\u00edsticas m\u00e1s destacadas:<\/b><\/p>\n<ul>\n<li>La pantalla LTPO ProMotion adapta su frecuencia de actualizaci\u00f3n entre 1 y 120 Hz.<\/li>\n<li>La resoluci\u00f3n es de 2.868 \u00d7 1.320 p\u00edxeles, con una densidad aproximada de 460 ppp y brillo m\u00e1ximo exterior de hasta 3.000 nits.<\/li>\n<li>El chip A19 Pro aporta potencia para juegos, edici\u00f3n de v\u00eddeo, funciones de IA y multitarea avanzada.<\/li>\n<li>Sus 512 GB de almacenamiento interno resultan una capacidad muy amplia para creadores que graban con frecuencia, aunque el iPhone no admite tarjetas microSD.<\/li>\n<\/ul>\n<p>iPhone 17<\/p>\n<p><img decoding=\"async\" class=\"w-full\"   alt=\"Apple iPhone 17 256 GB\" data-full-src=\"https:\/\/www.lavanguardia.com\/uploads\/2026\/06\/03\/6a2048fe74564.jpeg\" src=\"https:\/\/www.europesays.com\/es\/wp-content\/uploads\/2026\/09\/6a2048fe74564.jpeg\" width=\"449\" height=\"337\" loading=\"lazy\"\/>Apple iPhone 17 256 GBAliExpress<\/p>\n<p class=\"paragraph\">M\u00e1s manejable y ligero que el iPhone 17 Pro Max, el iPhone 17 de 256 GB est\u00e1 dise\u00f1ado para quien quiere un m\u00f3vil potente y actualizado sin llevar un dispositivo de casi siete pulgadas en el bolsillo. Mantiene una pantalla Super Retina XDR de 6,3 pulgadas con ProMotion y una c\u00e1mara doble de 48 Mpx que destaca tanto en fotos cotidianas como en paisajes y macros.<\/p>\n<p class=\"paragraph\"><b>Caracter\u00edsticas m\u00e1s destacadas:<\/b><\/p>\n<ul>\n<li>El chip A19 ofrece rendimiento para juegos, edici\u00f3n, multitarea y las funciones inteligentes integradas en iOS.<\/li>\n<li>La c\u00e1mara principal Fusion de 48 Mpx y el ultra gran angular Fusion de 48 Mpx permiten capturar fotos detalladas, macros y un zoom \u00f3ptico de calidad 2x.<\/li>\n<li>La pantalla OLED de 6,3 pulgadas alcanza una tasa de refresco adaptativa de hasta 120 Hz para desplazamientos.<\/li>\n<li>Pesa 177 g, cuenta con USB-C y certificaci\u00f3n IP68 frente a polvo y agua, aunque no dispone de ranura para ampliar los 256 GB mediante microSD.<\/li>\n<\/ul>\n<p>iPhone 16 Pro\u00a0<\/p>\n<p><img decoding=\"async\" class=\"w-full\"   alt=\"Apple iPhone 16 Pro\" data-full-src=\"https:\/\/www.lavanguardia.com\/uploads\/2026\/03\/25\/69c3c24000952.jpeg\" src=\"https:\/\/www.europesays.com\/es\/wp-content\/uploads\/2026\/09\/69c3c24000952.jpeg\" width=\"449\" height=\"337\" loading=\"lazy\"\/>Apple iPhone 16 ProAliExpress<\/p>\n<p class=\"paragraph\">Aunque sea una unidad de exposici\u00f3n, el iPhone 16 Pro sigue ofreciendo una experiencia claramente premium en un tama\u00f1o c\u00f3modo de 6,3 pulgadas: pantalla OLED ProMotion, cuerpo de titanio, chip A18 Pro y un sistema de c\u00e1maras que permite pasar de un paisaje amplio a un zoom \u00f3ptico 5x sin cargar con un m\u00f3vil gigantesco. Sus 128 GB son suficientes para un uso general, fotos y aplicaciones.<\/p>\n<p class=\"paragraph\"><b>Caracter\u00edsticas m\u00e1s destacadas:<\/b><\/p>\n<ul>\n<li>La pantalla Super Retina XDR OLED de 6,3 pulgadas alcanza 2.622 \u00d7 1.206 p\u00edxeles y refresco adaptativo ProMotion.<\/li>\n<li>El chip A18 Pro proporciona rendimiento para fotograf\u00eda computacional, juegos, edici\u00f3n de v\u00eddeo y funciones de Apple Intelligence compatibles.<\/li>\n<li>Su sistema de c\u00e1maras re\u00fane un sensor principal Fusion de 48 Mpx, ultra gran angular de 48 Mpx y teleobjetivo de 12 Mpx con zoom \u00f3ptico 5x.<\/li>\n<li>Los 128 GB no se pueden ampliar mediante microSD, as\u00ed que puede quedarse corto si grabas mucho v\u00eddeo 4K o descargas contenido sin conexi\u00f3n.<\/li>\n<\/ul>\n<p>Apple Watch Ultra 3<\/p>\n<p><img decoding=\"async\" class=\"w-full\"   alt=\"Apple Watch Ultra 3 49mm\u00a0\" data-full-src=\"https:\/\/www.lavanguardia.com\/uploads\/2026\/06\/06\/6a23f40c3ce68.jpeg\" src=\"https:\/\/www.europesays.com\/es\/wp-content\/uploads\/2026\/09\/6a23f40c3ce68.jpeg\" width=\"449\" height=\"337\" loading=\"lazy\"\/>Apple Watch Ultra 3 49mm\u00a0AliExpress<\/p>\n<p class=\"paragraph\">Preparado para escapadas largas, entrenamientos exigentes y d\u00edas en los que el m\u00f3vil se queda en el bolsillo, el Apple Watch Ultra 3 de 49 mm combina una resistente caja de titanio negro con la Alpine Loop negra, una correa textil ligera para ajustarse con seguridad durante trail running, senderismo o ciclismo. Su gran pantalla siempre activa se lee sin esfuerzo a pleno sol, y la conectividad GPS + Cellular permite llamar, enviar mensajes o usar mapas incluso sin llevar el iPhone encima.<\/p>\n<p class=\"paragraph\"><b>Caracter\u00edsticas m\u00e1s destacadas:<\/b><\/p>\n<ul>\n<li>La pantalla Retina OLED LTPO3 de 49 mm ofrece hasta 3.000 nits de brillo y una resoluci\u00f3n de 422 \u00d7 514 p\u00edxeles.<\/li>\n<li>Su bater\u00eda alcanza hasta 42 horas de uso normal o hasta 72 horas con el modo de bajo consumo activado.<\/li>\n<li>Incluye GPS de doble frecuencia, br\u00fajula avanzada, alt\u00edmetro siempre activo y funciones de salud como medici\u00f3n de frecuencia card\u00edaca, ECG y temperatura.<\/li>\n<\/ul>\n<p>AirPods Max 2<\/p>\n<p><img decoding=\"async\" class=\"w-full\"   alt=\"AirPods Max 2\" data-full-src=\"https:\/\/www.lavanguardia.com\/uploads\/2026\/08\/19\/6a8565c7885f5.jpeg\" src=\"https:\/\/www.europesays.com\/es\/wp-content\/uploads\/2026\/09\/6a8565c7885f5.jpeg\" width=\"449\" height=\"337\" loading=\"lazy\"\/>AirPods Max 2AliExpress<\/p>\n<p class=\"paragraph\">Los AirPods Max 2 har\u00e1n que te sumerjas en m\u00fasica, cine o trabajo sin que el ruido de alrededor marque el ritmo. El chip H2 mejora la cancelaci\u00f3n activa de ruido y activa funciones como Audio Adaptativo, que equilibra autom\u00e1ticamente el aislamiento y el sonido ambiente seg\u00fan cambie el entorno. El resultado es una experiencia especialmente atractiva para viajes, oficinas compartidas o sesiones frente al ordenador.<\/p>\n<p class=\"paragraph\"><b>Caracter\u00edsticas m\u00e1s destacadas:<\/b><\/p>\n<ul>\n<li>El Audio Espacial Personalizado con seguimiento din\u00e1mico de la cabeza genera una escena sonora m\u00e1s envolvente en contenidos compatibles.<\/li>\n<li>La Traducci\u00f3n en Tiempo Real requiere un iPhone compatible con Apple Intelligence, iOS 26 y el firmware actualizado de los auriculares.<\/li>\n<li>Admiten audio sin p\u00e9rdida a 24 bits y 48 kHz al conectarlos mediante el cable USB-C incluido.<\/li>\n<li>La bater\u00eda ofrece hasta 20 horas de reproducci\u00f3n, pel\u00edculas o llamadas con la cancelaci\u00f3n activa de ruido habilitada.<\/li>\n<\/ul>\n<p><img decoding=\"async\" width=\"65\" height=\"65\" loading=\"lazy\" src=\"https:\/\/www.europesays.com\/es\/wp-content\/uploads\/2026\/09\/1788582735_155_69441e1a12626.jpeg\" alt=\"Carlos Dom\u00ednguez\"\/><\/p>\n<p class=\"author_bio\">Carlos Dom\u00ednguez Escobar es redactor senior de El Comprador de La Vanguardia y de El Recomendador de Mundo Deportivo. Est\u00e1 especializado en deporte, tecnolog\u00eda, finanzas y electr\u00f3nica de consumo.<\/p>\n","protected":false},"excerpt":{"rendered":"No me da la gana gastarme cientos (o miles) de euros en los dispositivos que uso a diario&hellip;\n","protected":false},"author":2,"featured_media":748646,"comment_status":"","ping_status":"","sticky":false,"template":"","format":"standard","meta":{"footnotes":""},"categories":[81],"tags":[119,123,124,25,24,117,121,122,23,118,120],"class_list":["post-748645","post","type-post","status-publish","format-standard","has-post-thumbnail","category-ciencia-y-tecnologia","tag-ciencia","tag-ciencia-y-tecnologia","tag-cienciaytecnologia","tag-es","tag-espana","tag-science","tag-science-and-technology","tag-scienceandtechnology","tag-spain","tag-technology","tag-tecnologia"],"share_on_mastodon":{"url":"https:\/\/pubeurope.com\/@es\/117216566813114992","error":""},"_links":{"self":[{"href":"https:\/\/www.europesays.com\/es\/wp-json\/wp\/v2\/posts\/748645","targetHints":{"allow":["GET"]}}],"collection":[{"href":"https:\/\/www.europesays.com\/es\/wp-json\/wp\/v2\/posts"}],"about":[{"href":"https:\/\/www.europesays.com\/es\/wp-json\/wp\/v2\/types\/post"}],"author":[{"embeddable":true,"href":"https:\/\/www.europesays.com\/es\/wp-json\/wp\/v2\/users\/2"}],"replies":[{"embeddable":true,"href":"https:\/\/www.europesays.com\/es\/wp-json\/wp\/v2\/comments?post=748645"}],"version-history":[{"count":0,"href":"https:\/\/www.europesays.com\/es\/wp-json\/wp\/v2\/posts\/748645\/revisions"}],"wp:featuredmedia":[{"embeddable":true,"href":"https:\/\/www.europesays.com\/es\/wp-json\/wp\/v2\/media\/748646"}],"wp:attachment":[{"href":"https:\/\/www.europesays.com\/es\/wp-json\/wp\/v2\/media?parent=748645"}],"wp:term":[{"taxonomy":"category","embeddable":true,"href":"https:\/\/www.europesays.com\/es\/wp-json\/wp\/v2\/categories?post=748645"},{"taxonomy":"post_tag","embeddable":true,"href":"https:\/\/www.europesays.com\/es\/wp-json\/wp\/v2\/tags?post=748645"}],"curies":[{"name":"wp","href":"https:\/\/api.w.org\/{rel}","templated":true}]}}