{"id":748651,"date":"2026-09-05T04:35:31","date_gmt":"2026-09-05T04:35:31","guid":{"rendered":"https:\/\/www.europesays.com\/es\/748651\/"},"modified":"2026-09-05T04:35:31","modified_gmt":"2026-09-05T04:35:31","slug":"el-comisario-de-migraciones-de-la-ue-recuerda-a-marlaska-que-el-objetivo-sigue-siendo-el-regreso-de-los-que-entraron-ilegalmente","status":"publish","type":"post","link":"https:\/\/www.europesays.com\/es\/748651\/","title":{"rendered":"El comisario de migraciones de la UE recuerda a Marlaska que el objetivo sigue siendo el regreso de los que entraron ilegalmente"},"content":{"rendered":"<p>El comisario europeo de Migraciones e Interior, <strong>Magnus Brunner<\/strong>, ha anunciado que tras una conversaci\u00f3n telef\u00f3nica con Fernando Grande-Marlaska se ha logrado \u00abun importante progreso en la solicitud de asistencia de emergencia para proporcionar apoyo financiero y operativo adicional a Espa\u00f1a\u00bb en la  &#8230; crisis de Ceuta. Sin embargo, recuerda que para la UE el objetivo de esa ayuda sigue siendo lograr \u00ab<a href=\"https:\/\/www.abc.es\/espana\/reparto-comida-inmigrantes-trampolin-20260824205425-nt.html\" target=\"_self\" data-voc-vtm-id=\"in-text-traffic\" data-mrf-link=\"www.abc.es\" rel=\"nofollow noopener\">el retorno<\/a> de aquellos que permanecen ilegalmente\u00bb en territorio espa\u00f1ol.<\/p>\n<p class=\"v-d-p\">Ayer mismo, el portavoz del ramo en el ejecutivo comunitario hab\u00eda <a href=\"https:\/\/www.abc.es\/espana\/bruselas-insiste-calificar-marruecos-socio-estrategico-importante-20260903014008-nt.html\" target=\"_self\" data-voc-vtm-id=\"in-text-traffic\" data-mrf-link=\"www.abc.es\" rel=\"nofollow noopener\">llamado la atenci\u00f3n<\/a> sobre el hecho de que la petici\u00f3n espa\u00f1ola de apoyo, tanto por parte de las agencias europeas como desde el punto de vista presupuestario, no se pod\u00eda procesar a falta de determinada informaci\u00f3n concreta que el Gobierno espa\u00f1ol deb\u00eda proporcionar. Markus Lammert, el portavoz comunitario, revel\u00f3 que la Comisi\u00f3n recibi\u00f3 la semana pasada una solicitud de ayuda \u00abque est\u00e1 siendo evaluada\u00bb aunque no pod\u00edan gestionarla porque \u00abnecesitamos respuestas a determinadas cuestiones\u00bb sobre \u00abelementos pr\u00e1cticos\u00bb que el Gobierno espa\u00f1ol no hab\u00eda definido.<\/p>\n<p class=\"v-d-p\">El comisario Brunner ha publicado en redes sociales esta ma\u00f1ana que en su conversaci\u00f3n con el ministro del Interior espa\u00f1ol \u00ablogramos un importante progreso en la solicitud de asistencia de emergencia para proporcionar apoyo financiero y operativo adicional a Espa\u00f1a\u00bb, en referencia a las aclaraciones que el Gobierno no hab\u00eda facilitado hasta ahora y de las que no se ha dado informaci\u00f3n concreta.<\/p>\n<ul class=\"v-cmp-rld__u\">\n<li class=\"v-cmp-rld__l\">\n<p><a class=\"v-a-lnk\" href=\"http:\/\/www.abc.es\/espana\/espana-pide-mes-despues-ue-apoyo-frontex-20260828193734-nt.html#vtm_modulosEngag=noticiasrelacionadas-cmp-uno:espana:noticia:1\" data-voc-vtm-id=\"in-text-traffic\" rel=\"nofollow noopener\" target=\"_blank\"><br \/>\n<img decoding=\"async\" loading=\"lazy\" src=\"https:\/\/www.europesays.com\/es\/wp-content\/uploads\/2026\/09\/1516497524-k4OG--366x256@diario_abc.JPG\" class=\"v-a-img\" width=\"258\" height=\"180\" alt=\"Espa\u00f1a pide un mes despu\u00e9s a la UE el apoyo de Frontex para el triaje de los inmigrantes en Ceuta\"\/><br \/>\n<\/a><\/p>\n<\/li>\n<\/ul>\n<p class=\"v-d-p\">Por ahora solo hay una unidad de Frontex desplegada en el puerto de Ceuta con car\u00e1cter puramente simb\u00f3lico, aunque eso permite a la Comisi\u00f3n saber si hay personas en situaci\u00f3n irregular que puedan pasar desde Ceuta a la Pen\u00ednsula, lo que ser\u00eda un problema para el buen funcionamiento del espacio Schengen de libre circulaci\u00f3n.<\/p>\n<blockquote class=\"twitter-tweet\" data-width=\"550\">\n<p lang=\"en\" dir=\"ltr\">I had a good phone call with Minister Grande-Marlaska on the evolving situation in Ceuta. He updated me on Spain\u2019s response and the next steps concerning the return of those who remain illegally, as well as efforts to improve security on the ground.<\/p>\n<p>\u2014 Magnus Brunner (@magnusbrunner) <a href=\"https:\/\/x.com\/magnusbrunner\/status\/2095765013076062708?ref_src=twsrc%5Etfw\" rel=\"nofollow\">September 4, 2026<\/a><\/p><\/blockquote>\n<p class=\"v-d-p\">El comisario ha explicado en la red &#8216;X&#8217; que esta ma\u00f1ana \u00abtuve una buena llamada telef\u00f3nica con el ministro Grande-Marlaska sobre la evoluci\u00f3n de la situaci\u00f3n en Ceuta. Me actualiz\u00f3 sobre la respuesta de Espa\u00f1a y los pr\u00f3ximos pasos en relaci\u00f3n con el retorno de aquellos que permanecen ilegalmente, as\u00ed como los esfuerzos para mejorar la seguridad en el terreno\u00bb<\/p>\n<p class=\"v-d-p\">Brunner tiene previsto recibir en Bruselas al presidente de Ceuta, Juan Jes\u00fas Vivas, el pr\u00f3ximo d\u00eda 8 de septiembre. Vivas se reunir\u00e1 tambi\u00e9n con la comisaria para el Mediterr\u00e1neo Dubravka Suica, adem\u00e1s de visitar el Parlamento Europeo donde se entrevistar\u00e1 con el presidente del Partido Popular Europeo, el alem\u00e1n Manfred Weber.<\/p>\n","protected":false},"excerpt":{"rendered":"El comisario europeo de Migraciones e Interior, Magnus Brunner, ha anunciado que tras una conversaci\u00f3n telef\u00f3nica con Fernando&hellip;\n","protected":false},"author":2,"featured_media":748652,"comment_status":"","ping_status":"","sticky":false,"template":"","format":"standard","meta":{"footnotes":""},"categories":[8],"tags":[17,18,39157,25,24,5824,13,14,11,6779,891,19,20,31009,75224,9,10,15,16,661,7197,2596,23,12,21,22],"class_list":["post-748651","post","type-post","status-publish","format-standard","has-post-thumbnail","category-espana","tag-breaking-news","tag-breakingnews","tag-comisario","tag-es","tag-espana","tag-europeo","tag-featured-news","tag-featurednews","tag-headlines","tag-ilegales","tag-inmigrantes","tag-latest-news","tag-latestnews","tag-marlaska","tag-migraciones","tag-news","tag-noticias","tag-noticias-destacadas","tag-noticiasdestacadas","tag-objetivo","tag-recuerda","tag-regreso","tag-spain","tag-titulares","tag-ultimas-noticias","tag-ultimasnoticias"],"share_on_mastodon":{"url":"https:\/\/pubeurope.com\/@es\/117216578367128304","error":""},"_links":{"self":[{"href":"https:\/\/www.europesays.com\/es\/wp-json\/wp\/v2\/posts\/748651","targetHints":{"allow":["GET"]}}],"collection":[{"href":"https:\/\/www.europesays.com\/es\/wp-json\/wp\/v2\/posts"}],"about":[{"href":"https:\/\/www.europesays.com\/es\/wp-json\/wp\/v2\/types\/post"}],"author":[{"embeddable":true,"href":"https:\/\/www.europesays.com\/es\/wp-json\/wp\/v2\/users\/2"}],"replies":[{"embeddable":true,"href":"https:\/\/www.europesays.com\/es\/wp-json\/wp\/v2\/comments?post=748651"}],"version-history":[{"count":0,"href":"https:\/\/www.europesays.com\/es\/wp-json\/wp\/v2\/posts\/748651\/revisions"}],"wp:featuredmedia":[{"embeddable":true,"href":"https:\/\/www.europesays.com\/es\/wp-json\/wp\/v2\/media\/748652"}],"wp:attachment":[{"href":"https:\/\/www.europesays.com\/es\/wp-json\/wp\/v2\/media?parent=748651"}],"wp:term":[{"taxonomy":"category","embeddable":true,"href":"https:\/\/www.europesays.com\/es\/wp-json\/wp\/v2\/categories?post=748651"},{"taxonomy":"post_tag","embeddable":true,"href":"https:\/\/www.europesays.com\/es\/wp-json\/wp\/v2\/tags?post=748651"}],"curies":[{"name":"wp","href":"https:\/\/api.w.org\/{rel}","templated":true}]}}