{"id":748665,"date":"2026-09-05T04:54:14","date_gmt":"2026-09-05T04:54:14","guid":{"rendered":"https:\/\/www.europesays.com\/es\/748665\/"},"modified":"2026-09-05T04:54:14","modified_gmt":"2026-09-05T04:54:14","slug":"crecen-los-casos-de-gripe-a-covid-y-virus-respiratorios-antes-de-la-vuelta-al-cole-en-malaga-los-consejos-del-dr-baca","status":"publish","type":"post","link":"https:\/\/www.europesays.com\/es\/748665\/","title":{"rendered":"Crecen los casos de gripe A, Covid y virus respiratorios antes de la vuelta al cole en M\u00e1laga: los consejos del Dr. Baca"},"content":{"rendered":"<p>                Las claves<\/p>\n<p>\n                    Generado con IA\n                <\/p>\n<p>            <a class=\"key__news__heading--closed-content\" href=\"http:\/\/www.elespanol.com\/suscripciones\/#utm_source=internal&amp;utm_medium=claves\" rel=\"nofollow noopener\" target=\"_blank\"><\/p>\n<p class=\"item--text\">\n                                Los casos de gripe A, Covid y otros virus respiratorios han aumentado entre un 20 y 30% en las urgencias de M\u00e1laga, seg\u00fan el Hospital Quir\u00f3nsalud.\n                            <\/p>\n<p class=\"item--text\">\n                                La vuelta al colegio incrementa la transmisi\u00f3n de virus entre los ni\u00f1os, que pasan muchas horas juntos en las aulas.\n                            <\/p>\n<p class=\"item--text\">\n                                El Dr. Manuel Baca recomienda medidas como lavarse las manos, ventilar bien las aulas, no compartir botellas y evitar acudir a clase si el ni\u00f1o est\u00e1 enfermo.\n                            <\/p>\n<p class=\"item--text\">\n                                Se aconseja prestar atenci\u00f3n a s\u00edntomas graves en los ni\u00f1os y mantener h\u00e1bitos saludables como dormir bien, buena alimentaci\u00f3n, actividad f\u00edsica y evitar el humo del tabaco.\n                            <\/p>\n<p class=\"paragraph\" id=\"paragraph_1\">El calor, los aire acondicionados, un mayor contacto f\u00edsico&#8230; Todo est\u00e1 derivando en un <strong>aumento de los casos de gripe A, Covid<\/strong> y en la proliferaci\u00f3n de otros <strong>virus respiratorios<\/strong> en M\u00e1laga.<\/p>\n<p class=\"paragraph\" id=\"paragraph_2\">As\u00ed lo indican desde el <strong>Hospital Quir\u00f3nsalud M\u00e1laga<\/strong>, donde apuntan que ha habido un <strong>incremento de entre el 20 y el 30% de la actividad en Urgencias<\/strong> por estos motivos.<\/p>\n<p class=\"paragraph\" id=\"paragraph_3\"><strong>Manuel Baca<\/strong> es el jefe de pediatr\u00eda de este hospital. Asegura que ahora, en plena vuelta al cole, los virus respiratorios se propagan con m\u00e1s facilidad y hay que tener cuidado.<\/p>\n<p class=\"paragraph\" id=\"paragraph_4\">\u201c<strong>Miles de ni\u00f1os vuelven a pasar varias horas al d\u00eda juntos en aulas, multiplic\u00e1ndose nuevamente las oportunidades de transmisi\u00f3n<\/strong>. Los ni\u00f1os regresan al colegio, ya muchos con mocos y tos, por lo que se prev\u00e9 que aumente a\u00fan m\u00e1s este pico de virus respiratorios\u201d, indica.<\/p>\n<p class=\"paragraph\" id=\"paragraph_5\">No se trata de generar alarma, pero s\u00ed de tomar las medidas oportunas.<\/p>\n<p class=\"paragraph\" id=\"paragraph_6\">\u201cNo se trata de convertir el colegio en un espacio est\u00e9ril, sino de recuperar h\u00e1bitos sencillos: lavarse las manos, cubrirse al toser, no compartir botellas, ventilar y evitar acudir a clase cuando el ni\u00f1o est\u00e1 realmente enfermo\u201d, a\u00f1ade el pediatra.<\/p>\n<p class=\"paragraph\" id=\"paragraph_7\">Baca pone \u00e9nfasis, sobre todo, en la ventilaci\u00f3n, que corra el aire.<\/p>\n<p class=\"paragraph\" id=\"paragraph_8\">\u201cDurante a\u00f1os hemos identificado prevenci\u00f3n con lavarse las manos. Sigue siendo fundamental, pero hoy sabemos que tambi\u00e9n debemos cuidar el aire que respiramos y <strong>ventilar con regularidad los espacios interiores<\/strong>\u201d, explica.<\/p>\n<p class=\"paragraph\" id=\"paragraph_9\">Y hay que saber diferenciar lo que es un simple resfriado de algo m\u00e1s grave. Si hay fiebre, mal estado general, dificultad respiratoria, decaimiento, v\u00f3mitos o imposibilidad de comer o beber hay que ir al m\u00e9dico.<\/p>\n<p class=\"paragraph\" id=\"paragraph_10\">Si son ni\u00f1os muy peque\u00f1os se debe prestar especial atenci\u00f3n a signos como respiraci\u00f3n r\u00e1pida o dificultosa, hundimiento de las costillas al respirar, rechazo persistente de l\u00edquidos, somnolencia excesiva o un empeoramiento llamativo del estado general.<\/p>\n<p class=\"paragraph\" id=\"paragraph_11\">Y, tengan un virus respiratorio o no, Baca siempre recomienda \u201c<strong>dormir adecuadamente, alimentarse bien, realizar actividad f\u00edsica, tener las vacunas correspondientes a la edad y evitar la exposici\u00f3n al humo del tabaco<\/strong>. Adem\u00e1s, <strong>favorecer el juego y las actividades al aire libre<\/strong>, que aportan actividad f\u00edsica, reducen el tiempo de pantallas y aumentan la exposici\u00f3n a la luz natural\u201d.<\/p>\n","protected":false},"excerpt":{"rendered":"Las claves Generado con IA Los casos de gripe A, Covid y otros virus respiratorios han aumentado entre&hellip;\n","protected":false},"author":2,"featured_media":748666,"comment_status":"","ping_status":"","sticky":false,"template":"","format":"standard","meta":{"footnotes":""},"categories":[92],"tags":[25,24,165,72896,17168,166,23],"class_list":["post-748665","post","type-post","status-publish","format-standard","has-post-thumbnail","category-salud","tag-es","tag-espana","tag-health","tag-hospital-quironsalud","tag-pediatria","tag-salud","tag-spain"],"share_on_mastodon":{"url":"https:\/\/pubeurope.com\/@es\/117216651962327152","error":""},"_links":{"self":[{"href":"https:\/\/www.europesays.com\/es\/wp-json\/wp\/v2\/posts\/748665","targetHints":{"allow":["GET"]}}],"collection":[{"href":"https:\/\/www.europesays.com\/es\/wp-json\/wp\/v2\/posts"}],"about":[{"href":"https:\/\/www.europesays.com\/es\/wp-json\/wp\/v2\/types\/post"}],"author":[{"embeddable":true,"href":"https:\/\/www.europesays.com\/es\/wp-json\/wp\/v2\/users\/2"}],"replies":[{"embeddable":true,"href":"https:\/\/www.europesays.com\/es\/wp-json\/wp\/v2\/comments?post=748665"}],"version-history":[{"count":0,"href":"https:\/\/www.europesays.com\/es\/wp-json\/wp\/v2\/posts\/748665\/revisions"}],"wp:featuredmedia":[{"embeddable":true,"href":"https:\/\/www.europesays.com\/es\/wp-json\/wp\/v2\/media\/748666"}],"wp:attachment":[{"href":"https:\/\/www.europesays.com\/es\/wp-json\/wp\/v2\/media?parent=748665"}],"wp:term":[{"taxonomy":"category","embeddable":true,"href":"https:\/\/www.europesays.com\/es\/wp-json\/wp\/v2\/categories?post=748665"},{"taxonomy":"post_tag","embeddable":true,"href":"https:\/\/www.europesays.com\/es\/wp-json\/wp\/v2\/tags?post=748665"}],"curies":[{"name":"wp","href":"https:\/\/api.w.org\/{rel}","templated":true}]}}