{"id":748667,"date":"2026-09-05T04:55:33","date_gmt":"2026-09-05T04:55:33","guid":{"rendered":"https:\/\/www.europesays.com\/es\/748667\/"},"modified":"2026-09-05T04:55:33","modified_gmt":"2026-09-05T04:55:33","slug":"koral-antolin-crear-cuadros-puntada-a-puntada-desde-su-taller-de-malasana-placeres-s-moda","status":"publish","type":"post","link":"https:\/\/www.europesays.com\/es\/748667\/","title":{"rendered":"Koral Antol\u00edn, crear cuadros puntada a puntada desde su taller de Malasa\u00f1a | Placeres | S Moda"},"content":{"rendered":"<p class=\"\"><a href=\"https:\/\/www.instagram.com\/koralantolin\/?hl=en\" target=\"_blank\" rel=\"noreferrer nofollow noopener\" title=\"https:\/\/www.instagram.com\/koralantolin\/?hl=en\">Koral Antol\u00edn<\/a> evoca una infancia n\u00f3mada y, sobre todo, llena de libertad: naci\u00f3 hace 37 a\u00f1os en Calella de Palafrugell, luego vivi\u00f3 en Candeleda y Talavera de la Reina. \u201cMis padres quisieron que tuvi\u00e9ramos la libertad de poder estar en un sitio sin coches, una infancia en un pueblo, esa libertad me ha marcado\u201d, explica en su estudio del barrio madrile\u00f1o de Malasa\u00f1a, un espacio de techos altos y paredes blancas en las que muestra algunas de sus obras, siempre con el tejido como protagonista. <\/p>\n<p><img alt=\"\" decoding=\"auto\" class=\"_re lazyload a_m-v\" height=\"621\"  width=\"414\"  src=\"https:\/\/www.europesays.com\/es\/wp-content\/uploads\/2026\/09\/BK74DAVJABCRDD2YGLN4AS7NRQ.jpg\" loading=\"lazy\" fetchpriority=\"low\"\/>El estudio de la creadora en el barrio madrile\u00f1o de Malasa\u00f1a, con las obras &#8216;Venus blanca &amp; azul&#8217; y &#8216;Venus azul&#8217; y &#8216;Movimiento no. 3&#8217;.CORTES\u00cdA DE LA ARTISTA<\/p>\n<p class=\"\">Quer\u00eda ser actriz en la Resad, pero termin\u00f3 estudiando Bellas Artes en la Complutense. Aunque se especializ\u00f3 en dibujo y grabado ha acabado creando <a href=\"https:\/\/elpais.com\/smoda\/placeres\/2025-03-05\/obra-textil-al-alza-en-las-galerias-mas-jovenes-de-arco-hay-interes-en-resignificar-materiales-y-procesos-vinculados-historicamente-a-lo-femenino.html\" target=\"_blank\" rel=\"noreferrer nofollow noopener\" title=\"https:\/\/elpais.com\/smoda\/placeres\/2025-03-05\/obra-textil-al-alza-en-las-galerias-mas-jovenes-de-arco-hay-interes-en-resignificar-materiales-y-procesos-vinculados-historicamente-a-lo-femenino.html\">cuadros bordados<\/a>, puntada a puntada, con la lana, el algod\u00f3n y el lino como protagonistas. \u201cSiempre tuve habilidad con las manos, analizaba las cosas para ver c\u00f3mo se hac\u00edan\u201d, recuerda, \u201cantes era todo m\u00e1s r\u00edgido, pero ahora veo una fusi\u00f3n entre arte, dise\u00f1o y artesan\u00eda\u201d.<\/p>\n<p><img alt=\"\" decoding=\"auto\" class=\"_re lazyload a_m-v\" height=\"571\"  width=\"414\"  src=\"https:\/\/www.europesays.com\/es\/wp-content\/uploads\/2026\/09\/M2CABPDARBCOZFPP2O6DB7G6PM.jpg\" loading=\"lazy\" fetchpriority=\"low\"\/>&#8216;Venus naranja&#8217;, 2026.CORTES\u00cdA DE LA ARTISTA<\/p>\n<p class=\"\">Defiende el conocimiento a fondo de las t\u00e9cnicas (fue un dibujo de Leonardo da Vinci que vio en la National Gallery de Londres lo que la impuls\u00f3 a crear), pero sostiene que le \u201cllama mucho m\u00e1s la atenci\u00f3n la abstracci\u00f3n\u201d. Queda patente en sus piezas, que pueden verse en paradores como el de Ibiza o en hoteles de lujo como La Zambra (Mijas). <\/p>\n<p><img alt=\"\" decoding=\"auto\" class=\"_re lazyload a_m-v\" height=\"621\"  width=\"414\"  src=\"https:\/\/www.europesays.com\/es\/wp-content\/uploads\/2026\/09\/GB6I2A4KQZFJPESKGLLB5JEQ2Q.jpg\" loading=\"lazy\" fetchpriority=\"low\"\/>&#8216;Movimiento no.15&#8217;, 2026.CORTES\u00cdA DE LA ARTISTA<\/p>\n<p class=\"\">En sus inicios, internet fue clave para recibir encargos: \u201cEn los mundos creativos es muy dif\u00edcil entrar, sobre todo si no vienes de ah\u00ed y no tienes contactos. Impart\u00eda cursos en Domestika y empec\u00e9 un blog de do it yourself y me contactaban por ah\u00ed. Ahora la obra serial me da pulm\u00f3n para hacer obra personal\u201d. Quiere empezar a incorporar pintura a sus cuadros, que est\u00e1n creados \u201ccon apliques, bordado, costura y trenzados\u201d, en ese empe\u00f1o por \u201cla difuminaci\u00f3n de barreras entre las diferentes artes\u201d.<\/p>\n<p><script async src=\"\/\/www.instagram.com\/embed.js\"><\/script><\/p>\n","protected":false},"excerpt":{"rendered":"Koral Antol\u00edn evoca una infancia n\u00f3mada y, sobre todo, llena de libertad: naci\u00f3 hace 37 a\u00f1os en Calella&hellip;\n","protected":false},"author":2,"featured_media":748668,"comment_status":"","ping_status":"","sticky":false,"template":"","format":"standard","meta":{"footnotes":""},"categories":[91],"tags":[229,22715,16568,4194,146,147,25,24,13084,205,23,63190,3902],"class_list":["post-748667","post","type-post","status-publish","format-standard","has-post-thumbnail","category-entretenimiento","tag-arte","tag-artesania","tag-bellas-artes","tag-cuadros","tag-entertainment","tag-entretenimiento","tag-es","tag-espana","tag-hoteles","tag-madrid","tag-spain","tag-tejidos","tag-textil"],"share_on_mastodon":{"url":"https:\/\/pubeurope.com\/@es\/117216657260067509","error":""},"_links":{"self":[{"href":"https:\/\/www.europesays.com\/es\/wp-json\/wp\/v2\/posts\/748667","targetHints":{"allow":["GET"]}}],"collection":[{"href":"https:\/\/www.europesays.com\/es\/wp-json\/wp\/v2\/posts"}],"about":[{"href":"https:\/\/www.europesays.com\/es\/wp-json\/wp\/v2\/types\/post"}],"author":[{"embeddable":true,"href":"https:\/\/www.europesays.com\/es\/wp-json\/wp\/v2\/users\/2"}],"replies":[{"embeddable":true,"href":"https:\/\/www.europesays.com\/es\/wp-json\/wp\/v2\/comments?post=748667"}],"version-history":[{"count":0,"href":"https:\/\/www.europesays.com\/es\/wp-json\/wp\/v2\/posts\/748667\/revisions"}],"wp:featuredmedia":[{"embeddable":true,"href":"https:\/\/www.europesays.com\/es\/wp-json\/wp\/v2\/media\/748668"}],"wp:attachment":[{"href":"https:\/\/www.europesays.com\/es\/wp-json\/wp\/v2\/media?parent=748667"}],"wp:term":[{"taxonomy":"category","embeddable":true,"href":"https:\/\/www.europesays.com\/es\/wp-json\/wp\/v2\/categories?post=748667"},{"taxonomy":"post_tag","embeddable":true,"href":"https:\/\/www.europesays.com\/es\/wp-json\/wp\/v2\/tags?post=748667"}],"curies":[{"name":"wp","href":"https:\/\/api.w.org\/{rel}","templated":true}]}}