{"id":748689,"date":"2026-09-05T05:18:29","date_gmt":"2026-09-05T05:18:29","guid":{"rendered":"https:\/\/www.europesays.com\/es\/748689\/"},"modified":"2026-09-05T05:18:29","modified_gmt":"2026-09-05T05:18:29","slug":"no-es-solo-una-sensacion-el-calor-podria-estar-alterando-tu-ciclo-menstrual","status":"publish","type":"post","link":"https:\/\/www.europesays.com\/es\/748689\/","title":{"rendered":"No es solo una sensaci\u00f3n: el calor podr\u00eda estar alterando tu ciclo menstrual"},"content":{"rendered":"<p>El calor extremo ya no solo se mide en term\u00f3metros r\u00e9cord o noches tropicales interminables. Cada vez hay m\u00e1s mujeres que aseguran haber notado cambios en su menstruaci\u00f3n durante las olas de calor: reglas que llegan antes de tiempo, sangrados m\u00e1s abundantes o ciclos que se desordenan sin una explicaci\u00f3n aparente. La ciencia a\u00fan no tiene una respuesta definitiva, pero empieza a encontrar pistas que apuntan a que el estr\u00e9s t\u00e9rmico podr\u00eda influir en el delicado equilibrio hormonal que regula el ciclo menstrual.<\/p>\n<p><a target=\"_blank\" href=\"https:\/\/www.mundiario.com\/ads\/20260820143122436440\" rel=\"nofollow noopener\"> <img decoding=\"async\" src=\"https:\/\/www.europesays.com\/es\/wp-content\/uploads\/2026\/09\/1788585507_828_2026082014295245830.jpg\" alt=\"Publicidad 436440\" width=\"300\" height=\"600\" loading=\"lazy\"\/> <\/a><\/p>\n<p>Los especialistas consultados por El Pa\u00eds coinciden en que no se puede atribuir cualquier alteraci\u00f3n exclusivamente al calor. Sin embargo, sostienen que existe una base biol\u00f3gica plausible para que las temperaturas extremas afecten a algunas mujeres, especialmente cuando coinciden con falta de sue\u00f1o, deshidrataci\u00f3n, estr\u00e9s emocional y cambios en los h\u00e1bitos cotidianos.<\/p>\n<p>El contexto tambi\u00e9n importa. El cambio clim\u00e1tico est\u00e1 haciendo que las olas de calor sean m\u00e1s frecuentes, m\u00e1s largas y m\u00e1s intensas. Eso significa que millones de personas pasan semanas sometidas a un esfuerzo constante para mantener estable su temperatura corporal, y ese desgaste podr\u00eda tener consecuencias que van m\u00e1s all\u00e1 del agotamiento o la deshidrataci\u00f3n.<\/p>\n<p>La menstruaci\u00f3n, explican los expertos, es el resultado final de un complejo sistema de se\u00f1ales hormonales que involucra al cerebro, la hip\u00f3fisis y los ovarios. Cuando ese sistema se somete a un estr\u00e9s continuado, como el que provoca el calor extremo, algunos de sus mecanismos pueden resentirse.<\/p>\n<p>Qu\u00e9 cambios pueden aparecer durante una ola de calor<\/p>\n<p>Los estudios disponibles describen varios patrones que podr\u00edan repetirse con mayor frecuencia en ambientes especialmente c\u00e1lidos. Entre ellos destacan ciclos m\u00e1s cortos o irregulares, menstruaciones m\u00e1s abundantes y una mayor sensaci\u00f3n de incomodidad durante la regla.<\/p>\n<p><a target=\"_blank\" href=\"https:\/\/www.mundiario.com\/ads\/20260403144004381291\" rel=\"nofollow noopener\"> <img decoding=\"async\" src=\"https:\/\/www.europesays.com\/es\/wp-content\/uploads\/2026\/09\/1788585509_246_2026040314384621093.gif\" alt=\"Publicidad 381291\" width=\"300\" height=\"600\" loading=\"lazy\"\/> <\/a><\/p>\n<p>Una investigaci\u00f3n realizada en China con trabajadoras expuestas a distintos climas observ\u00f3 que quienes viv\u00edan en zonas m\u00e1s calurosas presentaban una mayor incidencia de trastornos menstruales. En ese grupo fueron m\u00e1s habituales las reglas abundantes y las alteraciones en la duraci\u00f3n del ciclo, mientras que el s\u00edndrome premenstrual no mostr\u00f3 diferencias significativas.<\/p>\n<p>Por su parte, una revisi\u00f3n cient\u00edfica elaborada por investigadores nigerianos concluy\u00f3 que el estr\u00e9s t\u00e9rmico puede favorecer desequilibrios hormonales, alterar la regularidad menstrual e incluso reducir la funci\u00f3n ov\u00e1rica. Aunque buena parte de la evidencia procede todav\u00eda de estudios experimentales y modelos animales, los resultados apuntan hacia una misma direcci\u00f3n: el calor prolongado puede convertirse en un factor de presi\u00f3n sobre el sistema reproductivo.<\/p>\n<p>El cerebro tambi\u00e9n participa en el impacto del calor<\/p>\n<p>La ginec\u00f3loga Ana Robles, del Hospital del Mar de Barcelona, relata al diario antes mencionado que la explicaci\u00f3n m\u00e1s consistente pasa por el eje hipotal\u00e1mico-hipofisario-ov\u00e1rico, el sistema encargado de coordinar la producci\u00f3n hormonal que regula la ovulaci\u00f3n y la menstruaci\u00f3n.<\/p>\n<p>El hipot\u00e1lamo desempe\u00f1a un doble papel especialmente relevante: adem\u00e1s de participar en el control reproductivo, tambi\u00e9n act\u00faa como uno de los principales centros reguladores de la temperatura corporal. Cuando el organismo permanece sometido durante d\u00edas a un importante estr\u00e9s t\u00e9rmico, ese equilibrio puede alterarse.<\/p>\n<p>Si las se\u00f1ales hormonales cambian, el resultado puede traducirse en ovulaciones retrasadas, ciclos m\u00e1s largos, reglas adelantadas o incluso la ausencia puntual de menstruaci\u00f3n. No significa que ocurra en todas las mujeres, pero s\u00ed que existe un mecanismo biol\u00f3gico que podr\u00eda explicar por qu\u00e9 algunas experimentan estos cambios.<\/p>\n<p>Dormir peor y vivir con m\u00e1s estr\u00e9s agrava el problema<\/p>\n<p>El calor rara vez llega solo. Las noches sofocantes reducen la calidad del sue\u00f1o, aumentan la irritabilidad y elevan los niveles de estr\u00e9s, dos factores que la medicina lleva a\u00f1os relacionando con alteraciones del ciclo menstrual.<\/p>\n<p>La falta de descanso modifica la secreci\u00f3n de melatonina, una hormona que tambi\u00e9n participa en el funcionamiento ov\u00e1rico. A su vez, el estr\u00e9s emocional puede interferir en la producci\u00f3n de otras hormonas esenciales para mantener la regularidad menstrual.<\/p>\n<p>Los investigadores que analizaron el caso de las trabajadoras en climas c\u00e1lidos encontraron precisamente esa combinaci\u00f3n: temperaturas elevadas, peor sue\u00f1o y mayor carga psicol\u00f3gica aparec\u00edan como factores estrechamente relacionados con las alteraciones menstruales.<\/p>\n<p>Por qu\u00e9 las mujeres son m\u00e1s vulnerables al calor<\/p>\n<p>La relaci\u00f3n entre calor y menstruaci\u00f3n funciona adem\u00e1s en ambos sentidos. Las hormonas sexuales tambi\u00e9n modifican la forma en que el cuerpo combate las altas temperaturas.<\/p>\n<p>Las mujeres suelen comenzar a sudar cuando su temperatura corporal ya es m\u00e1s elevada que la de los hombres y dependen m\u00e1s de la vasodilataci\u00f3n perif\u00e9rica para disipar el calor. Adem\u00e1s, durante la fase l\u00fatea \u2014la segunda mitad del ciclo menstrual\u2014 la temperatura basal aumenta de forma natural, lo que deja menos margen antes de alcanzar niveles de sobrecarga t\u00e9rmica.<\/p>\n<p>Seg\u00fan explica Asensio L\u00f3pez, coordinador del Programa de Actividades Preventivas de la Sociedad Espa\u00f1ola de Medicina Familiar y Comunitaria, esa circunstancia hace que muchas mujeres perciban el calor como m\u00e1s intenso durante esos d\u00edas y que el agotamiento aparezca con mayor facilidad.<\/p>\n<p>Embarazo, menopausia y enfermedades cardiovasculares elevan el riesgo<\/p>\n<p>Las etapas de mayores cambios hormonales tambi\u00e9n modifican la respuesta al calor. Durante el embarazo aumenta el calor interno porque el feto genera temperatura adicional, el sistema cardiovascular trabaja m\u00e1s intensamente y el riesgo de deshidrataci\u00f3n crece.<\/p>\n<p>En la menopausia desaparece buena parte del efecto protector de los estr\u00f3genos sobre la regulaci\u00f3n t\u00e9rmica. Eso dificulta mantener estable la presi\u00f3n arterial y puede favorecer mareos o episodios de hipotensi\u00f3n.<\/p>\n<p>La cardi\u00f3loga Antonia Sambola, coordinadora del Grupo en Enfermedad Cardiovascular de la Mujer de la Sociedad Espa\u00f1ola de Cardiolog\u00eda, recuerda que las altas temperaturas obligan al coraz\u00f3n a realizar un esfuerzo adicional para conservar la presi\u00f3n arterial mediante un aumento de la frecuencia card\u00edaca y la dilataci\u00f3n de los vasos sangu\u00edneos.<\/p>\n<p>Diversas investigaciones tambi\u00e9n han observado que la mortalidad asociada al calor es mayor en mujeres que en hombres, un fen\u00f3meno en el que intervienen tanto diferencias fisiol\u00f3gicas como factores sociales, entre ellos la edad avanzada, la soledad, la precariedad econ\u00f3mica o la ausencia de aire acondicionado.<\/p>\n<p>Cuando conviene consultar al m\u00e9dico<\/p>\n<p>Los especialistas insisten en que un cambio puntual en la menstruaci\u00f3n durante una ola de calor no implica necesariamente que exista un problema grave. Sin embargo, recomiendan prestar atenci\u00f3n cuando las alteraciones persisten durante varios ciclos, aparecen sangrados muy abundantes, dolor intenso o la ausencia prolongada de la regla.<\/p>\n<p>Mientras la investigaci\u00f3n contin\u00faa aclarando hasta qu\u00e9 punto el calor extremo influye directamente en la salud menstrual, el mensaje principal es claro: hidratarse correctamente, descansar lo mejor posible y reducir la exposici\u00f3n prolongada a temperaturas elevadas no solo ayuda a prevenir golpes de calor, sino que tambi\u00e9n puede contribuir a proteger el equilibrio hormonal del organismo. @mundiario<\/p>\n","protected":false},"excerpt":{"rendered":"El calor extremo ya no solo se mide en term\u00f3metros r\u00e9cord o noches tropicales interminables. Cada vez hay&hellip;\n","protected":false},"author":2,"featured_media":748690,"comment_status":"","ping_status":"","sticky":false,"template":"","format":"standard","meta":{"footnotes":""},"categories":[92],"tags":[40424,4922,3463,132985,25,24,18884,1292,165,1374,166,23],"class_list":["post-748689","post","type-post","status-publish","format-standard","has-post-thumbnail","category-salud","tag-alteraciones","tag-calor","tag-cambios","tag-ciclo-menstrual","tag-es","tag-espana","tag-estres-termico","tag-estudio","tag-health","tag-ola-de-calor","tag-salud","tag-spain"],"share_on_mastodon":{"url":"https:\/\/pubeurope.com\/@es\/117216747228010690","error":""},"_links":{"self":[{"href":"https:\/\/www.europesays.com\/es\/wp-json\/wp\/v2\/posts\/748689","targetHints":{"allow":["GET"]}}],"collection":[{"href":"https:\/\/www.europesays.com\/es\/wp-json\/wp\/v2\/posts"}],"about":[{"href":"https:\/\/www.europesays.com\/es\/wp-json\/wp\/v2\/types\/post"}],"author":[{"embeddable":true,"href":"https:\/\/www.europesays.com\/es\/wp-json\/wp\/v2\/users\/2"}],"replies":[{"embeddable":true,"href":"https:\/\/www.europesays.com\/es\/wp-json\/wp\/v2\/comments?post=748689"}],"version-history":[{"count":0,"href":"https:\/\/www.europesays.com\/es\/wp-json\/wp\/v2\/posts\/748689\/revisions"}],"wp:featuredmedia":[{"embeddable":true,"href":"https:\/\/www.europesays.com\/es\/wp-json\/wp\/v2\/media\/748690"}],"wp:attachment":[{"href":"https:\/\/www.europesays.com\/es\/wp-json\/wp\/v2\/media?parent=748689"}],"wp:term":[{"taxonomy":"category","embeddable":true,"href":"https:\/\/www.europesays.com\/es\/wp-json\/wp\/v2\/categories?post=748689"},{"taxonomy":"post_tag","embeddable":true,"href":"https:\/\/www.europesays.com\/es\/wp-json\/wp\/v2\/tags?post=748689"}],"curies":[{"name":"wp","href":"https:\/\/api.w.org\/{rel}","templated":true}]}}