{"id":748711,"date":"2026-09-05T05:39:18","date_gmt":"2026-09-05T05:39:18","guid":{"rendered":"https:\/\/www.europesays.com\/es\/748711\/"},"modified":"2026-09-05T05:39:18","modified_gmt":"2026-09-05T05:39:18","slug":"la-dolce-y-fertil-vita-de-robert-de-niro-en-espana","status":"publish","type":"post","link":"https:\/\/www.europesays.com\/es\/748711\/","title":{"rendered":"La dolce (y f\u00e9rtil) vita de Robert De Niro en Espa\u00f1a"},"content":{"rendered":"<p>Dentro de la liturgia veraniega del actor <a title=\"Robert De Niro\" href=\"https:\/\/www.larazon.es\/gente\/famosos\/robert-niro-82-anos-vida-cine-corazon-espanol_2025081768a181715331f214bde4142d.html\" target=\"_blank\" rel=\"nofollow noopener\">Robert De Niro<\/a>, figura en su extensa agenda la visita obligada a Espa\u00f1a. Este a\u00f1o tambi\u00e9n ha sido as\u00ed y le ha sumado un inter\u00e9s m\u00e1s personal, ya que este mes de septiembre <b>ha inaugurado un nuevo Nobu en Madrid.<\/b> De esta manera, suma uno m\u00e1s a los que tiene ya repartidos por todo el mundo: Estados Unidos, Europa y, en Espa\u00f1a, concretamente en Barcelona, Ibiza, Marbella y San Sebasti\u00e1n. En los pr\u00f3ximos meses, seg\u00fan anuncia la cadena a LA RAZ\u00d3N, se abrir\u00e1n nuevos establecimientos en el Caribe, Maldivas y Egipto.<\/p>\n<p><img decoding=\"async\" loading=\"lazy\" src=\"https:\/\/www.europesays.com\/es\/wp-content\/uploads\/2026\/09\/1788586756_996_58.jpg\" alt=\"NY Premiere of &quot;The Whisper Man&quot;\" width=\"6035\" height=\"4023\"\/><b>NY Premiere of \u00abThe Whisper Man\u00bb<\/b> AP Photo\/Andy Kropa Agencia AP<\/p>\n<p>La apertura el pasado martes del Nobu Hospitality se vivi\u00f3 como un hito en la capital de Espa\u00f1a. <b>El establecimiento ha abierto sus puertas con 50 habitaciones y suites en pleno centro madrile\u00f1o,<\/b> en la esquina de Alcal\u00e1 con Cedaceros, a poca distancia de Cibeles, El Retiro y el Tri\u00e1ngulo del Arte. La gastronom\u00eda ocupa aqu\u00ed, como en el resto de establecimientos de la cadena, un lugar central. El hotel dispone de gimnasio y zona de bienestar y ofrece servicio de habitaciones Nobu durante las 24 horas. Algunas de sus suites parten de los 1.335 euros por noche. La experiencia se completa con una piscina cubierta.<\/p>\n<p><b>En todo este emporio, el rostro de Robert De Niro est\u00e1 detr\u00e1s del negocio,<\/b> no delante. Su nombre aparece en la historia corporativa y, en ocasiones, participa en inauguraciones o actos relacionados con la compa\u00f1\u00eda. Como nos dice su socio en Nobu Marbella y en el Caribe, el empresario millonario Daniel Shamoon: <b>\u00ab\u00c9l es muy sencillo y muy humilde<\/b> y no le gusta estar delante de una c\u00e1mara si no es porque rueda una pel\u00edcula; a \u00e9l le gusta estar siempre detr\u00e1s\u00bb.<\/p>\n<p>Esa es la realidad: la discreci\u00f3n. <b>No hay una campa\u00f1a permanente basada en su rostro, <\/b>no se presenta la estancia como una oportunidad para dormir en un hotel de Robert De Niro y tampoco se utiliza su carrera cinematogr\u00e1fica como argumento principal de venta. De Niro y el productor cinematogr\u00e1fico Meir Teper inauguraron su primer restaurante conjunto en Nueva York en 1994 y, casi dos d\u00e9cadas despu\u00e9s, en 2013, trasladaron su concepto al negocio hotelero <b>junto al chef japon\u00e9s Nobu Matsuhisa.<\/b><\/p>\n<p>Cifras millonarias<\/p>\n<p>El actor goza de una vida tan completa que ahora pasa por tener tiempo de calidad con su familia. La marca Nobu, que \u00e9l ha contribuido a construir y que se estima que factura entre 500 y 1.000 millones de d\u00f3lares anuales, se sostiene sobre <b>la gastronom\u00eda, el dise\u00f1o, el servicio y una idea de lujo cosmopolita.<\/b><\/p>\n<p>El actor estudia cada establecimiento hotelero que pisa durante su tiempo de ocio y uno de sus favoritos est\u00e1 en Espa\u00f1a:<b> el complejo de Puente Romano.<\/b> El lujo le acompa\u00f1a por donde pasa y esta vez, durante sus vacaciones, eligi\u00f3 para hospedarse con su mujer y su peque\u00f1a La Serrana, un refugio boutique en plena Milla de Oro marbell\u00ed, pero oculto en la monta\u00f1a, que recrea el perfecto cortijo andaluz, donde nadie le molesta.<\/p>\n<p><img decoding=\"async\" loading=\"lazy\" src=\"https:\/\/www.europesays.com\/es\/wp-content\/uploads\/2026\/09\/serrana-marbella_58.jpg\" alt=\"La Serrana (Marbella)\" width=\"1170\" height=\"750\"\/><b>La Serrana (Marbella)<\/b> Amparo de la Gama<\/p>\n<p>All\u00ed se ha reunido con amigos como Fabio Granato, de Serafina, o <b>Antonio Banderas. <\/b>El actor malague\u00f1o, con quien comparte la afici\u00f3n hostelera, ejerce de anfitri\u00f3n cuando visita la tierra malague\u00f1a. En verano de 2024 estuvieron juntos con sus parejas \u2013Nicole Kimpel y Tiffany Chen\u2013 y comieron, entre otros lugares, en Bardal, el restaurante de Benito G\u00f3mez en Ronda.<b> En julio de 2025 repitieron en Marbella un encuentro que ya se ha vuelto tradici\u00f3n.<\/b><\/p>\n<p>Noches de 60.000 euros<\/p>\n<p>Su visita al beach club de Marbella Club con su hija fue captada por los m\u00f3viles de los presentes, que pudieron comprobar c\u00f3mo el int\u00e9rprete <a title=\"es todo un padrazo\" href=\"https:\/\/www.larazon.es\/gente\/famosos\/robert-niro-hija-trans-quiero-todos-mis-hijos-cual-problema_202505026814d1925d71dc778a96be33.html\" target=\"_blank\" rel=\"nofollow noopener\">es todo un padrazo<\/a>. <b>Gia Virginia es el alma del actor de \u00abTaxi Driver\u00bb, <\/b>que, sin ning\u00fan tipo de rubor, asegura: \u00abHay una nueva alegr\u00eda en mi vida. Disfruto mucho pasando tiempo con mi hija y mi pareja; eso me da energ\u00edas para emprender cosas nuevas\u00bb.<\/p>\n<p>De esta manera, el octogenario explica en cada entrevista que la edad le ha dado tiempo para \u00e9l y para poder disfrutar de los suyos. <b>Su pareja, la artista marcial Tiffany Chen,<\/b> con quien mantiene una relaci\u00f3n desde 2021, es la mejor compa\u00f1era de viaje en esta aventura longeva en la que el actor recorre algunos de los lugares m\u00e1s ex\u00f3ticos del mundo.<\/p>\n<p>Sus visitas a Marbella tambi\u00e9n las compagina con estancias en <b>El Canto, una finca exclusiva de cinco suites que combina el lujo moderno con la elegancia cl\u00e1sica,<\/b> al estilo de una casa de campo andaluza, en Ronda, tambi\u00e9n perteneciente a su socio Daniel Shamoon. Tanto La Serrana como El Canto alcanzan precios por encima de los 60.000 euros la noche.<\/p>\n<p><img decoding=\"async\" loading=\"lazy\" src=\"https:\/\/www.europesays.com\/es\/wp-content\/uploads\/2026\/09\/cortijo-ronda_58.jpg\" alt=\"Cortijo en Ronda\" width=\"1170\" height=\"722\"\/><b>Cortijo en Ronda<\/b> Amparo de la Gama<\/p>\n<p>Ubicada entre encinas centenarias y extensos olivares, la villa cuenta con un mayordomo que atiende a los clientes. El actor siempre ha dicho que le gustan las ciudades con historia y la ciudad andaluza que enamor\u00f3 a Hemingway est\u00e1 en su lista de favoritas desde hace mucho tiempo. <b>Es all\u00ed donde se inspira para crear guiones destinados a los distintos proyectos que est\u00e1 preparando.<\/b><\/p>\n<p>A sus 83 a\u00f1os, no parece interesado en la palabra retirada. Contin\u00faa trabajando delante de las c\u00e1maras, pero tambi\u00e9n ampliando esa otra faceta fuera de Hollywood. El actor que durante d\u00e9cadas tuvo en Nueva York el escenario de algunos de sus personajes m\u00e1s c\u00e9lebres ha terminado haciendo del mundo su territorio empresarial. <b>Espa\u00f1a ocupa un lugar importante en ese mapa.<\/b> Madrid es ahora la \u00faltima incorporaci\u00f3n a un negocio que ya ten\u00eda paradas en Barcelona, Ibiza, Marbella y San Sebasti\u00e1n.<\/p>\n","protected":false},"excerpt":{"rendered":"Dentro de la liturgia veraniega del actor Robert De Niro, figura en su extensa agenda la visita obligada&hellip;\n","protected":false},"author":2,"featured_media":748712,"comment_status":"","ping_status":"","sticky":false,"template":"","format":"standard","meta":{"footnotes":""},"categories":[169],"tags":[3083,177,146,147,25,24,176,6799,3855,2492,175,23281,23],"class_list":["post-748711","post","type-post","status-publish","format-standard","has-post-thumbnail","category-cine","tag-antonio-banderas","tag-cine","tag-entertainment","tag-entretenimiento","tag-es","tag-espana","tag-film","tag-hosteleria","tag-malaga","tag-marbella","tag-movies","tag-robert-de-niro","tag-spain"],"share_on_mastodon":{"url":"https:\/\/pubeurope.com\/@es\/117216830131130406","error":""},"_links":{"self":[{"href":"https:\/\/www.europesays.com\/es\/wp-json\/wp\/v2\/posts\/748711","targetHints":{"allow":["GET"]}}],"collection":[{"href":"https:\/\/www.europesays.com\/es\/wp-json\/wp\/v2\/posts"}],"about":[{"href":"https:\/\/www.europesays.com\/es\/wp-json\/wp\/v2\/types\/post"}],"author":[{"embeddable":true,"href":"https:\/\/www.europesays.com\/es\/wp-json\/wp\/v2\/users\/2"}],"replies":[{"embeddable":true,"href":"https:\/\/www.europesays.com\/es\/wp-json\/wp\/v2\/comments?post=748711"}],"version-history":[{"count":0,"href":"https:\/\/www.europesays.com\/es\/wp-json\/wp\/v2\/posts\/748711\/revisions"}],"wp:featuredmedia":[{"embeddable":true,"href":"https:\/\/www.europesays.com\/es\/wp-json\/wp\/v2\/media\/748712"}],"wp:attachment":[{"href":"https:\/\/www.europesays.com\/es\/wp-json\/wp\/v2\/media?parent=748711"}],"wp:term":[{"taxonomy":"category","embeddable":true,"href":"https:\/\/www.europesays.com\/es\/wp-json\/wp\/v2\/categories?post=748711"},{"taxonomy":"post_tag","embeddable":true,"href":"https:\/\/www.europesays.com\/es\/wp-json\/wp\/v2\/tags?post=748711"}],"curies":[{"name":"wp","href":"https:\/\/api.w.org\/{rel}","templated":true}]}}