{"id":748717,"date":"2026-09-05T05:43:35","date_gmt":"2026-09-05T05:43:35","guid":{"rendered":"https:\/\/www.europesays.com\/es\/748717\/"},"modified":"2026-09-05T05:43:35","modified_gmt":"2026-09-05T05:43:35","slug":"guia-cultural-de-otono-de-2026-la-mejor-seleccion-para-leer-ver-escuchar-y-disfrutar-babelia","status":"publish","type":"post","link":"https:\/\/www.europesays.com\/es\/748717\/","title":{"rendered":"Gu\u00eda cultural de oto\u00f1o de 2026: la mejor selecci\u00f3n para leer, ver, escuchar y disfrutar | Babelia"},"content":{"rendered":"<p class=\"a_st\">Los expertos de \u2018Babelia\u2019 elaboran una selecci\u00f3n de las novedades culturales para sobrevivir a la vuelta del verano<\/p>\n<p class=\"\">Un equipo de expertos, formado por cr\u00edticos y periodistas especializados, hace su \u00faltima apuesta del a\u00f1o: elige los libros de autores cl\u00e1sicos y modernos que marcar\u00e1n tendencia en narrativa y no ficci\u00f3n literaria, destaca las exposiciones y teatro que veremos, la m\u00fasica y los podcasts que escucharemos para bailar y aprender, y propone las series, pel\u00edculas y videojuegos de los que hablaremos (en principio bien) durante los pr\u00f3ximos meses. La suerte est\u00e1 echada. <\/p>\n<p>LITERATURA<img alt=\"\" decoding=\"auto\" class=\"_re lazyload a_m-h\" height=\"233\" width=\"414\" src=\"https:\/\/www.europesays.com\/es\/wp-content\/uploads\/2026\/09\/FQTR6RXYYBDBXGGHLZOZCQR2YU.jpg\" loading=\"lazy\" fetchpriority=\"low\"\/><\/p>\n<p>Berna Gonz\u00e1lez Harbour<\/p>\n<p>Las voces frescas, nuevas y rompedoras de la literatura espa\u00f1ola vuelven con las grandes editoriales. Sin olvidar a otras consagradas, firmas cl\u00e1sicas de la novela negra y hasta Pedro Almod\u00f3var. <a href=\"https:\/\/elpais.com\/babelia\/2026-09-05\/bienvenidos-a-la-fiesta-cortesia-de-alana-s-portero-y-andrea-abreu.html\" rel=\"noopener noreferrer nofollow\" target=\"_blank\">Leer m\u00e1s &gt;<\/a><\/p>\n<p><img alt=\"\" decoding=\"auto\" class=\"_re lazyload a_m-h\" height=\"233\" width=\"414\" src=\"https:\/\/www.europesays.com\/es\/wp-content\/uploads\/2026\/09\/KD6A3IU6GZAEDFUOCTASKMTVZE.jpg\" loading=\"lazy\" fetchpriority=\"low\"\/><\/p>\n<p>Elena San Jos\u00e9<\/p>\n<p>Las luchas vaticanas de Santiago Roncagliolo y el impacto ambiental de las relaciones humanas de Camila Fabbri salpican los paseos por la Am\u00e9rica colonial y el sur ind\u00edgena mexicano en la rentr\u00e9e literaria.<a href=\"https:\/\/elpais.com\/babelia\/2026-09-05\/la-memoria-y-la-identidad-se-apoderan-de-la-narrativa-latinoamericana.html\" rel=\"noopener noreferrer nofollow\" target=\"_blank\"> Leer m\u00e1s &gt;<\/a><\/p>\n<p><img alt=\"\" decoding=\"auto\" class=\"_re lazyload a_m-h\" height=\"233\" width=\"414\" src=\"https:\/\/www.europesays.com\/es\/wp-content\/uploads\/2026\/09\/GC4ZGLCZMNBVNJ6AERTYTPBL3A.jpg\" loading=\"lazy\" fetchpriority=\"low\"\/><\/p>\n<p>Andrea Aguilar<\/p>\n<p>El panorama literario internacional estar\u00e1 marcado por el regreso de autores consagrados como Ian McEwan, Ali Smith y Jon Fosse y la irrupci\u00f3n de nuevos talentos como Nelio Biedermann. <a href=\"https:\/\/elpais.com\/babelia\/2026-09-05\/viejos-conocidos-y-jovenes-promesas-escriben-la-narrativa-traducida.html\" rel=\"noopener noreferrer nofollow\" style=\"color: rgb(25, 25, 25); background-color: rgb(255, 255, 255);\" target=\"_blank\">Leer m\u00e1s &gt;<\/a><\/p>\n<p><img alt=\"\" decoding=\"auto\" class=\"_re lazyload a_m-h\" height=\"233\" width=\"414\" src=\"https:\/\/www.europesays.com\/es\/wp-content\/uploads\/2026\/09\/X42VPLOWCRBHNMALZONBPFOYMU.jpg\" loading=\"lazy\" fetchpriority=\"low\"\/><\/p>\n<p>Sergio C. Fanjul<\/p>\n<p>El oto\u00f1o es para la l\u00edrica con los nuevos libros de versos de Miriam Reyes, Yolanda Casta\u00f1o, Rosa Berbel, Mart\u00edn Rodr\u00edguez-Gaona, Jordi Doce, Piedad Bonnett, Ang\u00e9lica Liddell y Claudia Mas\u00edn. <a href=\"https:\/\/elpais.com\/babelia\/2026-08-31\/la-mejor-poesia-de-la-rentree-economia-millenials-y-punk.html\" rel=\"noopener noreferrer nofollow\" target=\"_blank\">Leer m\u00e1s &gt;<\/a><\/p>\n<p><img alt=\"\" decoding=\"auto\" class=\"_re lazyload a_m-h\" height=\"233\" width=\"414\" src=\"https:\/\/www.europesays.com\/es\/wp-content\/uploads\/2026\/09\/54LXM2XUINAVBGIOCQDZFKARAA.jpg\" loading=\"lazy\" fetchpriority=\"low\"\/><\/p>\n<p>Jordi Amat<\/p>\n<p>Maestros de la no ficci\u00f3n como Patrick Radden Keefe o \u00c9ric Vuillard publican novedades y las memorias personales se imponen como el g\u00e9nero por excelencia para buscar la sanaci\u00f3n de heridas vitales. <a href=\"https:\/\/elpais.com\/babelia\/2026-09-01\/muertes-cercanas-amputaciones-y-otros-traumas-no-ficcion-literaria-para-salvar-la-vida.html\" rel=\"noopener noreferrer nofollow\" target=\"_blank\">Leer m\u00e1s &gt;<\/a><\/p>\n<p><img alt=\"\" decoding=\"auto\" class=\"_re lazyload a_m-h\" height=\"233\" width=\"414\" src=\"https:\/\/www.europesays.com\/es\/wp-content\/uploads\/2026\/09\/BRJMESGBCFD2DOYKQHRGKJYF5E.jpg\" loading=\"lazy\" fetchpriority=\"low\"\/><\/p>\n<p>Silvia Hernando<\/p>\n<p>Las historias reales que llegan este oto\u00f1o hablan de premoniciones y caza de seres humanos, tambi\u00e9n de guerras pasadas y presentes, la conquista de la Luna, la inteligencia artificial y la codicia empresarial. <a href=\"https:\/\/elpais.com\/babelia\/2026-09-04\/de-profecias-cumplidas-a-la-caza-de-seres-humanos-nuevos-ensayos-que-desafian-los-limites-de-la-realidad.html\" rel=\"noopener noreferrer nofollow\" style=\"background-color: rgb(255, 255, 255); color: rgb(25, 25, 25);\" target=\"_blank\">Leer m\u00e1s &gt;<\/a><\/p>\n<p><img alt=\"\" decoding=\"auto\" class=\"_re lazyload a_m-h\" height=\"233\" width=\"414\" src=\"https:\/\/www.europesays.com\/es\/wp-content\/uploads\/2026\/09\/SQ27CJT46NB27OJQ53BMOSBPUY.jpg\" loading=\"lazy\" fetchpriority=\"low\"\/><\/p>\n<p>\u00c1lvaro Pons y Noelia Ibarra<\/p>\n<p>Zerocalcare en la Hungr\u00eda de Orb\u00e1n, el amor seg\u00fan Kabi Nagata o Frankestein visto por David Sala figuran entre las esperadas novedades de las editoriales. <a href=\"https:\/\/elpais.com\/babelia\/2026-09-02\/fantasmas-yokais-y-otros-monstruosos-habitantes-para-un-caluroso-otono.html\" rel=\"noopener noreferrer nofollow\" target=\"_blank\">Leer m\u00e1s &gt;<\/a><\/p>\n<p>M\u00daSICA<img alt=\"\" decoding=\"auto\" class=\"_re lazyload a_m-h\" height=\"233\" width=\"414\" src=\"https:\/\/www.europesays.com\/es\/wp-content\/uploads\/2026\/09\/HNM4WZIG25EWHLRQXYWLUMWZMQ.jpg\" loading=\"lazy\" fetchpriority=\"low\"\/><\/p>\n<p>CARLOS MARCOS<\/p>\n<p>La nueva temporada ver\u00e1 si los m\u00fasicos comienzan a confiar en la IA, consolidar\u00e1 las residencias (Shakira a la cabeza) y alumbrar\u00e1 en retorno de C. Tangana con Agorazein y los nuevos discos de Beck y Arde Bogot\u00e1. <a href=\"https:\/\/elpais.com\/babelia\/2026-09-04\/robots-en-los-estudios-multitudes-en-los-estadios-asi-suena-el-otono-musical.html\" rel=\"noopener noreferrer nofollow\" style=\"color: rgb(25, 25, 25); background-color: rgb(255, 255, 255);\" target=\"_blank\">Leer m\u00e1s &gt;<\/a><\/p>\n<p><img alt=\"\" decoding=\"auto\" class=\"_re lazyload a_m-h\" height=\"233\" width=\"414\" src=\"https:\/\/www.europesays.com\/es\/wp-content\/uploads\/2026\/09\/6SGGEBUGGVGGTPUPR2NFAVQPPU.jpg\" loading=\"lazy\" fetchpriority=\"low\"\/><\/p>\n<p>Luis Gago<\/p>\n<p>La llegada de nuevos directores musicales a la Orquesta Nacional de Espa\u00f1a y al Gran Teatre del Liceu abre nuevos tiempos a\u00fan por escribir. <a href=\"https:\/\/elpais.com\/babelia\/2026-09-01\/empieza-la-temporada-de-musica-clasica-y-opera-cambios-en-el-horizonte.html\" rel=\"noopener noreferrer nofollow\" target=\"_blank\">Leer m\u00e1s &gt;<\/a><\/p>\n<p>PANTALLAS<img alt=\"\" decoding=\"auto\" class=\"_re lazyload a_m-h\" height=\"233\" width=\"414\" src=\"https:\/\/www.europesays.com\/es\/wp-content\/uploads\/2026\/09\/S3W3W4E5AZC4DKA2JJSXRJHEKI.jpg\" loading=\"lazy\" fetchpriority=\"low\"\/><\/p>\n<p>Gregorio Belinch\u00f3n<\/p>\n<p>Como en cada temporada, estas semanas se solapar\u00e1n el lanzamiento de los grandes t\u00edtulos procedentes del certamen de Cannes con el desembarco del cine espa\u00f1ol de autor de m\u00e1s empaque. <a href=\"https:\/\/elpais.com\/babelia\/2026-09-02\/federico-garcia-lorca-ilumina-el-otono-del-cine-en-espana.html\" rel=\"noopener noreferrer nofollow\" target=\"_blank\">Leer m\u00e1s &gt;<\/a><\/p>\n<p><img alt=\"\" decoding=\"auto\" class=\"_re lazyload a_m-h\" height=\"233\" width=\"414\" src=\"https:\/\/www.europesays.com\/es\/wp-content\/uploads\/2026\/09\/2SAZKKCECNFAZJ5AW7Y57PVSMY.jpg\" loading=\"lazy\" fetchpriority=\"low\"\/><\/p>\n<p>Natalia Marcos<\/p>\n<p>La producci\u00f3n televisiva sigue en descenso y cada plataforma se agarra a un pu\u00f1ado de t\u00edtulos, muchos de ellos basados en personajes y marcas ya explotados. <a href=\"https:\/\/elpais.com\/babelia\/2026-09-03\/de-orgullo-y-prejuicio-a-carrie-las-series-del-otono-se-abonan-a-los-universos-ya-conocidos.html\" rel=\"noopener noreferrer nofollow\" target=\"_blank\">Leer m\u00e1s &gt;<\/a><\/p>\n<p><img alt=\"\" decoding=\"auto\" class=\"_re lazyload a_m-h\" height=\"233\" width=\"414\" src=\"https:\/\/www.europesays.com\/es\/wp-content\/uploads\/2026\/09\/2LO5SY2AINBPHIGT4PIEW7NOHA.jpg\" loading=\"lazy\" fetchpriority=\"low\"\/><\/p>\n<p>Jorge Morla<\/p>\n<p>El juego de Rockstar GTA VI va a ser un tsunami, pero la cantidad y calidad de las propuestas que se amontonan entre septiembre y octubre promete dejar mella en el sector. <a href=\"https:\/\/elpais.com\/babelia\/2026-08-31\/el-meteorito-de-gta-vi-y-otra-decena-de-juegos-grandiosos-en-solo-dos-meses.html\" rel=\"noopener noreferrer nofollow\" target=\"_blank\">Leer m\u00e1s &gt;<\/a><\/p>\n<p>ARTE<img alt=\"\" decoding=\"auto\" class=\"_re lazyload a_m-h\" height=\"233\" width=\"414\" src=\"https:\/\/www.europesays.com\/es\/wp-content\/uploads\/2026\/09\/FWHQLJJNTFANFBN243SQ67XHV4.jpg\" loading=\"lazy\" fetchpriority=\"low\"\/><\/p>\n<p>\u00c1NGELA MOLINA<\/p>\n<p>Los museos presentar\u00e1n grandes retrospectivas y revisiones hist\u00f3ricas que ponen el canon en el div\u00e1n, desde figuras tutelares como Dal\u00ed y Picasso hasta nombres m\u00e1s contempor\u00e1neos como Steve McQueen o Marta Minuj\u00edn. <a href=\"https:\/\/elpais.com\/babelia\/2026-09-05\/dali-contra-freud-y-picasso-contra-munch-los-museos-ponen-el-canon-del-arte-en-el-divan.html\" rel=\"noopener noreferrer nofollow\" target=\"_blank\">Leer m\u00e1s &gt;<\/a><\/p>\n<p>\u2018PODCAST\u2019<img alt=\"\" decoding=\"auto\" class=\"_re lazyload a_m-h\" height=\"233\" width=\"414\" src=\"https:\/\/www.europesays.com\/es\/wp-content\/uploads\/2026\/09\/CTXRF5FIFRALDIKGGLEFXSIELU.jpg\" loading=\"lazy\" fetchpriority=\"low\"\/><\/p>\n<p>H\u00e9ctor Llanos<\/p>\n<p>Junto a las adaptaciones de El pisito y Dr\u00e1cula, la fot\u00f3grafa palentina Piedad Isla y el escritor chileno Pedro Lemebel protagonizan este fin de a\u00f1o sendos proyectos en audio. <a href=\"https:\/\/elpais.com\/babelia\/2026-09-03\/de-adaptar-el-pisito-y-dracula-a-reivindicar-a-creadores-olvidados-la-nueva-temporada-del-formato-sonoro.html\" rel=\"noopener noreferrer nofollow\" style=\"color: rgb(25, 25, 25); background-color: rgb(255, 255, 255);\" target=\"_blank\">Leer m\u00e1s &gt;<\/a><\/p>\n<p>TEATRO<img alt=\"\" decoding=\"auto\" class=\"_re lazyload a_m-h\" height=\"233\" width=\"414\" src=\"https:\/\/www.europesays.com\/es\/wp-content\/uploads\/2026\/09\/ECUUIUHI4VESXHAK7PJZ4EGSNU.jpg\" loading=\"lazy\" fetchpriority=\"low\"\/><\/p>\n<p>Raquel Vidales<\/p>\n<p>La dramaturgia espa\u00f1ola exhibe m\u00fasculo en el comienzo de la nueva temporada, con estrenos de Mar\u00eda Velasco, Pablo Rem\u00f3n, Esther F. Carrodeguas y Pablo Messiez. <a href=\"https:\/\/elpais.com\/babelia\/2026-09-04\/alienigenas-punkis-sicalipticas-y-el-debut-de-javier-bardem-propuestas-teatrales-para-el-otono.html\" rel=\"noopener noreferrer nofollow\" style=\"color: rgb(25, 25, 25); background-color: rgb(255, 255, 255);\" target=\"_blank\">Leer m\u00e1s &gt;<\/a><\/p>\n<p><a class=\"a_com_l\" href=\"https:\/\/elpais.com\/info\/normas-de-participacion\/\" rel=\"nofollow noopener\" target=\"_blank\">Normas \u203a<\/a>Archivado EnSi est\u00e1 interesado en licenciar este contenido, pinche <a class=\"a_tp_si_l\" href=\"https:\/\/profesional.elpais.com\/soluciones-sindicacion\/?utm_medium=interno&amp;utm_source=crosslinking&amp;utm_campaign=sindicacion_ep_pie_articulos\" target=\"_blank\" rel=\"noopener noreferrer nofollow\">aqu\u00ed<\/a><\/p>\n","protected":false},"excerpt":{"rendered":"Los expertos de \u2018Babelia\u2019 elaboran una selecci\u00f3n de las novedades culturales para sobrevivir a la vuelta del verano&hellip;\n","protected":false},"author":2,"featured_media":748718,"comment_status":"","ping_status":"","sticky":false,"template":"","format":"standard","meta":{"footnotes":""},"categories":[91],"tags":[229,177,8588,209,2053,146,147,25,24,448,225,671,185,4027,34138,5206,2667,2052,8189,23,1651,132],"class_list":["post-748717","post","type-post","status-publish","format-standard","has-post-thumbnail","category-entretenimiento","tag-arte","tag-cine","tag-comic","tag-cultura","tag-ensayo","tag-entertainment","tag-entretenimiento","tag-es","tag-espana","tag-historia","tag-libros","tag-literatura","tag-musica","tag-narrativa","tag-novela-grafica","tag-novela-negra","tag-podcast","tag-poesia","tag-series-television","tag-spain","tag-teatro","tag-videojuegos"],"share_on_mastodon":{"url":"https:\/\/pubeurope.com\/@es\/117216846582796402","error":""},"_links":{"self":[{"href":"https:\/\/www.europesays.com\/es\/wp-json\/wp\/v2\/posts\/748717","targetHints":{"allow":["GET"]}}],"collection":[{"href":"https:\/\/www.europesays.com\/es\/wp-json\/wp\/v2\/posts"}],"about":[{"href":"https:\/\/www.europesays.com\/es\/wp-json\/wp\/v2\/types\/post"}],"author":[{"embeddable":true,"href":"https:\/\/www.europesays.com\/es\/wp-json\/wp\/v2\/users\/2"}],"replies":[{"embeddable":true,"href":"https:\/\/www.europesays.com\/es\/wp-json\/wp\/v2\/comments?post=748717"}],"version-history":[{"count":0,"href":"https:\/\/www.europesays.com\/es\/wp-json\/wp\/v2\/posts\/748717\/revisions"}],"wp:featuredmedia":[{"embeddable":true,"href":"https:\/\/www.europesays.com\/es\/wp-json\/wp\/v2\/media\/748718"}],"wp:attachment":[{"href":"https:\/\/www.europesays.com\/es\/wp-json\/wp\/v2\/media?parent=748717"}],"wp:term":[{"taxonomy":"category","embeddable":true,"href":"https:\/\/www.europesays.com\/es\/wp-json\/wp\/v2\/categories?post=748717"},{"taxonomy":"post_tag","embeddable":true,"href":"https:\/\/www.europesays.com\/es\/wp-json\/wp\/v2\/tags?post=748717"}],"curies":[{"name":"wp","href":"https:\/\/api.w.org\/{rel}","templated":true}]}}