{"id":748719,"date":"2026-09-05T05:44:17","date_gmt":"2026-09-05T05:44:17","guid":{"rendered":"https:\/\/www.europesays.com\/es\/748719\/"},"modified":"2026-09-05T05:44:17","modified_gmt":"2026-09-05T05:44:17","slug":"los-analistas-ya-preven-los-precios-de-los-iphone-18-pro-y-el-plegable-hay-subidas","status":"publish","type":"post","link":"https:\/\/www.europesays.com\/es\/748719\/","title":{"rendered":"Los analistas ya prev\u00e9n los precios de los iPhone 18 Pro y el plegable (hay subidas)"},"content":{"rendered":"<p>En apenas unos d\u00edas se celebra un <a href=\"https:\/\/www.applesfera.com\/eventos\/oficial-apple-anuncia-keynote-iphone-18-pro-su-primer-plegable\" rel=\"nofollow noopener\" target=\"_blank\">Apple Event<\/a> en el que conoceremos, entre otros, a los nuevos <a href=\"https:\/\/www.applesfera.com\/nuevo\/apple-iphone-18-pro-informacion\" rel=\"nofollow noopener\" target=\"_blank\">iPhone 18 Pro y 18 Pro Max<\/a>, as\u00ed como al <a href=\"https:\/\/www.applesfera.com\/nuevo\/nuevo-apple-iphone-plegable-informacion\" rel=\"nofollow noopener\" target=\"_blank\">iPhone Ultra<\/a>, el nombre tentativo del primer plegable de la compa\u00f1\u00eda. Y <strong>el asunto del precio es uno de los que m\u00e1s preocupa <\/strong>en vista de la <a href=\"https:\/\/www.applesfera.com\/apple-1\/nunca-habia-visto-algo-asi-que-apple-sube-precios-ahora-cuando-durara-chaparron\" rel=\"nofollow noopener\" target=\"_blank\">crisis de memorias<\/a> que azota a todo el sector.<\/p>\n<p>Que va a haber subidas es algo que ya es un secreto a voces. La duda est\u00e1 en <strong>saber cu\u00e1nto<\/strong> y, pese a que algunos filtradores <a href=\"https:\/\/www.applesfera.com\/rumores\/mark-gurman-experto-apple-subida-precio-iphone-18-pro-seria-aumento-bastante-modesto\" rel=\"nofollow noopener\" target=\"_blank\">apuntan a que no ser\u00e1n tan altas<\/a> como <a href=\"https:\/\/www.applesfera.com\/apple-1\/oficial-apple-sube-precios-mac-ipad-asi-como-queda-su-catalogo\" rel=\"nofollow noopener\" target=\"_blank\">las que hubo en los iPad o Mac<\/a>, s\u00ed ser\u00e1n llamativas. Y <a rel=\"noopener, noreferrer nofollow\" href=\"https:\/\/www.trendforce.com\/presscenter\/news\/20260903-13213.html\" target=\"_blank\">desde TrendForce\u00a0<\/a>ya han hecho una estimaci\u00f3n.<\/p>\n<p>Entre 150 y 200 euros de subidas<\/p>\n<p>                   <img class=\"centro_sinmarco\" height=\"1984\" width=\"3277\" loading=\"lazy\" decoding=\"async\"  fetchpriority=\"high\"  src=\"https:\/\/i.blogs.es\/aef52d\/tamanos-iphone-18-pro\/450_1000.webp\" alt=\"Tamanos Iphone 18 Pro\" onerror=\"this.src=\" https:=\"\" false=\"\"\/><\/p>\n<p>Cabe comenzar diciendo que el informe de TrendForce no proviene de una filtraci\u00f3n, sino de una previsi\u00f3n de sus analistas en base a la situaci\u00f3n del mercado. De ah\u00ed que no podamos dar como \u00abprecios finales\u00bb los que arrojan para la nueva serie &#8216;Pro&#8217;.<\/p>\n<p>De media, estiman un <strong>incremento de entre 150 y 200 d\u00f3lares <\/strong>en el precio de base de los iPhone 18 Pro y 18 Pro Max en comparaci\u00f3n con los <a href=\"https:\/\/www.applesfera.com\/analisis\/apple-iphone-17-pro-analisis-caracteristicas-precio-especificaciones\" rel=\"nofollow noopener\" target=\"_blank\">iPhone 17 Pro<\/a>. Si bien en euros no tiene por qu\u00e9 existir una id\u00e9ntica conversi\u00f3n, as\u00ed es como quedar\u00edan los precios haciendo homologable esa subida:<\/p>\n<ul>\n<li><strong>iPhone 18 Pro: <\/strong>desde 1.469 euros o 1.519 euros.<\/li>\n<li><strong>iPhone 18 Pro Max: <\/strong>desde 1.619 euros o 1.669 euros.<\/li>\n<\/ul>\n<p>    <a href=\"https:\/\/www.applesfera.com\/rumores\/nueve-novedades-filtradas-iphone-18-pro-antes-su-presentacion\" class=\"pivot-outboundlink\" data-vars-post-title=\"Las nueve novedades ya filtradas de los iPhone 18 Pro antes de su presentaci\u00f3n \" rel=\"nofollow noopener\" target=\"_blank\"><br \/>\n     <img loading=\"lazy\" decoding=\"async\" alt=\"Las nueve novedades ya filtradas de los iPhone 18 Pro antes de su presentaci\u00f3n \" width=\"375\" height=\"142\" src=\"https:\/\/i.blogs.es\/f7eb34\/iphone-18-pro-render\/375_142.webp\" onerror=\"this.src=\" https:=\"\"\/><br \/>\n    <\/a><\/p>\n<p>Son cifras que chocan con otras estimaciones como las de Mark Gurman, quien no solo habla como analista, sino tambi\u00e9n como filtrador. Hace unos d\u00edas <a rel=\"noopener, noreferrer nofollow\" href=\"https:\/\/www.bloomberg.com\/news\/newsletters\/2026-08-23\/apple-s-foldable-iphone-details-retail-store-changes-for-new-home-products-mt5vjf61\" target=\"_blank\">afirm\u00f3<\/a> que las subidas podr\u00edan ser \u00absolo\u00bb de 100 d\u00f3lares\/euros. En cualquier caso, parece m\u00e1s que claro que el modelo m\u00e1s econ\u00f3mico estar\u00e1 m\u00e1s cerca de los 1.500 euros que de los 1.300 euros que rondan actualmente.<\/p>\n<p>En cualquier caso, son cifras que tienen a la crisis de memorias como tel\u00f3n de fondo. Seg\u00fan el mismo informe de TrendForce, Apple estar\u00eda <strong>pagando un 400% m\u00e1s por las memorias <\/strong>respecto al a\u00f1o pasado.<\/p>\n<p>Las dudas que arroja el plegable<\/p>\n<p>                   <img class=\"centro_sinmarco\" height=\"900\" width=\"1350\" loading=\"lazy\" decoding=\"async\"  fetchpriority=\"high\"  src=\"https:\/\/i.blogs.es\/4ad7bc\/plegable\/450_1000.webp\" alt=\"Plegable\" onerror=\"this.src=\" https:=\"\" false=\"\"\/><\/p>\n<p>Con el iPhone plegable las estimaciones se hacen m\u00e1s complicadas por aquello de no existir un predecesor que fije una idea aproximada. Desde hace meses se ha hecho evidente que <strong>costar\u00e1 m\u00e1s de 2.000 euros<\/strong>, pero no sabemos d\u00f3nde est\u00e1 el tope.<\/p>\n<p>Desde TrendForce afirman que el precio estar\u00eda entre 2.099 y 2.299 d\u00f3lares, una horquilla bastante amplia y que en euros podr\u00eda traducirse en <strong>2.200-2.400 euros <\/strong>teniendo en cuenta las equivalencias que maneja Apple. De hecho, ya <a href=\"https:\/\/www.applesfera.com\/rumores\/filtran-precio-iphone-plegable-preparar-ahorros-se-va-a-quedar-corto-esta-vez\" rel=\"nofollow noopener\" target=\"_blank\">se ven\u00edan manejando cifras similares<\/a> en estos meses.<\/p>\n<p>    <a href=\"https:\/\/www.applesfera.com\/rumores\/12-caracteristicas-filtradas-iphone-plegable-antes-apple-event\" class=\"pivot-outboundlink\" data-vars-post-title=\"12 caracter\u00edsticas del iPhone plegable que se han filtrado antes del Apple Event\" rel=\"nofollow noopener\" target=\"_blank\"><br \/>\n     <img loading=\"lazy\" decoding=\"async\" alt=\"12 caracter\u00edsticas del iPhone plegable que se han filtrado antes del Apple Event\" width=\"375\" height=\"142\" src=\"https:\/\/i.blogs.es\/c26638\/concepto-iphone-plegable\/375_142.webp\" onerror=\"this.src=\" https:=\"\"\/><br \/>\n    <\/a><\/p>\n<p>Fuera del informe de TrendForce, esta semana se ha conocido una <a rel=\"noopener, noreferrer nofollow\" href=\"https:\/\/x.com\/WorkaholicDavid\/status\/2095337678875267482?s=20\">presunta filtraci\u00f3n de Vodafone Egipto<\/a> que arrojaba un precio que, al cambio, rondar\u00eda los <strong>2.600 euros<\/strong>. Es una cifra considerablemente m\u00e1s alta que la que prev\u00e9n los analistas, pero que desgraciadamente tampoco se podr\u00eda descartar.<\/p>\n<p>Ser\u00e1 el pr\u00f3ximo <strong>mi\u00e9rcoles d\u00eda 9 <\/strong>cuando salgamos de dudas. Ser\u00e1 el d\u00eda en que se celebre el nuevo evento de Apple en el que, adem\u00e1s de presentar las novedades de los nuevos iPhone, se har\u00e1n p\u00fablicos tambi\u00e9n los precios. Lo que est\u00e1 claro es que, quien quiera uno, va a tener que rascarse el bolsillo.<\/p>\n<p>En Applesfera |\u00a0<a href=\"https:\/\/www.applesfera.com\/nuevo\/apple-iphone-18-informacion\" rel=\"nofollow noopener\" target=\"_blank\">Nuevo iPhone 18 &#8211; Todo lo que creemos saber sobre \u00e9l<\/a><\/p>\n<p>En Applesfera |\u00a0<a href=\"https:\/\/www.applesfera.com\/nuevo\/apple-airpods-5-informacion\" rel=\"nofollow noopener\" target=\"_blank\">Nuevos AirPods 5 &#8211; Todo lo que creemos saber sobre los pr\u00f3ximos auriculares de Apple<\/a><\/p>\n","protected":false},"excerpt":{"rendered":"En apenas unos d\u00edas se celebra un Apple Event en el que conoceremos, entre otros, a los nuevos&hellip;\n","protected":false},"author":2,"featured_media":748720,"comment_status":"","ping_status":"","sticky":false,"template":"","format":"standard","meta":{"footnotes":""},"categories":[81],"tags":[119,123,124,25,24,117,121,122,23,118,120],"class_list":["post-748719","post","type-post","status-publish","format-standard","has-post-thumbnail","category-ciencia-y-tecnologia","tag-ciencia","tag-ciencia-y-tecnologia","tag-cienciaytecnologia","tag-es","tag-espana","tag-science","tag-science-and-technology","tag-scienceandtechnology","tag-spain","tag-technology","tag-tecnologia"],"share_on_mastodon":{"url":"https:\/\/pubeurope.com\/@es\/117216848876335706","error":""},"_links":{"self":[{"href":"https:\/\/www.europesays.com\/es\/wp-json\/wp\/v2\/posts\/748719","targetHints":{"allow":["GET"]}}],"collection":[{"href":"https:\/\/www.europesays.com\/es\/wp-json\/wp\/v2\/posts"}],"about":[{"href":"https:\/\/www.europesays.com\/es\/wp-json\/wp\/v2\/types\/post"}],"author":[{"embeddable":true,"href":"https:\/\/www.europesays.com\/es\/wp-json\/wp\/v2\/users\/2"}],"replies":[{"embeddable":true,"href":"https:\/\/www.europesays.com\/es\/wp-json\/wp\/v2\/comments?post=748719"}],"version-history":[{"count":0,"href":"https:\/\/www.europesays.com\/es\/wp-json\/wp\/v2\/posts\/748719\/revisions"}],"wp:featuredmedia":[{"embeddable":true,"href":"https:\/\/www.europesays.com\/es\/wp-json\/wp\/v2\/media\/748720"}],"wp:attachment":[{"href":"https:\/\/www.europesays.com\/es\/wp-json\/wp\/v2\/media?parent=748719"}],"wp:term":[{"taxonomy":"category","embeddable":true,"href":"https:\/\/www.europesays.com\/es\/wp-json\/wp\/v2\/categories?post=748719"},{"taxonomy":"post_tag","embeddable":true,"href":"https:\/\/www.europesays.com\/es\/wp-json\/wp\/v2\/tags?post=748719"}],"curies":[{"name":"wp","href":"https:\/\/api.w.org\/{rel}","templated":true}]}}