{"id":748723,"date":"2026-09-05T05:46:24","date_gmt":"2026-09-05T05:46:24","guid":{"rendered":"https:\/\/www.europesays.com\/es\/748723\/"},"modified":"2026-09-05T05:46:24","modified_gmt":"2026-09-05T05:46:24","slug":"mision-liturgia-y-abusos-arranca-un-mini-master-para-los-nuevos-obispos","status":"publish","type":"post","link":"https:\/\/www.europesays.com\/es\/748723\/","title":{"rendered":"Misi\u00f3n, liturgia y abusos: Arranca un \u00abmini m\u00e1ster\u00bb para los nuevos obispos"},"content":{"rendered":"<p>Desde ayer y hasta el jueves 10 de septiembre se celebrar\u00e1 el Curso anual de formaci\u00f3n para pastores de reciente nombramiento procedentes de los cinco continentes. M\u00e1s de 140 participantes de todo el mundo tomar\u00e1n parte en el curso, divididos en los dos itinerarios propuestos por el Dicasterio para los Obispos y el Dicasterio para la Evangelizaci\u00f3n. Como conclusi\u00f3n, los participantes tendr\u00e1n una audiencia con el papa Le\u00f3n XIV.<\/p>\n<p><b>Salvatore Cernuzio \u2013 Ciudad del Vaticano<\/b><\/p>\n<p>Se hablar\u00e1 de liturgia, de misi\u00f3n, de abusos, de nuevas sectas, de administraci\u00f3n, justicia y transparencia, pero tambi\u00e9n de sinodalidad, tribalismo, formaci\u00f3n sacerdotal, crisis del clero y di\u00e1logo interreligioso, en el Curso anual de formaci\u00f3n para nuevos obispos.<\/p>\n<p>Un \u00abmini m\u00e1ster\u00bb para los pastores de reciente nombramiento, una cita fija de cada mes de septiembre desde el a\u00f1o 2000 \u2014a\u00f1o de la primera edici\u00f3n, por iniciativa de Juan Pablo II\u2014, que se propone como un espacio para favorecer el di\u00e1logo y el conocimiento entre pastores recientemente nombrados y procedentes de los contextos eclesiales, culturales y sociales m\u00e1s diversos. Tambi\u00e9n busca ofrecerles orientaciones para el ejercicio de su ministerio en las Iglesias particulares.<\/p>\n<p>En el Curso de 2026 participan 147 obispos de los cinco continentes, incluidos pa\u00edses como India, Congo, Pap\u00faa Nueva Guinea, Zimbabue, Kirguist\u00e1n y Tailandia.<\/p>\n<p>98 est\u00e1n inscritos en el curso organizado por el Dicasterio para los Obispos, bajo el tema En Cristo, custodios de la Magnifica Humanitas en tiempos de transformaci\u00f3n; 49 participan en el curso promovido por el Dicasterio para la Evangelizaci\u00f3n \u2014Secci\u00f3n para la Primera Evangelizaci\u00f3n\u2014, titulado Servidores de la Comuni\u00f3n en la Iglesia.<\/p>\n<p>Ambos cursos \u2014desarrollados en diversas sesiones dirigidas por los responsables de los Dicasterios de la Curia Romana u otros obispos y arzobispos, adem\u00e1s de incluir misas, cenas y momentos de \u00abdi\u00e1logo fraterno\u00bb\u2014 comenz\u00f3 ayer, mi\u00e9rcoles 2 de septiembre, y concluir\u00e1n el d\u00eda 10 con el encuentro de los participantes con el papa Le\u00f3n XIV.<\/p>\n<p><b>El curso del Dicasterio para los Obispos<\/b> <\/p>\n<p>M\u00e1s en detalle, el curso del Dicasterio para los Obispos hoy contar\u00e1 con\u00a0la intervenci\u00f3n del cardenal Claudio Gugerotti, prefecto del Dicasterio para las Iglesias Orientales, sobre el ministerio episcopal, as\u00ed como la intervenci\u00f3n sobre la liturgia de monse\u00f1or Vittorio Viola, secretario del Dicasterio para el Culto Divino. Por la tarde habr\u00e1 grupos de trabajo divididos por grupos ling\u00fc\u00edsticos y un encuentro con los superiores del Dicasterio.<\/p>\n<p>Ma\u00f1ana 4 de septiembre, habr\u00e1 una reflexi\u00f3n de monse\u00f1or Luis Javier Arg\u00fcello Garc\u00eda, presidente de la Conferencia Episcopal Espa\u00f1ola, sobre la misi\u00f3n del pastor en los \u00e1mbitos de la familia y la sociedad. La sesi\u00f3n de la tarde abordar\u00e1 el tema de la protecci\u00f3n de los menores, la cultura de la prevenci\u00f3n y la gesti\u00f3n de los casos de abusos. El ponente ser\u00e1 monse\u00f1or Thibault Verny, presidente de la Pontificia Comisi\u00f3n para la Protecci\u00f3n de Menores. Por la noche, finalmente, intervendr\u00e1 el cardenal secretario de Estado, Pietro Parolin, sobre la labor de la Santa Sede en un mundo globalizado y sobre la paz.<\/p>\n<p>La jornada del s\u00e1bado 5 de septiembre estar\u00e1 marcada por la conferencia del cardenal Jos\u00e9 Tolentino de Mendon\u00e7a, prefecto del Dicasterio para la Cultura y la Educaci\u00f3n, sobre los actuales \u00abcambios culturales\u00bb, y por la intervenci\u00f3n del penitenciario mayor, el cardenal Angelo De Donatis, sobre el fuero interno.<\/p>\n<p><b>El curso del Dicasterio para la Evangelizaci\u00f3n<\/b> <\/p>\n<p>En cuanto al curso de formaci\u00f3n para los obispos pertenecientes a las circunscripciones eclesi\u00e1sticas confiadas al Dicasterio para la Evangelizaci\u00f3n, este se desarrollar\u00e1 en el Pontificio Colegio Misionero San Pedro Ap\u00f3stol. Las actividades han comenzado propiamente esta ma\u00f1ana con una sesi\u00f3n dedicada al conocimiento del Dicasterio para la Evangelizaci\u00f3n y a su servicio a las Iglesias en los territorios de misi\u00f3n. El cardenal Luis Antonio G. Tagle ejercer\u00e1 de anfitri\u00f3n, mientras que el arzobispo secretario Fortunatus Nwachukwu ofrecer\u00e1 una conferencia sobre los temas del \u00abtribalismo, castismo, racismo y regionalismo excluyente en la Iglesia contempor\u00e1nea\u00bb.<\/p>\n<p>Por la tarde, el padre Joseph Koonamparampil, colaborador y consultor del Dicasterio, intervendr\u00e1 sobre \u00abdisciplina del clero, vida consagrada y administraci\u00f3n de los bienes\u00bb. A continuaci\u00f3n, monse\u00f1or Erwin Balagapo, subsecretario, abordar\u00e1 el tema de las asociaciones de fieles, y el funcionario padre Anton Paul Padinjarathala se detendr\u00e1 en cuestiones relacionadas con la vida consagrada en la Iglesia misionera.<\/p>\n<p>\u00abFe e inculturaci\u00f3n\u00bb ser\u00e1 el tema de la jornada del 4 de septiembre. El cardenal George Jacob Koovakad, prefecto del Dicasterio para el Di\u00e1logo Interreligioso, intervendr\u00e1 sobre el di\u00e1logo interreligioso en el contexto actual. El arzobispo Aurelio Garc\u00eda Mac\u00edas, subsecretario del Dicasterio para el Culto Divino, ofrecer\u00e1 una conferencia sobre la continuidad y las novedades en la liturgia en el contexto de la primera evangelizaci\u00f3n. Por la noche, el cardenal Kurt Koch, prefecto del Dicasterio para la Promoci\u00f3n de la Unidad de los Cristianos, concluir\u00e1 la jornada hablando sobre el fen\u00f3meno de las sectas y los nuevos movimientos religiosos.<\/p>\n<p>La jornada del s\u00e1bado 5 de septiembre estar\u00e1 dedicada, en cambio, a la competencia jur\u00eddica en el gobierno episcopal. El arzobispo Anthony Randazzo, prefecto del Dicasterio para los Textos Legislativos, hablar\u00e1 sobre las estructuras diocesanas de comuni\u00f3n y colaboraci\u00f3n y sobre los tribunales. Por su parte, el arzobispo John Joseph Kennedy, secretario de la Secci\u00f3n Disciplinaria del Dicasterio para la Doctrina de la Fe, intervendr\u00e1 sobre la manera de abordar los casos relativos a los delicta graviora. Por la tarde, el arzobispo Dario Gervasi y la doctora Gabriella Gambino, respectivamente secretario y subsecretaria del Dicasterio para los Laicos, la Familia y la Vida, ofrecer\u00e1n una reflexi\u00f3n sobre el acompa\u00f1amiento y la formaci\u00f3n en la atenci\u00f3n pastoral del Pueblo de Dios.<\/p>\n<p><b>Peregrinaci\u00f3n a As\u00eds y sesi\u00f3n conjunta en la Urbaniana<\/b> <\/p>\n<p>El domingo ser\u00e1 una jornada libre para todos, con la posibilidad de participar en una peregrinaci\u00f3n a As\u00eds con motivo del A\u00f1o Jubilar por los 800 a\u00f1os del tr\u00e1nsito de san Francisco. Las actividades se reanudar\u00e1n el 7 de septiembre en la Pontificia Universidad Urbaniana, con la sesi\u00f3n conjunta de los participantes de ambos cursos. Al cardenal Michael Czerny, prefecto em\u00e9rito del Dicasterio para el Servicio del Desarrollo Humano Integral, se le ha confiado la presentaci\u00f3n de la enc\u00edclica del papa Le\u00f3n XIV, Magnifica humanitas. Por la tarde, el cardenal Mario Grech, secretario general del S\u00ednodo de los Obispos, y el cardenal Roberto Repole, arzobispo de Tur\u00edn, profundizar\u00e1n en la cuesti\u00f3n de la \u00abeclesiolog\u00eda sinodal\u00bb.<\/p>\n<p>Con motivo de la fiesta de la Natividad de la Bienaventurada Virgen Mar\u00eda, el 8 de septiembre, todos los nuevos obispos se trasladar\u00e1n a Santa Mar\u00eda la Mayor para participar en la misa presidida por el cardenal Baldassare Reina, vicario de la di\u00f3cesis de Roma. De nuevo en la Urbaniana, el curso continuar\u00e1 con las intervenciones de los cardenales Tagle y You Heung-sik, prefecto del Dicasterio para el Clero, sobre la formaci\u00f3n sacerdotal en el contexto actual. La sesi\u00f3n de la tarde estar\u00e1 centrada, en cambio, en el v\u00ednculo misionero con la Santa Sede \u2014\u00d3bolo de San Pedro, canon 1271 y Obras Misionales Pontificias\u2014. Intervendr\u00e1n el prefecto Iannone, seguido por el arzobispo Samuele Sangalli, secretario adjunto para la Administraci\u00f3n del Dicasterio para la Evangelizaci\u00f3n, y por el padre Tadeusz Nowak, secretario general de la Pontificia Obra de la Propagaci\u00f3n de la Fe.<\/p>\n<p>El mi\u00e9rcoles 9 de septiembre, monse\u00f1or Peter Beer, profesor del Instituto de Antropolog\u00eda de la Gregoriana, hablar\u00e1 sobre la gesti\u00f3n de las \u00abcrisis\u00bb en el clero, mientras que el padre Hans Zollner, director del Instituto de Antropolog\u00eda de la misma universidad, analizar\u00e1 el tema de la responsabilidad de las Iglesias en \u00abla protecci\u00f3n\u00bb de menores y adultos vulnerables. El mismo Instituto de Antropolog\u00eda dirigir\u00e1 el taller de la tarde, organizado en grupos ling\u00fc\u00edsticos.<\/p>\n<p><b>El encuentro con el Papa<\/b> <\/p>\n<p>Como conclusi\u00f3n del recorrido, el jueves 10 de septiembre tendr\u00e1 lugar la misa y veneraci\u00f3n de las reliquias del Ap\u00f3stol en la bas\u00edlica de San Pedro, presidida por el cardenal arcipreste Mauro Gambetti. Finalmente, tendr\u00e1 lugar la audiencia con el papa Le\u00f3n XIV, culmen de estas jornadas de formaci\u00f3n, oraci\u00f3n y fraternidad.<\/p>\n","protected":false},"excerpt":{"rendered":"Desde ayer y hasta el jueves 10 de septiembre se celebrar\u00e1 el Curso anual de formaci\u00f3n para pastores&hellip;\n","protected":false},"author":2,"featured_media":748724,"comment_status":"","ping_status":"","sticky":false,"template":"","format":"standard","meta":{"footnotes":""},"categories":[42],"tags":[30950,17,18,23473,40402,43861,13,14,11,401,61,62,63,64,19,20,32851,111488,2508,9,10,15,16,18386,400,12631,12,21,22,403,65,66,67],"class_list":["post-748723","post","type-post","status-publish","format-standard","has-post-thumbnail","category-internacional","tag-abusos","tag-breaking-news","tag-breakingnews","tag-cardenales","tag-curia-romana","tag-dicasterio","tag-featured-news","tag-featurednews","tag-headlines","tag-iglesia-catolica","tag-internacional","tag-international","tag-international-news","tag-internationalnews","tag-latest-news","tag-latestnews","tag-liturgia","tag-magnifica-humanitas","tag-misioneros","tag-news","tag-noticias","tag-noticias-destacadas","tag-noticiasdestacadas","tag-obispos","tag-papa-leon-xiv","tag-santa-sede","tag-titulares","tag-ultimas-noticias","tag-ultimasnoticias","tag-vaticano","tag-world","tag-world-news","tag-worldnews"],"share_on_mastodon":{"url":"","error":"Validation failed: Text character limit of 500 exceeded"},"_links":{"self":[{"href":"https:\/\/www.europesays.com\/es\/wp-json\/wp\/v2\/posts\/748723","targetHints":{"allow":["GET"]}}],"collection":[{"href":"https:\/\/www.europesays.com\/es\/wp-json\/wp\/v2\/posts"}],"about":[{"href":"https:\/\/www.europesays.com\/es\/wp-json\/wp\/v2\/types\/post"}],"author":[{"embeddable":true,"href":"https:\/\/www.europesays.com\/es\/wp-json\/wp\/v2\/users\/2"}],"replies":[{"embeddable":true,"href":"https:\/\/www.europesays.com\/es\/wp-json\/wp\/v2\/comments?post=748723"}],"version-history":[{"count":0,"href":"https:\/\/www.europesays.com\/es\/wp-json\/wp\/v2\/posts\/748723\/revisions"}],"wp:featuredmedia":[{"embeddable":true,"href":"https:\/\/www.europesays.com\/es\/wp-json\/wp\/v2\/media\/748724"}],"wp:attachment":[{"href":"https:\/\/www.europesays.com\/es\/wp-json\/wp\/v2\/media?parent=748723"}],"wp:term":[{"taxonomy":"category","embeddable":true,"href":"https:\/\/www.europesays.com\/es\/wp-json\/wp\/v2\/categories?post=748723"},{"taxonomy":"post_tag","embeddable":true,"href":"https:\/\/www.europesays.com\/es\/wp-json\/wp\/v2\/tags?post=748723"}],"curies":[{"name":"wp","href":"https:\/\/api.w.org\/{rel}","templated":true}]}}