{"id":748769,"date":"2026-09-05T06:29:35","date_gmt":"2026-09-05T06:29:35","guid":{"rendered":"https:\/\/www.europesays.com\/es\/748769\/"},"modified":"2026-09-05T06:29:35","modified_gmt":"2026-09-05T06:29:35","slug":"cronica-victoria-de-espana-ante-alemania-en-el-mundial-de-baloncesto-femenino-2026","status":"publish","type":"post","link":"https:\/\/www.europesays.com\/es\/748769\/","title":{"rendered":"Cr\u00f3nica victoria de Espa\u00f1a ante Alemania en el Mundial de baloncesto femenino 2026"},"content":{"rendered":"<p class=\"ft-text\"><strong>Como un cicl\u00f3n. As\u00ed empez\u00f3 Espa\u00f1a el Mundial de Berl\u00edn, con una exhibici\u00f3n <\/strong><a class=\"ft-link ft-link--decoration\" href=\"https:\/\/www.superdeporte.es\/valencia-basket\/2026\/09\/03\/espana-taronja-arranca-mundial-anfitriona-133920698.html\" rel=\"nofollow noopener\" target=\"_blank\"><strong>ante la potente Alemania que adem\u00e1s es la anfitriona<\/strong><\/a><strong> y a la que se impusieron por un contundente <\/strong><a class=\"ft-link ft-link--decoration\" href=\"https:\/\/www.fiba.basketball\/en\/events\/fiba-womens-basketball-world-cup-2026\/games\/128117-ESP-GER#boxscore\" rel=\"nofollow noopener\" target=\"_blank\">83-53<\/a>. Un aut\u00e9ntico golpe de efecto para una selecci\u00f3n que vuelve a una cita mundialista 8 a\u00f1os despu\u00e9s y que lo hace con una generaci\u00f3n llamada a hacer historia y muchas jugadoras forjadas tambi\u00e9n ya en la WNBA. Entre ellas una Awa Fam que deslumbr\u00f3 con 17 puntos, 4 rebotes, 3 tapones y 25 de valoraci\u00f3n y una Raquel Carrera que logr\u00f3 un doble-doble con 10 puntos y 10 rebotes.<\/p>\n<p class=\"ft-text\"><strong>Iyana Mart\u00edn, la mejor en la gira de preparaci\u00f3n, sal\u00eda de inicio junto a Maite Cazorla, Mar\u00eda Conde, Raquel Carrera y Awa Fam<\/strong>, quien abri\u00f3 el marcador a los 22 segundos con una gran acci\u00f3n individual bajo el aro. La respuesta alemana llegaba de la mano de la <a class=\"ft-link ft-link--decoration\" href=\"https:\/\/www.superdeporte.es\/valencia-basket\/2026\/06\/29\/nuevo-fichaje-reforzar-proyecto-valencia-basket-131932698.html\" rel=\"nofollow noopener\" target=\"_blank\">nueva jugadora del Valencia Basket, Alexis Peterson<\/a>, aunque fue poco menos que un espejismo en un inicio arrollador de las espa\u00f1olas, que pusieron el 12-4 tras dos triples de Conde y Cazorla y el acierto de Iyana y Carrera, esta \u00faltima desde el tiro libre.<\/p>\n<p class=\"ft-text\">La extaronja Leo Fiebich trataba de liderar la reacci\u00f3n de las anfitrionas con su acierto desde el 6,75 y con su capacidad para atacar el aro y forzar faltas, pero con las rotaciones, <strong>Espa\u00f1a logr\u00f3 mantener las diferencias en un primer cuarto marcado por el acierto exterior de las de M\u00e9ndez<\/strong>, con los cinco primeros triples anotados tras sumar otro Conde y dos m\u00e1s Iyana.<\/p>\n<p><img decoding=\"async\" src=\"https:\/\/www.europesays.com\/es\/wp-content\/uploads\/2026\/09\/3c88e641-8a81-43ef-9ccf-81b404c12fea_alta-libre-aspect-ratio_default_0_x478y228.jpg\" width=\"1200\" height=\"858\" alt=\"Awa Fam, imparable tanto en la zona como en el tiro exterior con tres triples.\" class=\"ft-helper-img-rd\" loading=\"lazy\" fetchpriority=\"auto\"\/><\/p>\n<p class=\"ft-helper-fontColor-quaternary ft-helper-fontSize-body-S ft-helper-spacer-t-xxs\">Awa Fam, imparable tanto en la zona como en el tiro exterior con tres triples.  \/ FIBA<\/p>\n<p class=\"ft-text\">Las visitantes hab\u00edan sumado 21 puntos en apenas seis minutos, pero sufrieron m\u00e1s con la defensa germana en los \u00faltimos minutos del primer cuarto, al que se lleg\u00f3 con un 24-13 y superioridad taronja en todas las facetas del juego. De hecho, solo dos jugadoras alemanas lograron anotar en los primeros minutos, la propia Fiebich y Peterson.<\/p>\n<p>Poder\u00edo interior con Ginzo, Carrera y Awa<\/p>\n<p class=\"ft-text\"><strong>Alicia Fl\u00f3rez y Alba Torrens eran las \u00fanicas sin minutos tras el primer cuarto, pero la primera sali\u00f3 de inicio en la vuelta a la pista y la capitana lo har\u00eda poco despu\u00e9s<\/strong>, empezando as\u00ed su carrera a la que ser\u00eda su cuarta medalla mundialista. <\/p>\n<p class=\"ft-text\"><strong>Fue la extaronja Paula Ginzo, sin embargo, la gran protagonista de la selecci\u00f3n en la reanudaci\u00f3n<\/strong>, haciendo da\u00f1o tanto bajo el aro como con el tiro a media distancia. No tard\u00f3 en sumarse al festival anotador Carrera, acertada desde el 4,60, en triples y en la zona, aunque fue Awa quien puso la m\u00e1xima diferencia del partido tras un triple y cinco puntos que pusieron un contundente 44-20 en el marcador, a 3:19 del descanso.<\/p>\n<p><img decoding=\"async\" src=\"https:\/\/www.europesays.com\/es\/wp-content\/uploads\/2026\/09\/5e230429-c0c6-49eb-b5b4-0292bb170eb2_alta-libre-aspect-ratio_default_0_x451y226.jpg\" width=\"1200\" height=\"901\" alt=\"La taronja Alicia Fl\u00f3rez, en sus primeros minutos en el Mundial\" class=\"ft-helper-img-rd\" loading=\"lazy\" fetchpriority=\"auto\"\/><\/p>\n<p class=\"ft-helper-fontColor-quaternary ft-helper-fontSize-body-S ft-helper-spacer-t-xxs\">La taronja Alicia Fl\u00f3rez, en sus primeros minutos en el Mundial  \/ FIBA<\/p>\n<p class=\"ft-text\">Sabally y de nuevo Fiebich intentaban despertar a Alemania, pero <strong>un nuevo triple de Conde y Buenavida permitieron irse a vestuarios con un aplastante 50-24, ya con 9 triples y un 50% de acierto desde el 6,75<\/strong>.<\/p>\n<p>El despertar de Gustafson<\/p>\n<p class=\"ft-text\">Alemania estaba contra las cuerdas y sal\u00eda con un plus de intensidad en busca de cambiar la din\u00e1mica para seguir so\u00f1ando con la remontada. Dos buenas defensas y los puntos de Eichmeyer y Geiselsoder les daban algo de ox\u00edgeno, pero Espa\u00f1a segu\u00eda manteniendo siempre una diferencia por encima de los 20 puntos, sumando desde el tiro libre y con la irrupci\u00f3n de jugadoras como Gustafson y Mariona, con poco protagonismo en la primera mitad. <\/p>\n<p class=\"ft-text\">Fiebich se echaba de nuevo el equipo a la espalda, pero Cazorla e Iyana, ya con 10 puntos, ayudaban a mantener diferencias en <strong>un tercer cuarto con menos anotaci\u00f3n, pero que no cambi\u00f3 el escenario del encuentro, al llegar a los \u00faltimos 10 minutos con un claro 65-39<\/strong>.<\/p>\n<p>Awa Fam, desatada<\/p>\n<p class=\"ft-text\">El partido estaba visto para sentencia y lejos de levantar el pie del acelerador, Espa\u00f1a mantuvo su intensidad hasta el final, liderada por <strong>una enorme Awa Fam desatada en el tiro exterior, con dos triples m\u00e1s que sumar a una acci\u00f3n bajo el aro<\/strong>. La tambi\u00e9n taronja Helena Pueyo se sumaba tambi\u00e9n al festival anotador exterior con sus primeros tres puntos, mientras Alemania solo pod\u00eda ya intentar maquillar el marcador, con canastas aisladas de Bhuner, Gullick o Sabelly.<\/p>\n<p class=\"ft-text\"><strong>La taronja Peterson volv\u00eda a sumar antes de acabar para llegar hasta los 7 puntos<\/strong>, pero la aplastante victoria de Espa\u00f1a estaba ya en el bote y adem\u00e1s, con la posibilidad de repartir minutos para reservas fuerzas de cara al partido de este s\u00e1bado por la ma\u00f1ana, ante Mali a partir de las 11:30. Alicia Fl\u00f3rez, adem\u00e1s, dejaba su sello sumando cinco asistencias en apenas 13 minutos en pista.<\/p>\n<p>FICHA T\u00c9CNICA<\/p>\n<p class=\"ft-text\"><strong>ESPA\u00d1A<\/strong>: Mart\u00edn (12), Cazorla (7), Conde (13), Carrera (10) y Fam (17) &#8211;quinteto inicial&#8211;; Ginzo (6), Gustafson (7), Ortiz (3), Buenavida (2), Fl\u00f3rez (3), Pueyo (3) y Torrens (-).<\/p>\n<p class=\"ft-text\"><strong>ALEMANIA<\/strong>: Peterson (7), Eichmeyer (2), Fiebich (13), Geisels\u00f6der (4) y B\u00fchner (4) &#8211;quinteto inicial&#8211;; G\u00fclich (8), Sabally (10), Daub (-), Bessoir (-), Sontag (-), Wilke (3) y Bielefeld (2).<\/p>\n<p class=\"ft-text\">&#8212;<strong>PARCIALES<\/strong>: 24-13, 26-11, 15-15 y 18-14.<\/p>\n<p class=\"ft-text\">&#8212;<strong>\u00c1RBITROS<\/strong>: Batista (PUR), Vulic (CRO) y Husainy (CAN). Sin eliminadas.<\/p>\n<p class=\"ft-text\">&#8212;<strong>PABELL\u00d3N<\/strong>: Uber Arena.<\/p>\n","protected":false},"excerpt":{"rendered":"Como un cicl\u00f3n. As\u00ed empez\u00f3 Espa\u00f1a el Mundial de Berl\u00edn, con una exhibici\u00f3n ante la potente Alemania que&hellip;\n","protected":false},"author":2,"featured_media":748770,"comment_status":"","ping_status":"","sticky":false,"template":"","format":"standard","meta":{"footnotes":""},"categories":[93],"tags":[1660,41699,37961,9495,4860,168,25,24,41700,10056,1070,11917,37323,23,167,2916,1261,4847],"class_list":["post-748769","post","type-post","status-publish","format-standard","has-post-thumbnail","category-deportes","tag-alemania","tag-awa","tag-awa-fam","tag-berlin","tag-carrera","tag-deportes","tag-es","tag-espana","tag-fam","tag-lideran","tag-mundial","tag-raquel","tag-raquel-carrera","tag-spain","tag-sports","tag-valencia-basket","tag-victoria","tag-wnba"],"share_on_mastodon":{"url":"https:\/\/pubeurope.com\/@es\/117217026724169368","error":""},"_links":{"self":[{"href":"https:\/\/www.europesays.com\/es\/wp-json\/wp\/v2\/posts\/748769","targetHints":{"allow":["GET"]}}],"collection":[{"href":"https:\/\/www.europesays.com\/es\/wp-json\/wp\/v2\/posts"}],"about":[{"href":"https:\/\/www.europesays.com\/es\/wp-json\/wp\/v2\/types\/post"}],"author":[{"embeddable":true,"href":"https:\/\/www.europesays.com\/es\/wp-json\/wp\/v2\/users\/2"}],"replies":[{"embeddable":true,"href":"https:\/\/www.europesays.com\/es\/wp-json\/wp\/v2\/comments?post=748769"}],"version-history":[{"count":0,"href":"https:\/\/www.europesays.com\/es\/wp-json\/wp\/v2\/posts\/748769\/revisions"}],"wp:featuredmedia":[{"embeddable":true,"href":"https:\/\/www.europesays.com\/es\/wp-json\/wp\/v2\/media\/748770"}],"wp:attachment":[{"href":"https:\/\/www.europesays.com\/es\/wp-json\/wp\/v2\/media?parent=748769"}],"wp:term":[{"taxonomy":"category","embeddable":true,"href":"https:\/\/www.europesays.com\/es\/wp-json\/wp\/v2\/categories?post=748769"},{"taxonomy":"post_tag","embeddable":true,"href":"https:\/\/www.europesays.com\/es\/wp-json\/wp\/v2\/tags?post=748769"}],"curies":[{"name":"wp","href":"https:\/\/api.w.org\/{rel}","templated":true}]}}