{"id":748793,"date":"2026-09-05T06:49:19","date_gmt":"2026-09-05T06:49:19","guid":{"rendered":"https:\/\/www.europesays.com\/es\/748793\/"},"modified":"2026-09-05T06:49:19","modified_gmt":"2026-09-05T06:49:19","slug":"jesus-vazquez-de-la-1-tras-perder-la-ilusion-por-telecinco-el-tiempo-pone-a-todo-el-mundo-en-su-sitio","status":"publish","type":"post","link":"https:\/\/www.europesays.com\/es\/748793\/","title":{"rendered":"Jes\u00fas V\u00e1zquez, de La 1, tras perder la ilusi\u00f3n por Telecinco: \u00abEl tiempo pone a todo el mundo en su sitio\u00bb"},"content":{"rendered":"<p class=\"c-paragraph\"><b>Jes\u00fas V\u00e1zquez ha vuelto a pronunciarse sobre su salida de Telecinco<\/b>\u00a0tras m\u00e1s de dos d\u00e9cadas vinculado a la cadena. El comunicador realiz\u00f3 estas declaraciones en la alfombra roja de los Premios Juventud, celebrados en Marbella, donde<a href=\"https:\/\/www.heraldo.es\/noticias\/ocio-y-cultura\/2026\/05\/14\/jesus-vazquez-me-dio-pena-no-poder-despedirme-mediaset-con-un-abrazo-tras-25-anos-2020113.html\" title=\"Jes\u00fas V\u00e1zquez: &quot;Me dio pena no poder despedirme de Mediaset con un abrazo tras 25 a\u00f1os&quot;\" rel=\"nofollow noopener\" target=\"_blank\"> expres\u00f3 su actual entusiasmo por los proyectos que desarrolla en Televisi\u00f3n Espa\u00f1ola.<\/a><\/p>\n<p class=\"c-paragraph\">Durante su intervenci\u00f3n ante los micr\u00f3fonos de Dani Mateo y Sergio Garc\u00eda, quienes cubr\u00edan la previa del evento,\u00a0<b>el presentador gallego manifest\u00f3 su satisfacci\u00f3n con su trabajo en TVE<\/b>. \u00abMe lo estoy pasando bomba, estoy encantado con las cosas que me est\u00e1n pasando y con las cosas que estoy haciendo con TVE, porque es tele, tele\u00bb, se\u00f1al\u00f3 V\u00e1zquez.<\/p>\n<p class=\"c-paragraph\">El comunicador tambi\u00e9n aprovech\u00f3 para destacar su experiencia colaborando con Televisa Univisi\u00f3n en la organizaci\u00f3n de estos galardones. \u00abSon unas m\u00e1quinas; ahora entiendo cuando hablan de la forma de hablar en Am\u00e9rica. Esto es muy grande. Hay un equipazo detr\u00e1s, tienen previsto todo\u00bb, afirm\u00f3\u00a0<b>sobre la productora latinoamericana<\/b>.<\/p>\n<p>\u00abEl tiempo pone a todo el mundo en su sitio\u00bb<\/p>\n<p class=\"c-paragraph\">Cuando fue preguntado acerca de\u00a0<b>si hab\u00eda perdido la ilusi\u00f3n por la televisi\u00f3n en alg\u00fan momento<\/b>, el presentador no dud\u00f3 en responder con sinceridad. \u00abS\u00ed, hace poco la perd\u00ed. Me he reconciliado con la tele, pero hubo gente que me hizo perder la ilusi\u00f3n. Pero bueno, el tiempo pone a todo el mundo en su sitio\u00bb, declar\u00f3 Jes\u00fas V\u00e1zquez.<\/p>\n<p class=\"c-paragraph\">No es la primera ocasi\u00f3n en la que\u00a0<b>el comunicador hace referencia a su etapa en Mediaset<\/b>. Durante su visita a La Revuelta en enero pasado, donde acudi\u00f3 para promocionar el Benidorm Fest, ya dej\u00f3 entrever su sensaci\u00f3n de libertad tras abandonar la cadena de Fuencarral.<\/p>\n<p>Declaraciones en el programa de Broncano<\/p>\n<p class=\"c-paragraph\">\u00abLibre, libre quiero ser. Aqu\u00ed estoy, despu\u00e9s de muchos a\u00f1os\u00bb, expres\u00f3\u00a0<b>nada m\u00e1s acceder al plat\u00f3 del espacio de David Broncano<\/b>. El presentador jiennense le coment\u00f3 entonces: \u00abHas entrado con mucha energ\u00eda. Has cantado &#8216;libre libre&#8217;, supongo que&#8230;\u00bb, a lo que V\u00e1zquez respondi\u00f3: \u00abClaro, como t\u00fa has dicho lo de Telecinco, algo ten\u00eda que rematar\u00bb.<\/p>\n<p class=\"c-paragraph\">Pese a las alusiones cr\u00edticas,\u00a0<b>el presentador reconoci\u00f3 aspectos positivos de su trayectoria en Mediaset<\/b>. \u00abTuve una primera etapa, luego sal\u00ed, pero la segunda fueron 25. Y muchas cosas buenas, ojo, muchos programones\u00bb, admiti\u00f3 sobre sus 27 a\u00f1os de relaci\u00f3n profesional con la cadena.<\/p>\n<p>Nuevo proyecto en RTVE<\/p>\n<p class=\"c-paragraph\">A partir del pr\u00f3ximo 9 de septiembre, fecha que coincide con su cumplea\u00f1os,\u00a0<b>Jes\u00fas V\u00e1zquez estrenar\u00e1 un nuevo concurso en Televisi\u00f3n Espa\u00f1ola<\/b>. Se trata de &#8216;El t\u00fanel: avanza y gana&#8217;, un programa de estrategia, tensi\u00f3n y conocimiento que se emitir\u00e1 en la franja de m\u00e1xima audiencia. Con este formato, el presentador ferrolano consolida su nueva etapa en la televisi\u00f3n p\u00fablica tras su salida de la cadena privada.<\/p>\n<p>Informaci\u00f3n generada con ayuda de Inteligencia Artificial<\/p>\n<p> <a class=\"enlace-texto-ia\" href=\"https:\/\/www.heraldo.es\/noticias\/comunicacion\/2023\/11\/23\/compromiso-heraldo-innovacion-precision-informativa-1691520.html\" rel=\"nofollow noopener\" target=\"_blank\">Saber m\u00e1s<\/a><\/p>\n","protected":false},"excerpt":{"rendered":"Jes\u00fas V\u00e1zquez ha vuelto a pronunciarse sobre su salida de Telecinco\u00a0tras m\u00e1s de dos d\u00e9cadas vinculado a la&hellip;\n","protected":false},"author":2,"featured_media":748794,"comment_status":"","ping_status":"","sticky":false,"template":"","format":"standard","meta":{"footnotes":""},"categories":[171],"tags":[146,147,25,24,223,3814,5782,13327,13604,23,7099,692,214,5783],"class_list":["post-748793","post","type-post","status-publish","format-standard","has-post-thumbnail","category-tv","tag-entertainment","tag-entretenimiento","tag-es","tag-espana","tag-hub-ia","tag-ilusion","tag-jesus","tag-perder","tag-reconcilia","tag-spain","tag-tele","tag-telecinco","tag-tv","tag-vazquez"],"share_on_mastodon":{"url":"https:\/\/pubeurope.com\/@es\/117217103899977128","error":""},"_links":{"self":[{"href":"https:\/\/www.europesays.com\/es\/wp-json\/wp\/v2\/posts\/748793","targetHints":{"allow":["GET"]}}],"collection":[{"href":"https:\/\/www.europesays.com\/es\/wp-json\/wp\/v2\/posts"}],"about":[{"href":"https:\/\/www.europesays.com\/es\/wp-json\/wp\/v2\/types\/post"}],"author":[{"embeddable":true,"href":"https:\/\/www.europesays.com\/es\/wp-json\/wp\/v2\/users\/2"}],"replies":[{"embeddable":true,"href":"https:\/\/www.europesays.com\/es\/wp-json\/wp\/v2\/comments?post=748793"}],"version-history":[{"count":0,"href":"https:\/\/www.europesays.com\/es\/wp-json\/wp\/v2\/posts\/748793\/revisions"}],"wp:featuredmedia":[{"embeddable":true,"href":"https:\/\/www.europesays.com\/es\/wp-json\/wp\/v2\/media\/748794"}],"wp:attachment":[{"href":"https:\/\/www.europesays.com\/es\/wp-json\/wp\/v2\/media?parent=748793"}],"wp:term":[{"taxonomy":"category","embeddable":true,"href":"https:\/\/www.europesays.com\/es\/wp-json\/wp\/v2\/categories?post=748793"},{"taxonomy":"post_tag","embeddable":true,"href":"https:\/\/www.europesays.com\/es\/wp-json\/wp\/v2\/tags?post=748793"}],"curies":[{"name":"wp","href":"https:\/\/api.w.org\/{rel}","templated":true}]}}