{"id":748807,"date":"2026-09-05T06:57:27","date_gmt":"2026-09-05T06:57:27","guid":{"rendered":"https:\/\/www.europesays.com\/es\/748807\/"},"modified":"2026-09-05T06:57:27","modified_gmt":"2026-09-05T06:57:27","slug":"fernanda-cornejo-doggenweiler-emplaza-a-milei-por-sus-dichos-en-chile","status":"publish","type":"post","link":"https:\/\/www.europesays.com\/es\/748807\/","title":{"rendered":"Fernanda Cornejo Doggenweiler emplaza a Milei por sus dichos en Chile"},"content":{"rendered":"<p><strong>Fernanda Cornejo Doggenweiler<\/strong>, cientista pol\u00edtica e hija de <strong>Karen Doggenweiler<\/strong>, se refiri\u00f3 a la participaci\u00f3n del presidente argentino <strong>Javier Milei<\/strong> en el <strong>Foro Madrid<\/strong>, evento pol\u00edtico que se desarroll\u00f3 ayer jueves en Santiago y donde ofreci\u00f3 un discurso de inauguraci\u00f3n. <\/p>\n<p>\u201cSi me lo permiten, y si me lo permiten ustedes, compa\u00f1eros, yo me quiero dirigir al presidente Javier Milei, porque yo lo respeto much\u00edsimo en su investidura presidencial, respeto a su pueblo, que lo eligi\u00f3, <strong>pero es inaceptable esto que sucede: es un tema universal, que son los derechos humanos\u201d<\/strong>, coment\u00f3 en pantalla Cornejo, quien trabaja como analista pol\u00edtica para el canal transandino de noticias <a href=\"https:\/\/www.c5n.com\/\" rel=\"noopener nofollow\" target=\"_blank\">C5N<\/a>. <\/p>\n<p>La cientista pol\u00edtica hac\u00eda alusi\u00f3n a los dichos de Milei sobre la dictadura de <strong>Augusto Pinochet<\/strong>. En su intervenci\u00f3n, el mandatario se\u00f1al\u00f3 que \u201cChile entr\u00f3 en un per\u00edodo de estabilidad y crecimiento que se extendi\u00f3 por m\u00e1s de 40 a\u00f1os\u201d luego del derrocamiento \u201cdel comunista (Salvador) Allende\u201d.<\/p>\n<p>En la TV argentina, Cornejo plante\u00f3 su postura al respecto: <strong>\u201cEn Chile hay una herida abierta, como la hay ac\u00e1 en la Argentina<\/strong>. Hay m\u00e1s de miles de detenidos desaparecidos, hay m\u00e1s de miles de muertos asesinados en una de las dictaduras m\u00e1s sangrientas en la historia de la humanidad. Y que diga esto Javier Milei, es muy doloroso\u201d, dijo.<\/p>\n<p>En la misma l\u00ednea, puso su caso en perspectiva: \u201cPongo mi caso, que es el de muchos chilenos, <strong>que me mataron a casi la mitad de mi familia, y escuchar estas palabras nos lleva al peor per\u00edodo de nuestra historia\u201d<\/strong>.<\/p>\n<p><strong>\u201cProbablemente, a Javier Milei y a su gobierno no les interesa este dato que tiene que ver con lo sangrienta que fue esta dictadura, pero s\u00ed la econom\u00eda.<\/strong> Una econom\u00eda que dej\u00f3 el PBI m\u00e1s bajo, probablemente, en la historia de Chile; la hiperinflaci\u00f3n m\u00e1s grande en la historia de Chile, el nivel de pobreza m\u00e1s alto y la mayor cantidad de desempleo\u201d, complement\u00f3.<\/p>\n<p><strong>\u201c\u00bfEs esa la Argentina que quiere construir Javier Milei? <\/strong>Evidentemente s\u00ed, porque lo que se est\u00e1 implementando ac\u00e1, como por ejemplo la reforma laboral, totalmente copiada del C\u00f3digo del Trabajo escrito en dictadura en Chile, son los modelos que intentan replicar con su amigo Jos\u00e9 Antonio Kast, que est\u00e1 al otro lado de la cordillera, que es el primer presidente electo en democracia que abiertamente respald\u00f3 la dictadura\u201d, cerr\u00f3 Cornejo Doggenweiler.<\/p>\n<blockquote class=\"twitter-tweet\" data-media-max-width=\"560\">\n<p lang=\"es\" dir=\"ltr\">La periodista Fernanda Cornejo que vive y trabaja en Argentina se refiri\u00f3 a las palabras de Milei y sac\u00f3 aplausos: <a href=\"https:\/\/t.co\/VGUHMT0br5\" rel=\"nofollow\">pic.twitter.com\/VGUHMT0br5<\/a><\/p>\n<p>\u2014 H (@hernan_sr) <a href=\"https:\/\/x.com\/hernan_sr\/status\/2095823538452041953?ref_src=twsrc%5Etfw\" rel=\"nofollow\">September 4, 2026<\/a><\/p>\n<\/blockquote>\n<p>                <script async src=\"https:\/\/platform.twitter.com\/widgets.js\" charset=\"utf-8\"><\/script><\/p>\n","protected":false},"excerpt":{"rendered":"Fernanda Cornejo Doggenweiler, cientista pol\u00edtica e hija de Karen Doggenweiler, se refiri\u00f3 a la participaci\u00f3n del presidente argentino&hellip;\n","protected":false},"author":2,"featured_media":748808,"comment_status":"","ping_status":"","sticky":false,"template":"","format":"standard","meta":{"footnotes":""},"categories":[42],"tags":[71077,17,18,132169,5282,133081,1471,13,14,133082,133083,11,133084,61,62,63,64,4245,60494,88964,19,20,9,10,15,16,68708,110229,10140,12,133085,21,22,65,66,67],"class_list":["post-748807","post","type-post","status-publish","format-standard","has-post-thumbnail","category-internacional","tag-augusto-pinochet","tag-breaking-news","tag-breakingnews","tag-c5n","tag-derechos-humanos","tag-detenidos-desaparecidos","tag-dictadura","tag-featured-news","tag-featurednews","tag-fernanda-cornejo-doggenweiler","tag-foro-madrid","tag-headlines","tag-hiperinflacion","tag-internacional","tag-international","tag-international-news","tag-internationalnews","tag-javier-milei","tag-jose-antonio-kast","tag-karen-doggenweiler","tag-latest-news","tag-latestnews","tag-news","tag-noticias","tag-noticias-destacadas","tag-noticiasdestacadas","tag-reforma-laboral","tag-salvador-allende","tag-seleccion-tendencias","tag-titulares","tag-tv-argentina","tag-ultimas-noticias","tag-ultimasnoticias","tag-world","tag-world-news","tag-worldnews"],"share_on_mastodon":{"url":"","error":"Validation failed: Text character limit of 500 exceeded"},"_links":{"self":[{"href":"https:\/\/www.europesays.com\/es\/wp-json\/wp\/v2\/posts\/748807","targetHints":{"allow":["GET"]}}],"collection":[{"href":"https:\/\/www.europesays.com\/es\/wp-json\/wp\/v2\/posts"}],"about":[{"href":"https:\/\/www.europesays.com\/es\/wp-json\/wp\/v2\/types\/post"}],"author":[{"embeddable":true,"href":"https:\/\/www.europesays.com\/es\/wp-json\/wp\/v2\/users\/2"}],"replies":[{"embeddable":true,"href":"https:\/\/www.europesays.com\/es\/wp-json\/wp\/v2\/comments?post=748807"}],"version-history":[{"count":0,"href":"https:\/\/www.europesays.com\/es\/wp-json\/wp\/v2\/posts\/748807\/revisions"}],"wp:featuredmedia":[{"embeddable":true,"href":"https:\/\/www.europesays.com\/es\/wp-json\/wp\/v2\/media\/748808"}],"wp:attachment":[{"href":"https:\/\/www.europesays.com\/es\/wp-json\/wp\/v2\/media?parent=748807"}],"wp:term":[{"taxonomy":"category","embeddable":true,"href":"https:\/\/www.europesays.com\/es\/wp-json\/wp\/v2\/categories?post=748807"},{"taxonomy":"post_tag","embeddable":true,"href":"https:\/\/www.europesays.com\/es\/wp-json\/wp\/v2\/tags?post=748807"}],"curies":[{"name":"wp","href":"https:\/\/api.w.org\/{rel}","templated":true}]}}