{"id":748819,"date":"2026-09-05T07:09:20","date_gmt":"2026-09-05T07:09:20","guid":{"rendered":"https:\/\/www.europesays.com\/es\/748819\/"},"modified":"2026-09-05T07:09:20","modified_gmt":"2026-09-05T07:09:20","slug":"luis-alegre-el-aragones-que-ha-conquistado-a-la-reina-letizia-y-a-las-estrellas-de-cine","status":"publish","type":"post","link":"https:\/\/www.europesays.com\/es\/748819\/","title":{"rendered":"Luis Alegre, el aragon\u00e9s que ha conquistado a la Reina Letizia y a las estrellas de cine"},"content":{"rendered":"<p>Podr\u00eda decirse que Luis Alegre Saz es una figura que, sin haber dirigido ninguna pel\u00edcula, se ha convertido en un referente imprescindible del cine espa\u00f1ol. Este profesor de Econom\u00eda de la Universidad de Zaragoza naci\u00f3 en 1962 en Lechago, un peque\u00f1o pueblo de Teruel  &#8230; de apenas 42 habitantes. Hijo de un campesino y de una ama de casa, no frecuenta las redes sociales, pero cuenta con una agenda telef\u00f3nica por la que m\u00e1s de un cin\u00e9filo matar\u00eda. En sus contactos figuran, adem\u00e1s de infinidad de personas an\u00f3nimas, algunos de los actores, artistas, directores y deportistas m\u00e1s relevantes del pa\u00eds.<\/p>\n<p class=\"v-d-p\">Pen\u00e9lope Cruz es una de sus amigas m\u00e1s \u00edntimas, al igual que la reina Letizia, quien en el Festival de Tudela de 2022 se salt\u00f3 el protocolo para abrazarlo como a un amigo de toda la vida. En su agenda conviven nombres como Pep Guardiola, Maribel Verd\u00fa, Jorge Sanz, Ana Bel\u00e9n, Javier Bardem, Joaqu\u00edn Sabina, Ver\u00f3nica S\u00e1nchez, El Gran Wyoming o Santiago Segura.<\/p>\n<p class=\"v-d-p\">Aunque a primera vista parezca la lista de un representante haciendo networking, se trata simplemente de sus amigos. Todos lo confirman, lo conocen y lo aprecian: es \u00abel aragon\u00e9s m\u00e1s querido por los famosos\u00bb. Para \u00e9l, la clave para consolidar estas relaciones radica en la humildad: \u00abNo despegar los pies de la tierra, la decencia moral, el amor por la gente, la educaci\u00f3n, la cultura y la tolerancia son los valores m\u00e1s supremos\u00bb, comenta a ABC.<\/p>\n<ul class=\"v-cmp-rld__u\">\n<li class=\"v-cmp-rld__l\">\n<p><a class=\"v-a-lnk\" href=\"http:\/\/www.abc.es\/gente\/mackenzie-scott-exmujer-jeff-bezos-publica-nueva-20260830160519-nt.html#vtm_modulosEngag=noticiasrelacionadas-cmp-uno:gente:noticia:1\" data-voc-vtm-id=\"in-text-traffic\" rel=\"nofollow noopener\" target=\"_blank\"><br \/>\n<img decoding=\"async\" loading=\"lazy\" src=\"https:\/\/www.europesays.com\/es\/wp-content\/uploads\/2026\/09\/1415945623-U44036870454cIo-366x256@diario_abc.jpg\" class=\"v-a-img\" width=\"258\" height=\"180\" alt=\"La exmujer de Jeff Bezos, MacKenzie Scott, publica una nueva novela sobre distop\u00eda pol\u00edtica centrada en el fascismo\"\/><br \/>\n<\/a><\/p>\n<\/li>\n<\/ul>\n<p class=\"v-d-p\">Pen\u00e9lope Cruz fue una de las primeras en llegar a su vida. Ambos se conocieron en el oto\u00f1o de 1991 durante una entrevista con motivo del rodaje de Jam\u00f3n, jam\u00f3n. Volvieron a coincidir en varios rodajes m\u00e1s y fue all\u00ed donde consolidaron su amistad. En esa misma \u00e9poca conoci\u00f3 tambi\u00e9n a Javier Bardem y a Jordi Moll\u00e0.<\/p>\n<p class=\"v-a-t\">\n\u00abSi la amistad es verdadera, no hay que hacer ning\u00fan esfuerzo por mantenerla\u00bb\n<\/p>\n<p class=\"v-d-p\">Mucho antes de que alcanzara la fama mundial, \u00e9l ya hab\u00eda atisbado en la actriz \u00abun desparpajo de otro mundo\u00bb. Sabe bien que a veces \u00abla popularidad brutal coloca a la gente en un lugar donde muchas cosas escapan a su control\u00bb, pero tiene claro que \u00absi la amistad es profunda y verdadera, no hay que hacer ning\u00fan esfuerzo por mantenerla\u00bb, se\u00f1ala.<\/p>\n<p>\nLa celestina de la industria\n<\/p>\n<p class=\"v-d-p\">Su amabilidad y ese carisma propio de pueblo lo han llevado a asistir varias veces a la gala de los Oscar en Los \u00c1ngeles, a la fiesta de Vanity Fair y a la posterior celebraci\u00f3n en casa de Madonna. Tambi\u00e9n estuvo presente en el palco de honor de la final de la Liga de Campeones de 2009 en Roma, donde el Barcelona venci\u00f3 al Manchester United.<\/p>\n<p class=\"v-d-p\">Luis Alegre no solo es amigo de los actores m\u00e1s reconocidos de la industria, sino tambi\u00e9n un invitado habitual de la Casa Real. Conoci\u00f3 a la reina Letizia cuando ella ejerc\u00eda como periodista y desde entonces mantienen una estrecha amistad. De hecho, fue \u00e9l quien le present\u00f3 a Pen\u00e9lope Cruz, una afinidad que se hizo p\u00fablica en 2016 cuando la Reina apareci\u00f3 por sorpresa en el rodaje de La reina de Espa\u00f1a.<\/p>\n<p><img decoding=\"async\" loading=\"lazy\" src=\"https:\/\/www.europesays.com\/es\/wp-content\/uploads\/2026\/09\/Luis Alegre y la Reina Letizia-U44726557456VCF-680x476@diario_abc.jpg\" class=\"v-a-img\" width=\"680\" height=\"478\" alt=\"Luis Alegre y la Reina Letizia.\" data-voc-vtm-id=\"in-text-traffic\"\/><\/p>\n<p>Luis Alegre y la Reina Letizia.<\/p>\n<p>(Gtres)<\/p>\n<p class=\"v-d-p\">\u00abSe adoraron desde el primer instante. Una de las cosas que me hace m\u00e1s feliz es propiciar la uni\u00f3n entre dos personas a las que admiro y que no se conoc\u00edan\u00bb, comenta Luis Alegre. De este modo, ejerce tambi\u00e9n como una suerte de Celestina que forja v\u00ednculos en el panorama cultural, sin m\u00e1s inter\u00e9s que el de estrechar lazos entre la gente.<\/p>\n<p>\nLechago y los Premios Pair\u00f3n\n<\/p>\n<p class=\"v-d-p\">A pesar de sus constantes viajes y de su cercan\u00eda con celebridades y figuras p\u00fablicas, Luis Alegre siempre regresa a su hogar. All\u00ed, la Asociaci\u00f3n de Amigos de Lechago organiza anualmente los Premios Pair\u00f3n, un certamen que rinde homenaje a la m\u00fasica, la historia, la fotograf\u00eda y el patrimonio cultural aragon\u00e9s.<\/p>\n<p class=\"v-d-p\">En esta decimos\u00e9ptima edici\u00f3n se distingui\u00f3 a tres generaciones de la m\u00fasica aragonesa: Eduardo Paz, Ester Vallejo y el exconcursante de OT 2023 Juanjo Bona. Tambi\u00e9n fueron reconocidos el historiador Juli\u00e1n Casanova, el fot\u00f3grafo naturalista Carlos P\u00e9rez Naval y Mercedes Rubio, presidenta del Centro de Estudios del Jiloca.<\/p>\n<p><img decoding=\"async\" loading=\"lazy\" src=\"https:\/\/www.europesays.com\/es\/wp-content\/uploads\/2026\/09\/newspaint-1788174988549-1200x840-U52278083551SLg-680x476@diario_abc.jpg\" class=\"v-a-img\" width=\"680\" height=\"478\" alt=\"Los premios Pair\u00f3n en 2025 con tres premios Goya y una 'bestseller' internacional.\" data-voc-vtm-id=\"in-text-traffic\"\/><\/p>\n<p>Los premios Pair\u00f3n en 2025 con tres premios Goya y una &#8216;bestseller&#8217; internacional.<\/p>\n<p>(ABC)<\/p>\n<p class=\"v-d-p\">Luis Alegre, gracias a sus contactos invita a estas figuras quien siempre est\u00e1n  encantados de asistir a esta localidad y luego disfrutar del chupinazo y las fiestas del barrio turolense. Un lugar diferente a lo que se puede encontrar en la t\u00edpica alfombra roja de un evento como el Festival de Cine de San Sebasti\u00e1n o Cannes. El a\u00f1o pasado dio la casualidad de que tres premios Goya y una &#8216;bestseller internacional&#8217;: Irene Vallejo, Javier Macipe, Pepe Lorente y Arantxa Ezquerro. <\/p>\n<p class=\"v-d-p\">Todos coincid\u00edan en lo mismo. \u00abPodr\u00eda decirse que Los Pair\u00f3n son mas importantes que los Goya. Son esos sitios donde las cosas se hacen a golpe de coraz\u00f3n <strong>sin mucho recursos y con mucha voluntad\u00bb,<\/strong> comentaba Pepe Lorente en declaraciones a la televisi\u00f3n local de la comarca &#8216;CalamochaTV&#8217;. <\/p>\n<p class=\"v-a-t\">\n\u00ab\n<\/p>\n<p class=\"v-a-t\">\n<strong>La gente alegre vive mucho m\u00e1s, los tristes mueren de miedo\u00bb<\/strong>\n<\/p>\n<p class=\"v-d-p\">Lo m\u00e1s importante para que una persona merezca un Pair\u00f3n es, adem\u00e1s de pertenecer a Arag\u00f3n, es \u00abque nos vuelva mejores y nos haga pensar que la vida merezca la pena. <strong>Que ame Arag\u00f3n y que, por muy alto que vuele que nunca olvide sus ra\u00edces\u00bb<\/strong> se\u00f1ala Alegre. <\/p>\n<p class=\"v-d-p\"><strong>\ufeff<\/strong>\u00abQueremos contribuir a desmontar ese t\u00f3pico de que en Arag\u00f3n no celebramos como merecen nuestras cosas y a nuestras personas m\u00e1s valiosas\u00bb, ha a\u00f1adido. Por eso, por mucho que se codee con celebridades o que haya asistido a las mismas fiestas posteriores a los Oscar donde coincidi\u00f3 con Jack Nicholson y Elle Macpherson, \u00e9l siempre regresa a Lechago: \u00abEs un lugar crucial en mi vida, en mi personalidad y en mi manera de estar en el mundo. Vuelvo all\u00ed constantemente, a la misma casa en la que mi madre naci\u00f3 y nos pari\u00f3 a mis hermanos y a m\u00ed\u00bb. Su transparencia y su vitalidad hacen honor a lo que dec\u00eda su fallecida madre: <strong>\u00abLa gente alegre vive mucho m\u00e1s, los tristes mueren de miedo\u00bb.<\/strong><\/p>\n<p class=\"v-d-p\"><strong>\ufeff<\/strong><\/p>\n<p class=\"v-d-p\"><strong>\ufeff<\/strong><\/p>\n<p class=\"v-d-p\"><strong>\ufeff<\/strong><\/p>\n<p class=\"v-d-p\"><strong>\ufeff<\/strong><\/p>\n<p class=\"v-d-p\"><strong>\ufeff<\/strong><\/p>\n","protected":false},"excerpt":{"rendered":"Podr\u00eda decirse que Luis Alegre Saz es una figura que, sin haber dirigido ninguna pel\u00edcula, se ha convertido&hellip;\n","protected":false},"author":2,"featured_media":748820,"comment_status":"","ping_status":"","sticky":false,"template":"","format":"standard","meta":{"footnotes":""},"categories":[174],"tags":[21075,18047,9069,255,177,18125,146,147,25,3580,24,782,256,11644,7820,133087,10732,10717,23,14647],"class_list":["post-748819","post","type-post","status-publish","format-standard","has-post-thumbnail","category-famosos","tag-alegre","tag-amistad","tag-aragones","tag-celebrities","tag-cine","tag-conquisto","tag-entertainment","tag-entretenimiento","tag-es","tag-esfuerzo","tag-espana","tag-estrellas","tag-famosos","tag-letizia","tag-luis","tag-mantenerla","tag-ningun","tag-reina","tag-spain","tag-verdadera"],"share_on_mastodon":{"url":"https:\/\/pubeurope.com\/@es\/117217182963697374","error":""},"_links":{"self":[{"href":"https:\/\/www.europesays.com\/es\/wp-json\/wp\/v2\/posts\/748819","targetHints":{"allow":["GET"]}}],"collection":[{"href":"https:\/\/www.europesays.com\/es\/wp-json\/wp\/v2\/posts"}],"about":[{"href":"https:\/\/www.europesays.com\/es\/wp-json\/wp\/v2\/types\/post"}],"author":[{"embeddable":true,"href":"https:\/\/www.europesays.com\/es\/wp-json\/wp\/v2\/users\/2"}],"replies":[{"embeddable":true,"href":"https:\/\/www.europesays.com\/es\/wp-json\/wp\/v2\/comments?post=748819"}],"version-history":[{"count":0,"href":"https:\/\/www.europesays.com\/es\/wp-json\/wp\/v2\/posts\/748819\/revisions"}],"wp:featuredmedia":[{"embeddable":true,"href":"https:\/\/www.europesays.com\/es\/wp-json\/wp\/v2\/media\/748820"}],"wp:attachment":[{"href":"https:\/\/www.europesays.com\/es\/wp-json\/wp\/v2\/media?parent=748819"}],"wp:term":[{"taxonomy":"category","embeddable":true,"href":"https:\/\/www.europesays.com\/es\/wp-json\/wp\/v2\/categories?post=748819"},{"taxonomy":"post_tag","embeddable":true,"href":"https:\/\/www.europesays.com\/es\/wp-json\/wp\/v2\/tags?post=748819"}],"curies":[{"name":"wp","href":"https:\/\/api.w.org\/{rel}","templated":true}]}}