{"id":74882,"date":"2025-08-27T03:51:09","date_gmt":"2025-08-27T03:51:09","guid":{"rendered":"https:\/\/www.europesays.com\/es\/74882\/"},"modified":"2025-08-27T03:51:09","modified_gmt":"2025-08-27T03:51:09","slug":"merz-dice-que-alemania-no-se-unira-al-plan-de-aliados-para-reconocer-a-un-estado-palestino","status":"publish","type":"post","link":"https:\/\/www.europesays.com\/es\/74882\/","title":{"rendered":"Merz dice que Alemania no se unir\u00e1 al plan de aliados para reconocer a un Estado palestino"},"content":{"rendered":"<p>      CNN<br \/>\n        \u00a0\u2014\u00a0<\/p>\n<p class=\"paragraph inline-placeholder vossi-paragraph\" data-uri=\"es.cms.cnn.com\/_components\/paragraph\/instances\/cmessmfcd003c27qjhyvv1eqm@published\" data-editable=\"text\" data-component-name=\"paragraph\" data-article-gutter=\"true\">\n            El canciller Friedrich Merz dijo que Alemania no se unir\u00e1 a las naciones occidentales que planean reconocer la estatalidad palestina en la Asamblea General de la ONU el pr\u00f3ximo mes.\n    <\/p>\n<p class=\"paragraph inline-placeholder vossi-paragraph\" data-uri=\"es.cms.cnn.com\/_components\/paragraph\/instances\/cmesso6zo0009356nk5t0xl53@published\" data-editable=\"text\" data-component-name=\"paragraph\" data-article-gutter=\"true\">\n            \u201cLa posici\u00f3n del Gobierno federal es clara en lo que respecta al posible reconocimiento del Estado\u2026 No nos uniremos a esta iniciativa. No vemos que se cumplan los requisitos\u201d, afirm\u00f3 Merz este martes en una conferencia de prensa en Berl\u00edn junto al primer ministro de Canad\u00e1, Mark Carney.\n    <\/p>\n<p class=\"paragraph inline-placeholder vossi-paragraph\" data-uri=\"es.cms.cnn.com\/_components\/paragraph\/instances\/cmesso6zp000a356n0nvpc7z8@published\" data-editable=\"text\" data-component-name=\"paragraph\" data-article-gutter=\"true\">\n            Canad\u00e1, junto con el Reino Unido, Francia y Australia, ha anunciado planes para reconocer a un Estado palestino en la Asamblea General de la ONU en Nueva York el pr\u00f3ximo mes.\n    <\/p>\n<p class=\"paragraph inline-placeholder vossi-paragraph\" data-uri=\"es.cms.cnn.com\/_components\/paragraph\/instances\/cmesso6zp000b356nc8fbonlb@published\" data-editable=\"text\" data-component-name=\"paragraph\" data-article-gutter=\"true\">\n            Aunque Merz confirm\u00f3 que Alemania no cambiar\u00e1 su postura sobre la estatalidad palestina, el canciller ha tomado medidas contra Israel en las \u00faltimas semanas, en una se\u00f1al de crecientes tensiones entre Israel y uno de sus aliados m\u00e1s cercanos.\n    <\/p>\n<p class=\"paragraph inline-placeholder vossi-paragraph\" data-uri=\"es.cms.cnn.com\/_components\/paragraph\/instances\/cmesso6zp000c356neqkgzk43@published\" data-editable=\"text\" data-component-name=\"paragraph\" data-article-gutter=\"true\">\n            Por su papel en el Holocausto, Alemania considera que tiene una responsabilidad especial de proteger la vida jud\u00eda y ve la seguridad de Israel como una \u201craz\u00f3n de Estado\u201d.\n    <\/p>\n<p class=\"paragraph inline-placeholder vossi-paragraph\" data-uri=\"es.cms.cnn.com\/_components\/paragraph\/instances\/cmesso6zp000d356n2a9i6vpz@published\" data-editable=\"text\" data-component-name=\"paragraph\" data-article-gutter=\"true\">\n            Sin embargo, ante la creciente alarma mundial por la crisis de hambruna en Gaza, Merz anunci\u00f3 este mes que Alemania no aprobar\u00e1 ninguna exportaci\u00f3n de equipo militar que pudiera ser utilizado por Israel en el enclave.\n    <\/p>\n","protected":false},"excerpt":{"rendered":"CNN \u00a0\u2014\u00a0 El canciller Friedrich Merz dijo que Alemania no se unir\u00e1 a las naciones occidentales que planean&hellip;\n","protected":false},"author":2,"featured_media":74883,"comment_status":"","ping_status":"","sticky":false,"template":"","format":"standard","meta":{"footnotes":""},"categories":[42],"tags":[17,18,29218,13,14,1661,11,61,62,63,64,19,20,9,10,15,16,12,21,22,65,66,67],"class_list":{"0":"post-74882","1":"post","2":"type-post","3":"status-publish","4":"format-standard","5":"has-post-thumbnail","7":"category-internacional","8":"tag-breaking-news","9":"tag-breakingnews","10":"tag-estado-palestino","11":"tag-featured-news","12":"tag-featurednews","13":"tag-friedrich-merz","14":"tag-headlines","15":"tag-internacional","16":"tag-international","17":"tag-international-news","18":"tag-internationalnews","19":"tag-latest-news","20":"tag-latestnews","21":"tag-news","22":"tag-noticias","23":"tag-noticias-destacadas","24":"tag-noticiasdestacadas","25":"tag-titulares","26":"tag-ultimas-noticias","27":"tag-ultimasnoticias","28":"tag-world","29":"tag-world-news","30":"tag-worldnews"},"share_on_mastodon":{"url":"","error":""},"_links":{"self":[{"href":"https:\/\/www.europesays.com\/es\/wp-json\/wp\/v2\/posts\/74882","targetHints":{"allow":["GET"]}}],"collection":[{"href":"https:\/\/www.europesays.com\/es\/wp-json\/wp\/v2\/posts"}],"about":[{"href":"https:\/\/www.europesays.com\/es\/wp-json\/wp\/v2\/types\/post"}],"author":[{"embeddable":true,"href":"https:\/\/www.europesays.com\/es\/wp-json\/wp\/v2\/users\/2"}],"replies":[{"embeddable":true,"href":"https:\/\/www.europesays.com\/es\/wp-json\/wp\/v2\/comments?post=74882"}],"version-history":[{"count":0,"href":"https:\/\/www.europesays.com\/es\/wp-json\/wp\/v2\/posts\/74882\/revisions"}],"wp:featuredmedia":[{"embeddable":true,"href":"https:\/\/www.europesays.com\/es\/wp-json\/wp\/v2\/media\/74883"}],"wp:attachment":[{"href":"https:\/\/www.europesays.com\/es\/wp-json\/wp\/v2\/media?parent=74882"}],"wp:term":[{"taxonomy":"category","embeddable":true,"href":"https:\/\/www.europesays.com\/es\/wp-json\/wp\/v2\/categories?post=74882"},{"taxonomy":"post_tag","embeddable":true,"href":"https:\/\/www.europesays.com\/es\/wp-json\/wp\/v2\/tags?post=74882"}],"curies":[{"name":"wp","href":"https:\/\/api.w.org\/{rel}","templated":true}]}}