{"id":748835,"date":"2026-09-05T07:21:28","date_gmt":"2026-09-05T07:21:28","guid":{"rendered":"https:\/\/www.europesays.com\/es\/748835\/"},"modified":"2026-09-05T07:21:28","modified_gmt":"2026-09-05T07:21:28","slug":"los-mossos-registran-el-domicilio-de-uno-de-los-dos-menores-detenidos-por-la-muerte-de-carles-vilajosana-en-manresa","status":"publish","type":"post","link":"https:\/\/www.europesays.com\/es\/748835\/","title":{"rendered":"Los Mossos registran el domicilio de uno de los dos menores detenidos por la muerte de Carles Vilajosana, en Manresa"},"content":{"rendered":"<p class=\"ft-text ft-helper-closenews\">Los Mossos d&#8217;Esquadra registran este lunes por la tarde el domicilio de uno de los <strong>dos menores detenidos por la muerte de Carles Vilajosana<\/strong>, seg\u00fan ha podido saber Regi\u00f37, del grupo de El Peri\u00f3dico, de fuentes policiales. El amplio operativo, que incluye veh\u00edculos y agentes de la Brimo y de los Arro, ha comenzado alrededor de las 19 horas y mantiene bloqueada la calle de Santa Ll\u00facia entre la plaza de la Immaculada y la bajada del P\u00f2pul.<\/p>\n<p class=\"ft-text\">El apu\u00f1alamiento del vecino de Manresa, que ten\u00eda 45 a\u00f1os, tuvo lugar el lunes por la noche. Horas despu\u00e9s, los Mossos d&#8217;Esquadra localizaron y detuvieron a <strong>dos j\u00f3venes acusados de los hechos, de 15 y 16 a\u00f1os<\/strong>, respectivamente.<\/p>\n<p data-close=\"closedContent\" class=\"subscribeHideForDisplay\">Suscr\u00edbete para seguir leyendo<\/p>\n","protected":false},"excerpt":{"rendered":"Los Mossos d&#8217;Esquadra registran este lunes por la tarde el domicilio de uno de los dos menores detenidos&hellip;\n","protected":false},"author":2,"featured_media":748836,"comment_status":"","ping_status":"","sticky":false,"template":"","format":"standard","meta":{"footnotes":""},"categories":[8],"tags":[17,18,1562,26592,25,24,13,14,11,19,20,11993,1567,51346,3989,133091,9,10,15,16,19017,23,12,21,22],"class_list":["post-748835","post","type-post","status-publish","format-standard","has-post-thumbnail","category-espana","tag-breaking-news","tag-breakingnews","tag-detenidos","tag-domicilio","tag-es","tag-espana","tag-featured-news","tag-featurednews","tag-headlines","tag-latest-news","tag-latestnews","tag-manresa","tag-menores","tag-mossos","tag-mossos-d","tag-muerte-manresa","tag-news","tag-noticias","tag-noticias-destacadas","tag-noticiasdestacadas","tag-registran","tag-spain","tag-titulares","tag-ultimas-noticias","tag-ultimasnoticias"],"share_on_mastodon":{"url":"https:\/\/pubeurope.com\/@es\/117217230096825305","error":""},"_links":{"self":[{"href":"https:\/\/www.europesays.com\/es\/wp-json\/wp\/v2\/posts\/748835","targetHints":{"allow":["GET"]}}],"collection":[{"href":"https:\/\/www.europesays.com\/es\/wp-json\/wp\/v2\/posts"}],"about":[{"href":"https:\/\/www.europesays.com\/es\/wp-json\/wp\/v2\/types\/post"}],"author":[{"embeddable":true,"href":"https:\/\/www.europesays.com\/es\/wp-json\/wp\/v2\/users\/2"}],"replies":[{"embeddable":true,"href":"https:\/\/www.europesays.com\/es\/wp-json\/wp\/v2\/comments?post=748835"}],"version-history":[{"count":0,"href":"https:\/\/www.europesays.com\/es\/wp-json\/wp\/v2\/posts\/748835\/revisions"}],"wp:featuredmedia":[{"embeddable":true,"href":"https:\/\/www.europesays.com\/es\/wp-json\/wp\/v2\/media\/748836"}],"wp:attachment":[{"href":"https:\/\/www.europesays.com\/es\/wp-json\/wp\/v2\/media?parent=748835"}],"wp:term":[{"taxonomy":"category","embeddable":true,"href":"https:\/\/www.europesays.com\/es\/wp-json\/wp\/v2\/categories?post=748835"},{"taxonomy":"post_tag","embeddable":true,"href":"https:\/\/www.europesays.com\/es\/wp-json\/wp\/v2\/tags?post=748835"}],"curies":[{"name":"wp","href":"https:\/\/api.w.org\/{rel}","templated":true}]}}