{"id":74884,"date":"2025-08-27T03:52:08","date_gmt":"2025-08-27T03:52:08","guid":{"rendered":"https:\/\/www.europesays.com\/es\/74884\/"},"modified":"2025-08-27T03:52:08","modified_gmt":"2025-08-27T03:52:08","slug":"la-gestion-de-los-incendios-provoca-un-bronco-inicio-del-curso-politico-espana","status":"publish","type":"post","link":"https:\/\/www.europesays.com\/es\/74884\/","title":{"rendered":"La gesti\u00f3n de los incendios provoca un bronco inicio del curso pol\u00edtico | Espa\u00f1a"},"content":{"rendered":"<p class=\"\">El curso pol\u00edtico ha comenzado como termin\u00f3 el anterior: con bronca entre el PP y el PSOE, pese a que la jornada de este martes inici\u00f3 con llamamientos por parte de ambos para evitar la crispaci\u00f3n y el enfrentamiento. No funcion\u00f3. La gesti\u00f3n de los incendios que han arrasado buena parte del territorio espa\u00f1ol provoc\u00f3 un duro debate dentro y fuera de las Cortes. Los rescoldos de <a href=\"https:\/\/elpais.com\/espana\/2025-08-23\/358000-hectareas-en-15-dias-asi-ardio-espana-en-sus-semanas-mas-negras.html\" target=\"_self\" rel=\"nofollow noopener\" title=\"https:\/\/elpais.com\/espana\/2025-08-23\/358000-hectareas-en-15-dias-asi-ardio-espana-en-sus-semanas-mas-negras.html\">las m\u00e1s de 400.000 hect\u00e1reas calcinadas en agosto en tan solo dos semanas<\/a>, una devastaci\u00f3n que no se ve\u00eda desde mediados de los a\u00f1os noventa, se han convertido en el \u00faltimo acelerante del enfrentamiento total entre populares y socialistas. Esta vez, a cuenta de la responsabilidad por la dimensi\u00f3n de unos incendios, cuya prevenci\u00f3n y extinci\u00f3n es una competencia auton\u00f3mica, que han te\u00f1ido de cenizas algunos de los principales feudos de la derecha.<\/p>\n<p class=\"\">La Diputaci\u00f3n Permanente del Congreso rechaz\u00f3 las comparecencias urgentes del presidente del Gobierno, Pedro S\u00e1nchez, y de ocho ministros, solicitadas por el PP en una sesi\u00f3n en la que el partido de Alberto N\u00fa\u00f1ez Feij\u00f3o recibi\u00f3 las cr\u00edticas de la mayor\u00eda parlamentaria por la gesti\u00f3n de unos fuegos cuyo descontrol atribuye a La Moncloa. La vicepresidenta tercera y ministra de Transici\u00f3n Ecol\u00f3gica, Sara Aagesen, y el ministro del Interior, Fernando Grande-Marlaska, comparecer\u00e1n a petici\u00f3n propia la pr\u00f3xima semana en el Parlamento. <a href=\"https:\/\/elpais.com\/espana\/2025-08-26\/el-gobierno-declara-zonas-catastroficas-las-areas-afectadas-y-anuncia-que-subira-las-ayudas-para-los-afectados-por-emergencias.html\" target=\"_self\" rel=\"nofollow noopener\" title=\"https:\/\/elpais.com\/espana\/2025-08-26\/el-gobierno-declara-zonas-catastroficas-las-areas-afectadas-y-anuncia-que-subira-las-ayudas-para-los-afectados-por-emergencias.html\">El Ejecutivo aprob\u00f3 la concesi\u00f3n de ayudas en el primer Consejo de Ministros tras el par\u00f3n estival<\/a>, mientras la refriega se recrudec\u00eda en el Parlamento y en el Senado. La comparecencia de Margarita Robles en el Senado no fue como el PP esperaba. La ministra de Defensa acus\u00f3 a las comunidades del PP de pedir medios \u201cen abstracto\u201d y a \u201choras sorprendentes\u201d y relat\u00f3 c\u00f3mo parte del material que suministraron no fue utilizado. Este mi\u00e9rcoles ser\u00e1 el turno de Aagesen, el jueves ser\u00e1 el turno de Marlaska y el viernes cerrar\u00e1 Luis Planas, el ministro de Agricultura. Ese d\u00eda lo har\u00e1 tambi\u00e9n Alfonso Fern\u00e1ndez Ma\u00f1ueco en las Cortes de Castilla y Le\u00f3n, forzado por la oposici\u00f3n incluido Vox.<\/p>\n<p class=\"\">El PP mantuvo su pol\u00edtica de ataques con el Gobierno. Su secretario general, Miguel Tellado, espole\u00f3 las cr\u00edticas contra <a href=\"https:\/\/elpais.com\/espana\/2025-08-24\/virginia-barcones-cuando-las-llamas-se-apaguen-cada-uno-tendra-que-explicar-que-ha-hecho-y-como-lo-ha-hecho.html\" rel=\"nofollow noopener\" title=\"https:\/\/elpais.com\/espana\/2025-08-24\/virginia-barcones-cuando-las-llamas-se-apaguen-cada-uno-tendra-que-explicar-que-ha-hecho-y-como-lo-ha-hecho.html\" target=\"_blank\">la directora general de Protecci\u00f3n Civil y Emergencias, Virginia Barcones,<\/a> a la que El\u00edas Bendodo llam\u00f3 \u201cpir\u00f3mana\u201d la semana pasada. \u201cNo puede ser que al frente de Protecci\u00f3n Civil haya un hooligan a favor del PSOE\u201d, asegur\u00f3 el n\u00famero dos de Feij\u00f3o. Los populares redoblaron as\u00ed, en la persona de Barcones, las acusaciones de inacci\u00f3n al Gobierno en su estrategia de desviar la atenci\u00f3n de la gesti\u00f3n de sus barones. <a href=\"https:\/\/elpais.com\/espana\/2025-08-20\/castilla-y-leon-mantuvo-parados-recursos-del-gobierno-mientras-manueco-pedia-mas-medios-a-sanchez.html\" target=\"_self\" rel=\"nofollow noopener\" title=\"https:\/\/elpais.com\/espana\/2025-08-20\/castilla-y-leon-mantuvo-parados-recursos-del-gobierno-mientras-manueco-pedia-mas-medios-a-sanchez.html\">Sobre todo en Castilla y Le\u00f3n<\/a>, donde los populares gobiernan de forma ininterrumpida desde 1987 y, salvo sorpresa, se celebrar\u00e1 la pr\u00f3xima cita electoral como tarde en primavera. Los mentideros pol\u00edticos barajaban que Ma\u00f1ueco pudiese adelantar los comicios al \u00faltimo trimestre de este a\u00f1o, pero es un escenario que fuentes populares y socialistas descartan de plano tras la gravedad de los fuegos que han asolado a su comunidad. Galicia es otro basti\u00f3n del PP desde 1990, con la excepci\u00f3n de la legislatura en la que PSOE y BNG cohabitaron en la Xunta (2005-2009).<\/p>\n<p class=\"\">La ofensiva parlamentaria contra el Gobierno no le funcion\u00f3 al PP, que cont\u00f3 con el apoyo de Vox en las nueve comparecencias y en tres obtuvo el respaldo insuficiente de Junts. \u201cNo hay emergencia en este pa\u00eds en la que la izquierda no intente sacar r\u00e9dito pol\u00edtico. No se espera ni siquiera a que la misma emergencia haya finalizado\u201d, critic\u00f3 la portavoz popular, Ester Mu\u00f1oz. La propuesta estrella de Feij\u00f3o para combatir los incendios, <a href=\"https:\/\/elpais.com\/espana\/2025-08-25\/feijoo-propone-la-creacion-de-un-registro-nacional-de-piromanos-como-medida-estrella-contra-los-incendios.html\" target=\"_self\" rel=\"nofollow noopener\" title=\"https:\/\/elpais.com\/espana\/2025-08-25\/feijoo-propone-la-creacion-de-un-registro-nacional-de-piromanos-como-medida-estrella-contra-los-incendios.html\">la creaci\u00f3n de un registro nacional de pir\u00f3manos<\/a>, ahond\u00f3 la soledad del PP y su dificultad para trenzar alianzas con la ultraderecha de por medio. \u201cNo son la causa principal\u201d, zanj\u00f3 sobre el papel de los pir\u00f3manos Mikel Legarda, diputado del PNV, que critic\u00f3 la \u201ctoxicidad\u201d y \u201cruido\u201d pol\u00edtico en torno al fuego. \u201cNo es esa la realidad. Tampoco podemos identificar al pir\u00f3mano con el incendiario, hay que ser m\u00e1s serio al hablar de este tema\u201d, reproch\u00f3 Marlaska desde La Moncloa. \u201cEl desconocimiento creo que lleva a Feij\u00f3o a usarlo de forma ajena a la realidad. En el pir\u00f3mano subyace una patolog\u00eda de car\u00e1cter psiqui\u00e1trico y un incendiario lo hace por unos intereses de distinta \u00edndole. Y no podemos olvidar los incendios por negligencias, por imprudencias graves como hacer una barbacoa. Sin olvidar las causas naturales. Hay que ser m\u00e1s serio\u201d, apostill\u00f3. Seg\u00fan los \u00faltimos datos de Interior, de 2023, la Guardia Civil tuvo conocimiento ese a\u00f1o de 2.944 incendios. <a href=\"https:\/\/elpais.com\/espana\/2025-08-26\/un-golpe-de-efecto-con-poca-utilidad-el-registro-de-piromanos-visto-por-forestales-y-juristas.html\" target=\"_self\" rel=\"nofollow noopener\" title=\"https:\/\/elpais.com\/espana\/2025-08-26\/un-golpe-de-efecto-con-poca-utilidad-el-registro-de-piromanos-visto-por-forestales-y-juristas.html\">De ellos, 225 fueron \u201cintencionados\u201d (7,6%) y los provocados por \u201cpir\u00f3manos\u201d fueron 15 (0,5%). <\/a><\/p>\n<p class=\"\">Pese a que los puentes entre PP y PSOE est\u00e1n cada vez m\u00e1s lejos, el Gobierno insisti\u00f3 en la necesidad de un pacto de Estado que facilite la reacci\u00f3n de las distintas administraciones, legislatura tras legislatura con independencia del partido que gobierne. \u201cLa utilizaci\u00f3n de este tipo de tragedias forma parte de la pol\u00edtica prioritaria del PP. Que se preocupen de mejorar la gesti\u00f3n de sus gobiernos auton\u00f3micos. Si el PP deja de utilizar estas tragedias sin ning\u00fan tipo de contenido pol\u00edtico, podr\u00eda atenerse a un pacto de Estado\u201d, observ\u00f3 Marlaska. El PP desde\u00f1a la medida, que achaca a \u201cuna cortina de humo\u201d de S\u00e1nchez. En el Gobierno preocupa que el PP asuma como propio el discurso de Vox. \u201cEse negacionismo [del cambio clim\u00e1tico] ha ido adquiriendo m\u00e1s protagonismo en responsables del PP, eso es una desgraciada realidad\u201d, lament\u00f3 su portavoz, Pilar Alegr\u00eda.<\/p>\n","protected":false},"excerpt":{"rendered":"El curso pol\u00edtico ha comenzado como termin\u00f3 el anterior: con bronca entre el PP y el PSOE, pese&hellip;\n","protected":false},"author":2,"featured_media":74885,"comment_status":"","ping_status":"","sticky":false,"template":"","format":"standard","meta":{"footnotes":""},"categories":[8],"tags":[17,18,3590,25,24,7234,13,14,14341,816,248,11,8877,19,20,9,10,15,16,8708,29219,956,1699,23,12,21,22],"class_list":{"0":"post-74884","1":"post","2":"type-post","3":"status-publish","4":"format-standard","5":"has-post-thumbnail","7":"category-espana","8":"tag-breaking-news","9":"tag-breakingnews","10":"tag-castilla-y-leon","11":"tag-es","12":"tag-espana","13":"tag-extremadura","14":"tag-featured-news","15":"tag-featurednews","16":"tag-fernando-grande-marlaska","17":"tag-galicia","18":"tag-gobierno-de-espana","19":"tag-headlines","20":"tag-incendios-forestales","21":"tag-latest-news","22":"tag-latestnews","23":"tag-news","24":"tag-noticias","25":"tag-noticias-destacadas","26":"tag-noticiasdestacadas","27":"tag-pilar-alegria","28":"tag-piromanos","29":"tag-pp","30":"tag-psoe","31":"tag-spain","32":"tag-titulares","33":"tag-ultimas-noticias","34":"tag-ultimasnoticias"},"share_on_mastodon":{"url":"","error":""},"_links":{"self":[{"href":"https:\/\/www.europesays.com\/es\/wp-json\/wp\/v2\/posts\/74884","targetHints":{"allow":["GET"]}}],"collection":[{"href":"https:\/\/www.europesays.com\/es\/wp-json\/wp\/v2\/posts"}],"about":[{"href":"https:\/\/www.europesays.com\/es\/wp-json\/wp\/v2\/types\/post"}],"author":[{"embeddable":true,"href":"https:\/\/www.europesays.com\/es\/wp-json\/wp\/v2\/users\/2"}],"replies":[{"embeddable":true,"href":"https:\/\/www.europesays.com\/es\/wp-json\/wp\/v2\/comments?post=74884"}],"version-history":[{"count":0,"href":"https:\/\/www.europesays.com\/es\/wp-json\/wp\/v2\/posts\/74884\/revisions"}],"wp:featuredmedia":[{"embeddable":true,"href":"https:\/\/www.europesays.com\/es\/wp-json\/wp\/v2\/media\/74885"}],"wp:attachment":[{"href":"https:\/\/www.europesays.com\/es\/wp-json\/wp\/v2\/media?parent=74884"}],"wp:term":[{"taxonomy":"category","embeddable":true,"href":"https:\/\/www.europesays.com\/es\/wp-json\/wp\/v2\/categories?post=74884"},{"taxonomy":"post_tag","embeddable":true,"href":"https:\/\/www.europesays.com\/es\/wp-json\/wp\/v2\/tags?post=74884"}],"curies":[{"name":"wp","href":"https:\/\/api.w.org\/{rel}","templated":true}]}}