{"id":74886,"date":"2025-08-27T03:53:11","date_gmt":"2025-08-27T03:53:11","guid":{"rendered":"https:\/\/www.europesays.com\/es\/74886\/"},"modified":"2025-08-27T03:53:11","modified_gmt":"2025-08-27T03:53:11","slug":"apoyando-al-pp-en-el-congreso","status":"publish","type":"post","link":"https:\/\/www.europesays.com\/es\/74886\/","title":{"rendered":"apoyando al PP en el Congreso"},"content":{"rendered":"<p>Nuevo curso pol\u00edtico pero mismas costumbres. La Diputaci\u00f3n Permanente del Congreso, el \u00fanico \u00f3rgano que permanece activo en los periodos no ordinarios de sesiones, ha rechazado este martes llamar a comparecer esta misma semana al presidente Pedro S\u00e1nchez, las dos vicepresidentas socialistas y otros seis ministros, para rendir cuentas sobre distintos asuntos. Y todo pese a que <b>Junts ha apoyado el grueso de las peticiones de los &#8216;populares&#8217;, que tambi\u00e9n han recibido el respaldo de Vox.<\/b><\/p>\n<p>El PSOE ya hab\u00eda adelantado que votar\u00eda en contra de todas las comparecencias para no \u00abalimentar el ruido\u00bb que busca el PP, y a tal fin ha contado con el respaldo de ERC, Bildu y PNV en todas las votaciones. Mertxe Aizpurua justific\u00f3 su voto en contra de todas las comparecencias extraordinarias porque la pr\u00f3xima semana ya empieza el periodo ordinario y adem\u00e1s el Gobierno ha prometido que los ministros ir\u00e1n compareciendo a partir de septiembre. \u00abEsto no obedece m\u00e1s que a una l\u00f3gica partidista, a una l\u00f3gica de inter\u00e9s medi\u00e1tico por parte del Partido Popular\u00bb, declar\u00f3 la portavoz abertzale.<\/p>\n<p>Pero<b> los de Carles Puigdemont han votado a favor en seis de las nueve votaciones que han tenido lugar<\/b> y Podemos se ha abstenido en tres de ellas. Adem\u00e1s, se han producido dos empates, pero al no deshacerse tras repetir la votaci\u00f3n como establece el Reglamento del Congreso, esos puntos han deca\u00eddo.<\/p>\n<p>En concreto, han deca\u00eddo por esta circunstancia las comparecencias del ministro de Transportes, \u00d3scar Puente, por el \u00abcaos ferrovario\u00bb que le achaca el PP, y la de la ministra de Defensa, Margarita Robles, para dar cuenta de su gesti\u00f3n en la lucha contra el fuego. En ambos casos, Podemos se ha abstenido y podr\u00eda haber forzado sus comparecencias de haber cambiado su voto al &#8216;s\u00ed&#8217; en la repetici\u00f3n de la votaci\u00f3n. En todo caso, el PSOE ha avanzado durante el debate que Puente comparecer\u00e1 en el Congreso el pr\u00f3ximo 4 de septiembre.<\/p>\n<p>Junts no ha apoyado llamar a S\u00e1nchez<\/p>\n<p>As\u00ed, el PSOE, Sumar y sus socios de Podemos, ERC, Bildu y PNV se han unido para tumbar la convocatoria de un Pleno extraordinario para que S\u00e1nchez diera cuenta de la corrupci\u00f3n que afecta a \u00absu Gobierno, su familia y al PSOE\u00bb y, en especial, sobre la imputaci\u00f3n de nuevos delitos a su esposa, Bego\u00f1a G\u00f3mez y del incumplimiento del grueso de las recomendaciones realizadas por el Grupo de Estados contra la Corrupci\u00f3n (GRECO) del Consejo de Europa. Junts se ha abstenido en este punto.<\/p>\n<p>Y lo mismo han hecho los de Carles Puigdemont ante las solicitudes de comparecencia de la ministra de Transici\u00f3n Ecol\u00f3gica, Sara Aagesen, para responder ante el Pleno por la gesti\u00f3n de los incendios y la de la titular de Igualdad, Ana Redondo, para desvelar si piensa aplicar alguna medida para acabar con el \u00abmachismo\u00bb que, en opini\u00f3n del PP, impera tanto en el Palacio de La Moncloa como el conjunto del Gobierno y el PSOE.<\/p>\n<p>De su lado, Podemos ha votado en contra de todas la peticiones salvo en las que buscaban citar al titular de Transportes, \u00d3scar Puente, y las relativas a Aagesen y la titular de Defensa, Margarita Robles, por los incendios. En estos dos casos la secretaria general de Podemos, Ione Belarra, se ha abstenido, mientras que el PSOE ha anunciado que la vicepresidenta hablar\u00e1 de este tema en el Congreso el 5 de septiembre, y la v\u00edspera har\u00e1 lo propio el titular de Interior.<\/p>\n<p>Tampoco ha tenido \u00e9xito la solicitud del PP, apoyada por Vox y Junts, para que la vicepresidenta primera y ministra de Hacienda, Mar\u00eda Jes\u00fas Montero, detallara sus planes para condonar deuda a las comunidades aut\u00f3nomas.<\/p>\n<p>Y la Diputaci\u00f3n Permanente tambi\u00e9n ha tumbado las citaciones a la titular de Migraciones, Elma S\u00e1iz, para hablar de la emergencia migratoria, y al ministro de Presidencia y Justicia, F\u00e9lix Bola\u00f1os, para explicar por qu\u00e9 sigue en su puesto el fiscal general del Estado, a quien el Tribunal Supremo ha dejado al borde del banquillo por las filtraciones relacionadas con el caso de Alberto Gonz\u00e1lez Amador, novio de la presidenta madrile\u00f1a, Isabel D\u00edaz Ayuso.<\/p>\n<p>El mismo recorrido ha tenido la petici\u00f3n de explicaciones al titular de Interior, Fernando Grande-Marlaska, al que el PP reclamaba por por el contrato de 12,3 millones de euros adjudicado por el Ministerio del Interior, a la multinacional china Huawei para que se haga cargo de la gesti\u00f3n y el almacenamiento digital de las escuchas telef\u00f3nicas ordenadas por jueces y fiscales.<\/p>\n","protected":false},"excerpt":{"rendered":"Nuevo curso pol\u00edtico pero mismas costumbres. La Diputaci\u00f3n Permanente del Congreso, el \u00fanico \u00f3rgano que permanece activo en&hellip;\n","protected":false},"author":2,"featured_media":74887,"comment_status":"","ping_status":"","sticky":false,"template":"","format":"standard","meta":{"footnotes":""},"categories":[5],"tags":[17,18,25,24,13,14,11,8886,19,20,9,10,15,16,23,12,21,22],"class_list":{"0":"post-74886","1":"post","2":"type-post","3":"status-publish","4":"format-standard","5":"has-post-thumbnail","7":"category-titulares","8":"tag-breaking-news","9":"tag-breakingnews","10":"tag-es","11":"tag-espana","12":"tag-featured-news","13":"tag-featurednews","14":"tag-headlines","15":"tag-junts-per-catalunya","16":"tag-latest-news","17":"tag-latestnews","18":"tag-news","19":"tag-noticias","20":"tag-noticias-destacadas","21":"tag-noticiasdestacadas","22":"tag-spain","23":"tag-titulares","24":"tag-ultimas-noticias","25":"tag-ultimasnoticias"},"share_on_mastodon":{"url":"","error":""},"_links":{"self":[{"href":"https:\/\/www.europesays.com\/es\/wp-json\/wp\/v2\/posts\/74886","targetHints":{"allow":["GET"]}}],"collection":[{"href":"https:\/\/www.europesays.com\/es\/wp-json\/wp\/v2\/posts"}],"about":[{"href":"https:\/\/www.europesays.com\/es\/wp-json\/wp\/v2\/types\/post"}],"author":[{"embeddable":true,"href":"https:\/\/www.europesays.com\/es\/wp-json\/wp\/v2\/users\/2"}],"replies":[{"embeddable":true,"href":"https:\/\/www.europesays.com\/es\/wp-json\/wp\/v2\/comments?post=74886"}],"version-history":[{"count":0,"href":"https:\/\/www.europesays.com\/es\/wp-json\/wp\/v2\/posts\/74886\/revisions"}],"wp:featuredmedia":[{"embeddable":true,"href":"https:\/\/www.europesays.com\/es\/wp-json\/wp\/v2\/media\/74887"}],"wp:attachment":[{"href":"https:\/\/www.europesays.com\/es\/wp-json\/wp\/v2\/media?parent=74886"}],"wp:term":[{"taxonomy":"category","embeddable":true,"href":"https:\/\/www.europesays.com\/es\/wp-json\/wp\/v2\/categories?post=74886"},{"taxonomy":"post_tag","embeddable":true,"href":"https:\/\/www.europesays.com\/es\/wp-json\/wp\/v2\/tags?post=74886"}],"curies":[{"name":"wp","href":"https:\/\/api.w.org\/{rel}","templated":true}]}}