{"id":748871,"date":"2026-09-05T07:56:17","date_gmt":"2026-09-05T07:56:17","guid":{"rendered":"https:\/\/www.europesays.com\/es\/748871\/"},"modified":"2026-09-05T07:56:17","modified_gmt":"2026-09-05T07:56:17","slug":"la-efusiva-celebracion-de-ceballos-ante-el-madrid","status":"publish","type":"post","link":"https:\/\/www.europesays.com\/es\/748871\/","title":{"rendered":"La efusiva celebraci\u00f3n de Ceballos ante el Madrid"},"content":{"rendered":"<p class=\"ft-text\"><a class=\"ft-link ft-link--decoration\" href=\"https:\/\/www.sport.es\/es\/noticias\/real-madrid\/penalti-salva-madrid-primer-pinchazo-133960425\" rel=\"nofollow noopener\" target=\"_blank\">El Real Betis dio la sorpresa este viernes en La Cartuja al imponerse por 1-0 al Real Madrid en la cuarta jornada de LaLiga.<\/a> El conjunto verdiblanco se llev\u00f3 un partido muy disputado gracias al gol de <strong>Troy Parrott en el tramo final y a una gran actuaci\u00f3n de \u00c1lvaro Valles, que detuvo incluso un penalti a Kylian Mbapp\u00e9 en el descuento<\/strong>. La derrota supuso, adem\u00e1s, la primera del Real Madrid en este inicio de temporada.<\/p>\n<p class=\"ft-text\"><strong>Uno de los protagonistas del encuentro, aunque no lleg\u00f3 a participar sobre el c\u00e9sped, fue Dani Ceballos<\/strong>. El centrocampista no entr\u00f3 en la convocatoria de Manuel Pellegrini despu\u00e9s de haber realizado \u00fanicamente unos pocos entrenamientos con el grupo y no haber completado una pretemporada completa.<\/p>\n<p class=\"ft-text\">Y es que Ceballos acaba de comenzar una nueva etapa en el Betis. <strong>El utrerano rescindi\u00f3 en junio su contrato con el Real Madrid y, despu\u00e9s de varias semanas esperando, termin\u00f3 regresando al conjunto verdiblanco en los \u00faltimos compases del mercado<\/strong>. Firm\u00f3 por tres temporadas, hasta 2029, y volvi\u00f3 al club en el que se form\u00f3 y del que sali\u00f3 en 2017 rumbo al conjunto blanco.<\/p>\n<p>La celebraci\u00f3n de Ceballos<\/p>\n<p class=\"ft-text\">Y su primer partido como jugador del Betis frente al Real Madrid tuvo una imagen especialmente llamativa. <strong>Las c\u00e1maras de Movistar Plus+ captaron a Ceballos junto al banquillo verdiblanco cuando Troy Parrott marc\u00f3 el 1-0. El centrocampista lo celebr\u00f3 con mucha efusividad, viviendo el tanto como un b\u00e9tico m\u00e1s y compartiendo la alegr\u00eda con los miembros del equipo que ten\u00eda a su alrededor<\/strong>. <\/p>\n<p class=\"ft-text\">La celebraci\u00f3n no ha pasado desapercibida entre algunos aficionados madridistas. <strong>En redes sociales han aparecido cr\u00edticas hacia Ceballos, precisamente por la intensidad con la que vivi\u00f3 el gol del Betis contra el que hasta hace apenas unos meses era su equipo<\/strong>.<\/p>\n<p class=\"ft-text\">No obstante, el contexto tambi\u00e9n es importante. Ceballos acaba de regresar al club de su vida despu\u00e9s de siete temporadas en el Real Madrid y ha dejado claro p\u00fablicamente que su salida se produjo de manera cordial. Por eso, las im\u00e1genes reflejan el entusiasmo por su regreso al Betis. <strong>Una escena que, eso s\u00ed, ha generado alg\u00fan comentario cr\u00edtico entre aficionados del Real Madrid por su reciente pasado como jugador blanco.<\/strong><\/p>\n","protected":false},"excerpt":{"rendered":"El Real Betis dio la sorpresa este viernes en La Cartuja al imponerse por 1-0 al Real Madrid&hellip;\n","protected":false},"author":2,"featured_media":748872,"comment_status":"","ping_status":"","sticky":false,"template":"","format":"standard","meta":{"footnotes":""},"categories":[268],"tags":[291,28206,11231,168,133097,25,24,280,282,205,281,23,167],"class_list":["post-748871","post","type-post","status-publish","format-standard","has-post-thumbnail","category-futbol","tag-betis","tag-ceballos","tag-celebracion","tag-deportes","tag-efusiva","tag-es","tag-espana","tag-football","tag-futbol","tag-madrid","tag-soccer","tag-spain","tag-sports"],"share_on_mastodon":{"url":"https:\/\/pubeurope.com\/@es\/117217367702814829","error":""},"_links":{"self":[{"href":"https:\/\/www.europesays.com\/es\/wp-json\/wp\/v2\/posts\/748871","targetHints":{"allow":["GET"]}}],"collection":[{"href":"https:\/\/www.europesays.com\/es\/wp-json\/wp\/v2\/posts"}],"about":[{"href":"https:\/\/www.europesays.com\/es\/wp-json\/wp\/v2\/types\/post"}],"author":[{"embeddable":true,"href":"https:\/\/www.europesays.com\/es\/wp-json\/wp\/v2\/users\/2"}],"replies":[{"embeddable":true,"href":"https:\/\/www.europesays.com\/es\/wp-json\/wp\/v2\/comments?post=748871"}],"version-history":[{"count":0,"href":"https:\/\/www.europesays.com\/es\/wp-json\/wp\/v2\/posts\/748871\/revisions"}],"wp:featuredmedia":[{"embeddable":true,"href":"https:\/\/www.europesays.com\/es\/wp-json\/wp\/v2\/media\/748872"}],"wp:attachment":[{"href":"https:\/\/www.europesays.com\/es\/wp-json\/wp\/v2\/media?parent=748871"}],"wp:term":[{"taxonomy":"category","embeddable":true,"href":"https:\/\/www.europesays.com\/es\/wp-json\/wp\/v2\/categories?post=748871"},{"taxonomy":"post_tag","embeddable":true,"href":"https:\/\/www.europesays.com\/es\/wp-json\/wp\/v2\/tags?post=748871"}],"curies":[{"name":"wp","href":"https:\/\/api.w.org\/{rel}","templated":true}]}}