{"id":74888,"date":"2025-08-27T03:54:08","date_gmt":"2025-08-27T03:54:08","guid":{"rendered":"https:\/\/www.europesays.com\/es\/74888\/"},"modified":"2025-08-27T03:54:08","modified_gmt":"2025-08-27T03:54:08","slug":"de-casualidad-a-una-despedida-con-honores","status":"publish","type":"post","link":"https:\/\/www.europesays.com\/es\/74888\/","title":{"rendered":"De casualidad a una despedida con honores"},"content":{"rendered":"<p>\u00c1rbitro por casualidad, as\u00ed se describe a s\u00ed mismo <strong>Marcos Outeda<\/strong>, que guard\u00f3 por \u00faltima vez en mayo las tarjetas en <a target=\"_blank\" href=\"https:\/\/www.diariodepontevedra.es\/tags\/balonmano\/\" rel=\"nofollow noopener\"><strong>balonmano pista<\/strong><\/a>, despu\u00e9s de <strong>25 a\u00f1os<\/strong>. Una larga carrera a la que puso punto y final con una doble <strong>despedida <\/strong>que ni \u00e9l mismo se esperaba, pues hab\u00eda pedido personalmente a la <strong>Federaci\u00f3n Espa\u00f1ola <\/strong>poder retirarse en un partido del <strong>Teucro<\/strong>, en el lugar que lo vio \u00abnacer y crecer\u00bb y ante su gente.<\/p>\n<p>Algo que termin\u00f3 sucediendo para que <strong>Outeda <\/strong>pudiese decir adi\u00f3s delante de sus padres, familia y amigos y que fue \u00abmuy chula y especial\u00bb. Pero el destino le ten\u00eda guardada una sorpresa, cuando la <strong>federaci\u00f3n <\/strong>le nombr\u00f3 como uno de los <strong>\u00e1rbitros <\/strong>de la <strong>fase de ascenso <\/strong>a <strong>Primera Nacional<\/strong>, que se celebr\u00f3 en el <strong>Pabell\u00f3n de Coia <\/strong>en <strong>Vigo<\/strong>.<\/p>\n<p>All\u00ed toc\u00f3 por \u00faltima vez el silbato en un <strong>BM Legan\u00e9s<\/strong>&#8211;<strong>Villafranca<\/strong>, donde su compa\u00f1ero <strong>Mauro Montero <\/strong>habl\u00f3 previamente con los equipos para rendirle un emotivo <strong>homenaje <\/strong>que no se \u00abesperaba para nada\u00bb. \u00abTengo muchos conocidos en ambos equipos y mi compa\u00f1ero habl\u00f3 con ellos para hacerme un pasillo. Despu\u00e9s, los dos, me regalaron <strong>camisetas firmadas<\/strong>, fue algo muy emotivo\u00bb, dice.<\/p>\n<p>Un encuentro que cuenta que vivi\u00f3 con \u00abmucha emoci\u00f3n\u00bb desde el <strong>sorteo inicial <\/strong>y que, conforme pasaban los minutos y se acercaba el final, no quer\u00eda que acabase. \u00abSe lo dec\u00eda por pinganillo a mi compa\u00f1ero <strong>Mauro<\/strong>, que no quer\u00eda que se acabase, y cuando termin\u00f3 nos abrazamos y romp\u00ed a llorar\u00bb, explica mientras asegura que ahora disfrutar\u00e1 del <strong>balonmano <\/strong>de pista como \u00abun aficionado m\u00e1s\u00bb y que no se ve ejerciendo de alg\u00fan cargo como el de <strong>entrenador <\/strong>o el de <strong>directivo<\/strong>.<\/p>\n<p>Los comienzos<\/p>\n<p>Su\u00a0<strong>carrera <\/strong>de arbitraje empez\u00f3 con <strong>15 a\u00f1os <\/strong>cuando, mientras jugaba en la base del <strong>Teucro<\/strong>, asisti\u00f3 a un torneo de <strong>balonmano playa<\/strong> y tuvo que arbitrar un partido. \u00abNos dijeron que uno de cada equipo ten\u00edamos que arbitrar, entonces me toc\u00f3 y, animado por otros \u00e1rbitros, me puse a ello\u00bb, explica.<\/p>\n<p>Un a\u00f1o despu\u00e9s, con <strong>16 a\u00f1os<\/strong>, mientras hac\u00eda de entrenador en la base del <strong>Teucro <\/strong>sac\u00f3 el <strong>curso<\/strong>, animado tambi\u00e9n por sus compa\u00f1eros. \u00abLos viernes hac\u00edamos una liguilla y me dijeron que me pusiese a arbitrar que lo hac\u00eda bien y que porque no hac\u00eda el curso\u00bb, dice.<\/p>\n<blockquote>\n<p>Marcos Outeda: \u00bb<\/p>\n<p>Le dec\u00eda por pinganillo a mi compa\u00f1ero Mauro que no quer\u00eda que acabase el partido (de su despedida)\u00bb<\/p>\n<\/blockquote>\n<p>Ahora, se retira del <strong>balonmano <\/strong>pista despu\u00e9s de <strong>25 a\u00f1os<\/strong>, donde ejerci\u00f3 <strong>18 <\/strong>como \u00e1rbitro a nivel <strong>nacional <\/strong>y <strong>17 <\/strong>de forma <strong>internacional<\/strong>, con el silbato en la boca. Entre los motivos que lo llevaron a esto destaca el desgaste f\u00edsico y la falta de tiempo y compatibilidad con su actual trabajo de &#8216;coach&#8217; y monitor.<\/p>\n<p>\u00abAl final son <strong>17 a\u00f1os <\/strong>non-stop yendo de la <strong>pista <\/strong>a la <strong>playa <\/strong>y viceversa. Llega un momento que no puedes m\u00e1s y tienes que parar porque te falta tiempo de calidad y ahora mismo mi <strong>trabajo <\/strong>requiere bastante tiempo\u00bb, explica.<\/p>\n<p>Otro de los motivos que lo han llevado a tomar esta decisi\u00f3n es el desarraigo y los <strong>cambios negativos <\/strong>que est\u00e1 sufriendo el <strong>balonmano<\/strong> <strong>base<\/strong>. \u00abA mi me gusta mucho pitar <strong>base <\/strong>y cada vez se est\u00e1 poniendo m\u00e1s feo, es algo que opinamos la mayor\u00eda y que no nos gusta\u00bb, aclara. \u00abLo que pas\u00f3 en <strong>Sanxenxo <\/strong>fue muy duro, es algo que te choca y que te hace pensar que no merece la pena. Nadie quiere ver eso ni formar parte de ello\u00bb, a\u00f1ade.<\/p>\n<blockquote>\n<p>Marcos Outeda: \u00bb<\/p>\n<p>No me arrepiento de nada, tuve que escoger entre entrenar, jugar o arbitrar y creo que no me ha ido tan mal\u00bb<\/p>\n<\/blockquote>\n<p>Echando la vista atr\u00e1s a todos estos a\u00f1os de <strong>arbitraje<\/strong>, <strong>Outeda<\/strong>, afirma que no se arrepiente de haber elegido ser <strong>\u00e1rbitro <\/strong>en vez de continuar como <strong>entrenador <\/strong>o <strong>jugador<\/strong>. \u00abMe gusta mucho <strong>entrenar base <\/strong>pero no me arrepiento de nada, tuve que escoger y creo que no me ha ido tan mal\u00bb, comenta entre risas.<\/p>\n<p>Tambi\u00e9n dice que le ha servido para llevarse muchas <strong>experiencias <\/strong>a nivel <strong>personal<\/strong>, <strong>educativo<\/strong> y de <strong>valores<\/strong>, pero que lo que se lleva \u00absobre todo\u00bb son los amigos que ha hecho por el camino entre <strong>entrenadores<\/strong>, <strong>jugadores <\/strong>y otros <strong>deportistas <\/strong>a los que ha entrenado en sus d\u00edas como <strong>t\u00e9cnico<\/strong>.<\/p>\n<p>Tambi\u00e9n admite que se queda con muchos buenos recuerdos de los <strong>partidos <\/strong>que ha pitado, que \u00abtodos los \u00e1rbitros tenemos <strong>dos <\/strong>o <strong>tres <\/strong>guardados en la rec\u00e1mara\u00bb y que \u00absiempre que dices que eres <strong>\u00e1rbitro <\/strong>piensas en todo lo negativo pero al final te quedas con lo positivo\u00bb.<\/p>\n<blockquote>\n<p>Marcos Outeda: \u00bb<\/p>\n<p>A mi me gusta mucho pitar base y cada vez se est\u00e1 poniendo m\u00e1s feo, es algo que no nos gusta a ninguno\u00bb<\/p>\n<\/blockquote>\n<p>\u00abTengo un partido que fue un <strong>Teucro<\/strong>&#8211;<strong>Nov\u00e1s <\/strong>en <strong>Plata <\/strong>con el <strong>pabell\u00f3n <\/strong>lleno hasta la bandera y no me hab\u00eda dado cuenta de la gente que hab\u00eda hasta que pit\u00e9 el final y vi que estaba todo a reventar. Parte de la <strong>directiva <\/strong>baj\u00f3 a vestuarios a felicitarme\u00bb, recuerda.<\/p>\n<p>Otro de los partidos que siempre tendr\u00e1 guardado en su memoria es un <strong>Barcelona<\/strong> <strong>B<\/strong>&#8211;<strong>Villa de Aranda<\/strong>, que actualmente se encuentra jugando en <strong>Liga Asobal<\/strong>, en el <strong>Palau Sant Jordi <\/strong>de <strong>Barcelona<\/strong>. Un partido que a d\u00eda de hoy a\u00fan no se cree haber pitado. \u00abTe ves entrando ah\u00ed y piensas no me lo creo, adem\u00e1s aquel <strong>Bar\u00e7a <\/strong>estaba plagado de jugadores que ahora son <strong>estrellas internacionales<\/strong>, como <strong>Rodrigo<\/strong> <strong>Corrales<\/strong>, que fue campe\u00f3n del mundo\u00bb, explica el ex\u00e1rbitro, rememorando alguna de sus mejores experiencias a lo largo de su carrera.<\/p>\n<p>Lejos del retiro<\/p>\n<p><strong>Marcos Outeda <\/strong>explica que a pesar de haber colgado el silbato en <strong>balonmano pista<\/strong>, se encuentra lejos de hacer lo mismo en <strong>playa<\/strong>. \u00abMorir\u00e9 en la playa. Siempre digo que me va a retirar la playa, es algo que veo lejos y en lo que prefiero no pensar\u00bb, admite. \u00abAhora cambi\u00e9 un poco el rol y doy <strong>cursos <\/strong>a nivel <strong>internacional<\/strong>, pero no quiero parar\u00bb, a\u00f1ade.<\/p>\n<blockquote>\n<p>Marcos Outeda: \u00abMorir\u00e9 en la playa, veo lejos el retiro y prefiero no pensar en ello\u00bb<\/p>\n<\/blockquote>\n<p>Un lugar donde tambi\u00e9n reconoce que se encuentra m\u00e1s a gusto y donde cree que es mejor, ya que ha alcanzado m\u00e1s \u00e9xitos y logros a nivel <strong>nacional <\/strong>e <strong>internacional<\/strong>. Entre estos hitos recuerda sobre todo la <strong>semifinal <\/strong>de los <strong>World Games <\/strong>celebrados en <strong>Taiw\u00e1n <\/strong>en <strong>2009<\/strong>, donde reconoce que \u00abera un cr\u00edo\u00bb cuando le toc\u00f3 arbitrar la que dice fue \u00abuna <strong>final <\/strong>anticipada\u00bb.<\/p>\n<p>Tambi\u00e9n recuerda otros grandes partidos que le tocaron pitar como uno por el <strong>tercer <\/strong>y <strong>cuarto puesto <\/strong>que tuvo lugar en el <strong>Europeo <\/strong>de <strong>Dinamarca<\/strong> y donde asistieron <strong>3.000 <\/strong>personas. Otra cita que se le viene a la mente es el <strong>Campeonato del Mundo <\/strong>en las <strong>Islas<\/strong> <strong>Mauricio<\/strong>.<\/p>\n","protected":false},"excerpt":{"rendered":"\u00c1rbitro por casualidad, as\u00ed se describe a s\u00ed mismo Marcos Outeda, que guard\u00f3 por \u00faltima vez en mayo&hellip;\n","protected":false},"author":2,"featured_media":74889,"comment_status":"","ping_status":"","sticky":false,"template":"","format":"standard","meta":{"footnotes":""},"categories":[278],"tags":[376,634,168,25,24,375,1146,1367,23,167],"class_list":{"0":"post-74888","1":"post","2":"type-post","3":"status-publish","4":"format-standard","5":"has-post-thumbnail","7":"category-balonmano","8":"tag-balonmano","9":"tag-deporte","10":"tag-deportes","11":"tag-es","12":"tag-espana","13":"tag-handball","14":"tag-pontevedra","15":"tag-retirada","16":"tag-spain","17":"tag-sports"},"share_on_mastodon":{"url":"","error":""},"_links":{"self":[{"href":"https:\/\/www.europesays.com\/es\/wp-json\/wp\/v2\/posts\/74888","targetHints":{"allow":["GET"]}}],"collection":[{"href":"https:\/\/www.europesays.com\/es\/wp-json\/wp\/v2\/posts"}],"about":[{"href":"https:\/\/www.europesays.com\/es\/wp-json\/wp\/v2\/types\/post"}],"author":[{"embeddable":true,"href":"https:\/\/www.europesays.com\/es\/wp-json\/wp\/v2\/users\/2"}],"replies":[{"embeddable":true,"href":"https:\/\/www.europesays.com\/es\/wp-json\/wp\/v2\/comments?post=74888"}],"version-history":[{"count":0,"href":"https:\/\/www.europesays.com\/es\/wp-json\/wp\/v2\/posts\/74888\/revisions"}],"wp:featuredmedia":[{"embeddable":true,"href":"https:\/\/www.europesays.com\/es\/wp-json\/wp\/v2\/media\/74889"}],"wp:attachment":[{"href":"https:\/\/www.europesays.com\/es\/wp-json\/wp\/v2\/media?parent=74888"}],"wp:term":[{"taxonomy":"category","embeddable":true,"href":"https:\/\/www.europesays.com\/es\/wp-json\/wp\/v2\/categories?post=74888"},{"taxonomy":"post_tag","embeddable":true,"href":"https:\/\/www.europesays.com\/es\/wp-json\/wp\/v2\/tags?post=74888"}],"curies":[{"name":"wp","href":"https:\/\/api.w.org\/{rel}","templated":true}]}}