{"id":748895,"date":"2026-09-05T08:16:11","date_gmt":"2026-09-05T08:16:11","guid":{"rendered":"https:\/\/www.europesays.com\/es\/748895\/"},"modified":"2026-09-05T08:16:11","modified_gmt":"2026-09-05T08:16:11","slug":"la-vuelta-2027-comenzara-en-padron-y-acabara-en-madrid","status":"publish","type":"post","link":"https:\/\/www.europesays.com\/es\/748895\/","title":{"rendered":"La Vuelta 2027 comenzar\u00e1 en Padr\u00f3n y acabar\u00e1 en Madrid"},"content":{"rendered":"<p class=\"ft-text ft-helper-closenews\">Cada <strong>Vuelta <\/strong>tiene su propia identidad, en lo bueno y en lo malo. La de 2026 ya ha pasado a la historia -con enorme tristeza- por la ca\u00edda y retirada de <strong>Tadej Pogacar<\/strong>; una carrera antes y otra despu\u00e9s. Pero tambi\u00e9n, en la intrahistoria de la prueba, la de este a\u00f1o es la ronda de la carretera, la manta (en plan figurativo) y las <strong>diputaciones<\/strong>, que son las que se han encargado de revitalizar una carrera que, hace un a\u00f1o y antes de la protesta por la presencia del equipo de Israel, deb\u00eda desembarcar en <strong>Canarias<\/strong>.<\/p>\n<p class=\"ft-text\">El Gobierno insular se asust\u00f3, quiz\u00e1s antes de tiempo, y cerr\u00f3 las puertas a la <strong>Vuelta<\/strong>, que desde 1988 no pisa territorio canario. Hubo que buscar alternativas y conducir a la carrera por debajo del paralelo 40; es decir, llevarla a la Espa\u00f1a m\u00e1s calurosa.<\/p>\n<p>La F\u00f3rmula Uno<\/p>\n<p class=\"ft-text\">Para m\u00e1s contrariedades fue imposible acabar en <strong>Madrid,<\/strong> en el marco habitual del fin de fiesta de la carrera, salvo contadas ocasiones en las que la prueba ha finalizado en <strong>Galicia<\/strong>, coincidiendo con el a\u00f1o <strong>Xacobeo<\/strong>. Era imposible, a nivel de seguridad y movilidad, emparejar la carrera ciclista con el <strong>Gran Premio de F\u00f3rmula Uno<\/strong> que se correr\u00e1 el domingo de la semana que viene en la capital espa\u00f1ola.<\/p>\n<p class=\"ft-text\">Por eso, se recurri\u00f3 a las diputaciones una vez la Vuelta cruz\u00f3 la frontera de <strong>Andorra<\/strong>. Salv\u00f3 la etapa que comenz\u00f3 en Vall d\u2019Alba (Castell\u00f3) y finaliz\u00f3 en la estaci\u00f3n de esqu\u00ed de Valdelinares (Teruel), el resto han sido y ser\u00e1n <strong>etapas uniprovinciales<\/strong>, que obliga a efectuar muchos traslados entre inicio y final de la competici\u00f3n en un paseo ciclista que comenz\u00f3 en Catalunya gracias a la <strong>Diputaci\u00f3 de Tarragona<\/strong> y finalizar\u00e1 en la capital granadina por mediaci\u00f3n de la <strong>Diputaci\u00f3n de Granada<\/strong>.<\/p>\n<p class=\"ft-text\">Y hasta aqu\u00ed el detalle de lo que est\u00e1 siendo esta Vuelta que en lo deportivo sigue dominada por <strong>Enric Mas<\/strong>. Ahora va la pregunta del mill\u00f3n, \u00bfd\u00f3nde se iniciar\u00e1 la ronda espa\u00f1ola del a\u00f1o que viene?<\/p>\n<p>Desde el Campus Tecnol\u00f3gico Cortizo<\/p>\n<p class=\"ft-text\">Por ahora, la organizaci\u00f3n guarda el secreto y como mucho adelanta que habr\u00e1 un recorrido geogr\u00e1ficamente diferente -ojal\u00e1 que sea con la presencia de <strong>Pogacar<\/strong>&#8211; y que, al contrario de lo que sucede este a\u00f1o, discurrir\u00e1 buena parte de la prueba por el norte peninsular.<\/p>\n<p class=\"ft-text\">Entonces, si resulta que 2027 es a\u00f1o <strong>Xacobeo<\/strong>, nada mejor que comenzar la prueba en <strong>Galicia<\/strong> el 4 de septiembre, que no ser\u00e1 un s\u00e1bado cualquiera, al menos en el <strong>Campus Tecnol\u00f3gico Cortizo<\/strong>, enclavado en la localidad de <strong>Padr\u00f3n<\/strong>, famosa por los pimientos, pero tambi\u00e9n por albergar una de las principales empresas europeas dedicadas al dise\u00f1o, fabricaci\u00f3n y distribuci\u00f3n de perfiles de aluminio y PVC para los sectores de la arquitectura y la industria.<\/p>\n<p class=\"ft-text\">La intenci\u00f3n es denominar la Vuelta 2027 como la de \u2018<strong>Cortizo a Madrid<\/strong>\u2019, teniendo en cuenta los lugares de salida y llegada de la prueba. Ya, en 2024, hubo una etapa que comenz\u00f3 y finaliz\u00f3 en esta firma gallega, propiedad de <strong>Jos\u00e9 Manuel Cortizo<\/strong>, empresario que colabora con equipos ciclistas coru\u00f1eses, gran amante de este deporte y que moviliz\u00f3 a cientos de personas para que conocieran su f\u00e1brica, sin reparar en gastos, cuando se celebr\u00f3 la <strong>11\u00aa etapa de 2024<\/strong>. En un a\u00f1o, por lo tanto, la Vuelta partir\u00e1 de <strong>Galicia <\/strong>donde hay la intenci\u00f3n de programar varias etapas, siempre en unas carreteras complicadas por la orograf\u00eda y con pocos kil\u00f3metros de llano.<\/p>\n<p data-close=\"closedContent\" class=\"subscribeHideForDisplay\">Suscr\u00edbete para seguir leyendo<\/p>\n","protected":false},"excerpt":{"rendered":"Cada Vuelta tiene su propia identidad, en lo bueno y en lo malo. La de 2026 ya ha&hellip;\n","protected":false},"author":2,"featured_media":748896,"comment_status":"","ping_status":"","sticky":false,"template":"","format":"standard","meta":{"footnotes":""},"categories":[273],"tags":[15609,25482,313,26126,312,168,25,24,816,31444,205,43429,3441,23,167,31443,1357],"class_list":["post-748895","post","type-post","status-publish","format-standard","has-post-thumbnail","category-ciclismo","tag-15609","tag-acabara","tag-ciclismo","tag-comenzara","tag-cycling","tag-deportes","tag-es","tag-espana","tag-galicia","tag-lopez-egea","tag-madrid","tag-padron","tag-sergi","tag-spain","tag-sports","tag-tourmalet","tag-vuelta"],"share_on_mastodon":{"url":"https:\/\/pubeurope.com\/@es\/117217446295398101","error":""},"_links":{"self":[{"href":"https:\/\/www.europesays.com\/es\/wp-json\/wp\/v2\/posts\/748895","targetHints":{"allow":["GET"]}}],"collection":[{"href":"https:\/\/www.europesays.com\/es\/wp-json\/wp\/v2\/posts"}],"about":[{"href":"https:\/\/www.europesays.com\/es\/wp-json\/wp\/v2\/types\/post"}],"author":[{"embeddable":true,"href":"https:\/\/www.europesays.com\/es\/wp-json\/wp\/v2\/users\/2"}],"replies":[{"embeddable":true,"href":"https:\/\/www.europesays.com\/es\/wp-json\/wp\/v2\/comments?post=748895"}],"version-history":[{"count":0,"href":"https:\/\/www.europesays.com\/es\/wp-json\/wp\/v2\/posts\/748895\/revisions"}],"wp:featuredmedia":[{"embeddable":true,"href":"https:\/\/www.europesays.com\/es\/wp-json\/wp\/v2\/media\/748896"}],"wp:attachment":[{"href":"https:\/\/www.europesays.com\/es\/wp-json\/wp\/v2\/media?parent=748895"}],"wp:term":[{"taxonomy":"category","embeddable":true,"href":"https:\/\/www.europesays.com\/es\/wp-json\/wp\/v2\/categories?post=748895"},{"taxonomy":"post_tag","embeddable":true,"href":"https:\/\/www.europesays.com\/es\/wp-json\/wp\/v2\/tags?post=748895"}],"curies":[{"name":"wp","href":"https:\/\/api.w.org\/{rel}","templated":true}]}}