{"id":748903,"date":"2026-09-05T08:21:35","date_gmt":"2026-09-05T08:21:35","guid":{"rendered":"https:\/\/www.europesays.com\/es\/748903\/"},"modified":"2026-09-05T08:21:35","modified_gmt":"2026-09-05T08:21:35","slug":"una-muestra-reune-obras-de-maruja-mallo-laxeiro-y-luis-seoane-en-lugo","status":"publish","type":"post","link":"https:\/\/www.europesays.com\/es\/748903\/","title":{"rendered":"Una muestra re\u00fane obras de Maruja Mallo, Laxeiro y Lu\u00eds Seoane en Lugo"},"content":{"rendered":"<p>La Praza Maior de<a target=\"_blank\" href=\"https:\/\/www.elprogreso.es\/lugo\/\" rel=\"nofollow noopener\"> Lugo <\/a>acoge desde este viernes la muestra de calle Rostros das colecci\u00f3ns de Abanca e Afundaci\u00f3n, una selecci\u00f3n de obras que explora las distintas interpretaciones del retrato a lo largo de la historia del arte. <strong>La exposici\u00f3n permanecer\u00e1 instalada en este espacio hasta el d\u00eda 30 de este mes.<\/strong><\/p>\n<p>La inauguraci\u00f3n tuvo lugar ayer a las 12.00 horas y cont\u00f3 con la asistencia del concejal de Cultura e Educaci\u00f3n, Javier V\u00e1zquez Prado; el concejal de Turismo e Museos, Agust\u00edn Gallego Vigo; la directora territorial de Abanca en Lugo, Zaira Dapena, y la coordinadora de Cultura de Afundaci\u00f3n, Mar\u00eda Teresa Cores.<\/p>\n<p>La muestra propone un recorrido por las diferentes formas en las que los artistas han abordado este g\u00e9nero desde finales del siglo XIX hasta nuestros d\u00edas, coincidiendo con la sucesi\u00f3n de distintos movimientos art\u00edsticos. Las obras permiten acercarse a las representaciones de la apariencia y el car\u00e1cter de las personas, pero tambi\u00e9n a <strong>los c\u00f3digos y signos de identidad propios de las diferentes \u00e9pocas<\/strong>.<\/p>\n<blockquote>\n<p>La selecci\u00f3n est\u00e1 formada por trabajos de artistas como Sotomayor, Ram\u00f3n Caama\u00f1o, Julia Minguill\u00f3n, Mar\u00eda Antonia Dans, Segura Torrella, Maruja Mallo, Laxeiro y Lu\u00eds Seoane, entre otros<\/p>\n<\/blockquote>\n<p>La selecci\u00f3n est\u00e1 formada por <strong>obras gallegas pertenecientes a las Colecciones de Arte Abanca y Afundaci\u00f3n<\/strong>, con trabajos de artistas como Sotomayor, Ram\u00f3n Caama\u00f1o, Julia Minguill\u00f3n, Mar\u00eda Antonia Dans, Segura Torrella, Maruja Mallo, Laxeiro y Lu\u00eds Seoane, entre otros.<\/p>\n<p>A trav\u00e9s de estas piezas, la exposici\u00f3n invita a detenerse en los recuerdos que evocan las personas representadas y en las sensaciones que transmiten sus im\u00e1genes, adem\u00e1s de mostrar algunas de las nuevas f\u00f3rmulas que se fueron incorporando al retrato desde finales del siglo XIX en paralelo a la evoluci\u00f3n de los movimientos art\u00edsticos.<\/p>\n<p>Una \u00abdemocratizaci\u00f3n\u00bb del arte del autorretrato con los selfis<\/p>\n<p>La propuesta parte tambi\u00e9n de <strong>la presencia que tienen actualmente las im\u00e1genes de rostros en las pantallas<\/strong>, desde las redes sociales hasta las campa\u00f1as publicitarias, como reflejo de una sociedad globalizada y conectada. En este contexto, los selfis de la era digital han democratizado el arte del autorretrato y tienen un papel en la construcci\u00f3n de las identidades personales y colectivas.<\/p>\n<p>La iniciativa forma parte del proyecto Corrente cultural, que propicia la colaboraci\u00f3n entre los concellos gallegos, Abanca y Afundaci\u00f3n. El programa considera el arte como un instrumento para fomentar el conocimiento y el desarrollo colectivo y busca <strong>ampliar la oferta art\u00edstica m\u00e1s all\u00e1 de las sedes de la entidad<\/strong>.<\/p>\n","protected":false},"excerpt":{"rendered":"La Praza Maior de Lugo acoge desde este viernes la muestra de calle Rostros das colecci\u00f3ns de Abanca&hellip;\n","protected":false},"author":2,"featured_media":748904,"comment_status":"","ping_status":"","sticky":false,"template":"","format":"standard","meta":{"footnotes":""},"categories":[173],"tags":[6857,44895,229,233,231,230,209,232,234,146,147,25,24,2003,7318,23],"class_list":["post-748903","post","type-post","status-publish","format-standard","has-post-thumbnail","category-arte-y-diseno","tag-abanca","tag-afundacion","tag-arte","tag-arte-y-diseno","tag-arts","tag-arts-and-design","tag-cultura","tag-design","tag-diseno","tag-entertainment","tag-entretenimiento","tag-es","tag-espana","tag-exposicion","tag-lugo","tag-spain"],"share_on_mastodon":{"url":"https:\/\/pubeurope.com\/@es\/117217465808715779","error":""},"_links":{"self":[{"href":"https:\/\/www.europesays.com\/es\/wp-json\/wp\/v2\/posts\/748903","targetHints":{"allow":["GET"]}}],"collection":[{"href":"https:\/\/www.europesays.com\/es\/wp-json\/wp\/v2\/posts"}],"about":[{"href":"https:\/\/www.europesays.com\/es\/wp-json\/wp\/v2\/types\/post"}],"author":[{"embeddable":true,"href":"https:\/\/www.europesays.com\/es\/wp-json\/wp\/v2\/users\/2"}],"replies":[{"embeddable":true,"href":"https:\/\/www.europesays.com\/es\/wp-json\/wp\/v2\/comments?post=748903"}],"version-history":[{"count":0,"href":"https:\/\/www.europesays.com\/es\/wp-json\/wp\/v2\/posts\/748903\/revisions"}],"wp:featuredmedia":[{"embeddable":true,"href":"https:\/\/www.europesays.com\/es\/wp-json\/wp\/v2\/media\/748904"}],"wp:attachment":[{"href":"https:\/\/www.europesays.com\/es\/wp-json\/wp\/v2\/media?parent=748903"}],"wp:term":[{"taxonomy":"category","embeddable":true,"href":"https:\/\/www.europesays.com\/es\/wp-json\/wp\/v2\/categories?post=748903"},{"taxonomy":"post_tag","embeddable":true,"href":"https:\/\/www.europesays.com\/es\/wp-json\/wp\/v2\/tags?post=748903"}],"curies":[{"name":"wp","href":"https:\/\/api.w.org\/{rel}","templated":true}]}}