{"id":74892,"date":"2025-08-27T04:01:06","date_gmt":"2025-08-27T04:01:06","guid":{"rendered":"https:\/\/www.europesays.com\/es\/74892\/"},"modified":"2025-08-27T04:01:06","modified_gmt":"2025-08-27T04:01:06","slug":"fercho-ultima-renovacion-del-castillo-de-gorraiz","status":"publish","type":"post","link":"https:\/\/www.europesays.com\/es\/74892\/","title":{"rendered":"&#8216;Fercho&#8217;, \u00faltima renovaci\u00f3n del Castillo de Gorraiz"},"content":{"rendered":"<p>El Castillo de Gorraiz Valle de Eg\u00fc\u00e9s es consciente de que, para competir en Segunda FEB, resulta fundamental mantener la base del equipo. As\u00ed lo demuestra con su \u00faltima renovaci\u00f3n, la de <strong>Pablo Fern\u00e1ndez.<\/strong>\n<\/p>\n<p>El jugador navarro, <strong>clave en el hist\u00f3rico ascenso del club la pasada temporada<\/strong>, se convierte en el <strong>und\u00e9cimo integrante<\/strong> confirmado de la plantilla dirigida por Jotas Unzu\u00e9. Formado en Larraona y llegado al CB Valle de Eg\u00fc\u00e9s con apenas 18 a\u00f1os, Fern\u00e1ndez cuenta con <strong>experiencia en la categor\u00eda<\/strong>, ya que milit\u00f3 dos campa\u00f1as en el desaparecido <strong>Basket Navarra<\/strong> y una en el <strong>CD UDEA Algeciras.<\/strong>\n<\/p>\n<p>El curso pasado regres\u00f3 al Castillo de Gorraiz para ser uno de los protagonistas del mayor logro hasta la fecha de la entidad: el ascenso a Segunda FEB. \u201cEstoy muy contento por seguir un a\u00f1o m\u00e1s en el club. <strong>Ser\u00e1 nuestro primer a\u00f1o en Segunda FEB y sabemos que no ser\u00e1 f\u00e1cil<\/strong>, pero afrontamos el reto con ganas e ilusi\u00f3n por competir al m\u00e1ximo en cada partido\u201d, se\u00f1al\u00f3 Fern\u00e1ndez.<\/p>\n<p>De esta manera, Fercho se convierte en la quinta renovaci\u00f3n del conjunto navarro, tras las ya confirmadas de <strong>\u00c1lex Calvo, Javi Lacunza, Pau Elso y Pablo Y\u00e1rnoz.<\/strong><\/p>\n","protected":false},"excerpt":{"rendered":"El Castillo de Gorraiz Valle de Eg\u00fc\u00e9s es consciente de que, para competir en Segunda FEB, resulta fundamental&hellip;\n","protected":false},"author":2,"featured_media":74893,"comment_status":"","ping_status":"","sticky":false,"template":"","format":"standard","meta":{"footnotes":""},"categories":[269],"tags":[299,298,3101,168,25,24,29220,18059,1135,23,167,1885],"class_list":{"0":"post-74892","1":"post","2":"type-post","3":"status-publish","4":"format-standard","5":"has-post-thumbnail","7":"category-baloncesto","8":"tag-baloncesto","9":"tag-basketball","10":"tag-castillo","11":"tag-deportes","12":"tag-es","13":"tag-espana","14":"tag-fercho","15":"tag-gorraiz","16":"tag-renovacion","17":"tag-spain","18":"tag-sports","19":"tag-ultima"},"share_on_mastodon":{"url":"","error":""},"_links":{"self":[{"href":"https:\/\/www.europesays.com\/es\/wp-json\/wp\/v2\/posts\/74892","targetHints":{"allow":["GET"]}}],"collection":[{"href":"https:\/\/www.europesays.com\/es\/wp-json\/wp\/v2\/posts"}],"about":[{"href":"https:\/\/www.europesays.com\/es\/wp-json\/wp\/v2\/types\/post"}],"author":[{"embeddable":true,"href":"https:\/\/www.europesays.com\/es\/wp-json\/wp\/v2\/users\/2"}],"replies":[{"embeddable":true,"href":"https:\/\/www.europesays.com\/es\/wp-json\/wp\/v2\/comments?post=74892"}],"version-history":[{"count":0,"href":"https:\/\/www.europesays.com\/es\/wp-json\/wp\/v2\/posts\/74892\/revisions"}],"wp:featuredmedia":[{"embeddable":true,"href":"https:\/\/www.europesays.com\/es\/wp-json\/wp\/v2\/media\/74893"}],"wp:attachment":[{"href":"https:\/\/www.europesays.com\/es\/wp-json\/wp\/v2\/media?parent=74892"}],"wp:term":[{"taxonomy":"category","embeddable":true,"href":"https:\/\/www.europesays.com\/es\/wp-json\/wp\/v2\/categories?post=74892"},{"taxonomy":"post_tag","embeddable":true,"href":"https:\/\/www.europesays.com\/es\/wp-json\/wp\/v2\/tags?post=74892"}],"curies":[{"name":"wp","href":"https:\/\/api.w.org\/{rel}","templated":true}]}}