{"id":748929,"date":"2026-09-05T08:45:19","date_gmt":"2026-09-05T08:45:19","guid":{"rendered":"https:\/\/www.europesays.com\/es\/748929\/"},"modified":"2026-09-05T08:45:19","modified_gmt":"2026-09-05T08:45:19","slug":"antonio-pedrero-a-madrid-llegue-con-14-anos-y-con-pantalones-bombachos","status":"publish","type":"post","link":"https:\/\/www.europesays.com\/es\/748929\/","title":{"rendered":"Antonio Pedrero: \u00abA Madrid llegu\u00e9 con 14 a\u00f1os y con pantalones bombachos\u00bb"},"content":{"rendered":"<p>Hay ciudades que forman parte de la biograf\u00eda de un artista tanto como sus cuadros. Para <b>Antonio Pedrero <\/b>(Zamora, 1939), Madrid es una de ellas. <b>Lleg\u00f3 a la capital con apenas 14 a\u00f1os para estudiar Bellas Artes, procedente de una peque\u00f1a ciudad de provincias y con la mirada de quien descubre un mundo nuevo. <\/b>Los tranv\u00edas, el metro, los museos y los grandes maestros dejaron una huella que todav\u00eda permanece. Ahora, a los 87 a\u00f1os, regresa a Madrid con una exposici\u00f3n antol\u00f3gica que re\u00fane un centenar de obras realizadas a lo largo de m\u00e1s de 75 a\u00f1os. \u00abNunca es tarde\u00bb, dice a este peri\u00f3dico<b>. \u00abAntonio Pedrero. Antol\u00f3gica 1952-2026\u00bb puede visitarse hasta el 27 de septiembre en el Centro Cultural Casa de Vacas del Retiro.<\/b> La muestra, organizada por su familia y patrocinada por la Diputaci\u00f3n de Zamora, recorre diferentes etapas, t\u00e9cnicas y tem\u00e1ticas de un artista que ha convertido Zamora y Castilla y Le\u00f3n en una fuente constante de inspiraci\u00f3n, aunque siempre con una vocaci\u00f3n universal.<\/p>\n<p><b>\u00bfQu\u00e9 recuerda de aquel primer Madrid al que lleg\u00f3 con 14 a\u00f1os?<\/b><\/p>\n<p>De aut\u00e9ntico acontecimiento. Los tranv\u00edas y el metro me impresionaron en aquel Madrid tan nuevo para m\u00ed, un muchacho de 14 a\u00f1os de provincias. Posteriormente sigue siendo un acontecimiento cada d\u00eda que piso esta ciudad \u00abque brilla cien leguas a la redonda\u00bb, como dec\u00eda mi amigo-hermano ya fallecido, el poeta Hilario Tundidor. Es una gran ciudad que sigue ense\u00f1ando a todo aquel que la visita y que a m\u00ed tanto me influy\u00f3 art\u00edsticamente y en mi formaci\u00f3n humana y social.<\/p>\n<p><b>\u00bfQu\u00e9 queda de aquel joven que lleg\u00f3 a estudiar Bellas Artes?<\/b><\/p>\n<p>Emocionalmente es vital mi nueva mirada al Madrid que profundamente amo, que conoc\u00ed con catorce a\u00f1os cuando me vine con pantalones bombachos a estudiar Bellas Artes en los a\u00f1os 50. Por la suma de varias circunstancias, no hab\u00eda podido realizar hasta ahora una exposici\u00f3n tan personal, antol\u00f3gica, y gracias a la Diputaci\u00f3n de Zamora y el Ayuntamiento de Madrid se ha concretado este sue\u00f1o y, a la vez, profunda obligaci\u00f3n con Madrid, esta ciudad tan querida.<\/p>\n<p><b>\u00bfPor qu\u00e9 ha tardado tanto en llegar esta exposici\u00f3n?<\/b><\/p>\n<p>Bien es verdad que ten\u00eda que haber sido mucho antes, pero con esta exposici\u00f3n antol\u00f3gica, a mis 87 a\u00f1os, con m\u00e1s de 75 a\u00f1os de trayectoria resumida en un centenar de obras, se demuestra que \u00abnunca es tarde\u00bb.<\/p>\n<p><b>Su obra est\u00e1 profundamente vinculada a Zamora. \u00bfC\u00f3mo se puede trasladar ese territorio a Madrid sin perder su esencia?<\/b><\/p>\n<p>Quiz\u00e1 sea el amor a una ciudad que sorprende siempre a quien la descubre. Yo, como ciudadano que la vive, busco art\u00edsticamente su universalidad. Una universalidad que tiene, como ocurre con todas las cosas, pero hay que buscarla desde todas esas facetas que son definitorias de su encanto y personalidad, de su entorno, bien zamorano o de Castilla y Le\u00f3n, que es su geograf\u00eda.<\/p>\n<p><b>Entonces, \u00bfMadrid y Zamora son dos caras de su formaci\u00f3n?<\/b><\/p>\n<p>Mi formaci\u00f3n acad\u00e9mica es madrile\u00f1a, soy un deudor con esta ciudad que tanto me marc\u00f3 en mi formaci\u00f3n, adolescencia y juventud. Pero la esencia yo creo que es zamorana inevitablemente \u2014conscientemente buscada y sentida\u2014, como puede verse en esta exposici\u00f3n antol\u00f3gica. Creo que est\u00e1n perfectamente complementadas.<\/p>\n<p><b>En la exposici\u00f3n aparece tambi\u00e9n el mural de \u00abLa Golondrina\u00bb. \u00bfQu\u00e9 significa para usted?<\/b><\/p>\n<p>Sintetiza bien mi infancia, mi juventud familiar y todo lo bueno que conlleva aquella sociedad provinciana, tan querida, en una peque\u00f1a ciudad que como tal ya no existe. Es un homenaje coral a la Zamora que se extingue y que irremisiblemente ha cambiado en el tiempo.<\/p>\n<p><img decoding=\"async\" loading=\"lazy\" src=\"https:\/\/www.europesays.com\/es\/wp-content\/uploads\/2026\/09\/1788597919_143_58.jpg\" alt=\"Exposici\u00f3n de Antonio Pedrero en Casa de Vacas @ Gonzalo P\u00e9rez \" width=\"8137\" height=\"5427\"\/><b>Exposici\u00f3n de Antonio Pedrero en Casa de Vacas @ Gonzalo P\u00e9rez <\/b> Gonzalo P\u00e9rez  Fot\u00f3grafos<\/p>\n<p><b>El retrato es otra constante en su trayectoria. \u00bfQu\u00e9 busca cuando pinta a una persona?<\/b><\/p>\n<p>Para m\u00ed el retrato es y ha sido esencia en mi trayectoria. No la propia efigie, buscando solo el parecido, sino lo que hay detr\u00e1s, su alma. Y esto es muy dif\u00edcil de explicar y, por supuesto, demostrar.<\/p>\n<p><b>Tambi\u00e9n ha trabajado la escultura. \u00bfDe d\u00f3nde nace esa faceta?<\/b><\/p>\n<p>Mis primeras inclinaciones pl\u00e1sticas en la infancia fueron modelando. Hacer con barro los pasos de la Semana Santa de Zamora en peque\u00f1o. Pero en mi primera formaci\u00f3n, mis dos maestros en la Escuela de San Ildefonso de Zamora, Daniel Bedate y Chema Castilviejo, eran pintores y quiz\u00e1 me influyeron hacia la pintura. De cualquier forma, algunos cr\u00edticos han visto siempre esta construcci\u00f3n escult\u00f3rica en mi pintura, y yo creo que efectivamente: siento m\u00e1s la forma que el color.<\/p>\n<p><b>\u00bfLa exposici\u00f3n es, en cierto modo, un resumen de toda una vida?<\/b><\/p>\n<p>La exposici\u00f3n consiste en una estructura desde la infancia, realmente, la juventud, la preparaci\u00f3n y muchos amigos que, entonces, dejamos de la infancia y cambiamos por otros amigos, en Madrid. Yo ten\u00eda 14 a\u00f1os, pero amigos como Vel\u00e1zquez y Murillo, que han sido maestros universales de mi preparaci\u00f3n.<\/p>\n<p><b>\u00bfQu\u00e9 le gustar\u00eda que se llevara el visitante despu\u00e9s de recorrer Casa de Vacas?<\/b><\/p>\n<p>Sencillamente, que vea la totalidad de la muestra; que entienda que el Arte ha sido desde la infancia el hilo conductor de mi vida y el mejor modo de comunicaci\u00f3n con los dem\u00e1s, y a su vez que conozca las variadas fases que conllevan a la expresi\u00f3n art\u00edstica y humana de mi obra.<\/p>\n<p><b>Despu\u00e9s de tantos a\u00f1os, \u00bfqu\u00e9 significa volver a exponer en Madrid?<\/b><\/p>\n<p>Es una satisfacci\u00f3n exponer en Madrid, pero me hubiera gustado ir de novillero que ahora de viejo matador. Espero que sea bien acogida. Ah\u00ed est\u00e1 la obra, que siempre tiene una perennidad.<\/p>\n","protected":false},"excerpt":{"rendered":"Hay ciudades que forman parte de la biograf\u00eda de un artista tanto como sus cuadros. Para Antonio Pedrero&hellip;\n","protected":false},"author":2,"featured_media":748930,"comment_status":"","ping_status":"","sticky":false,"template":"","format":"standard","meta":{"footnotes":""},"categories":[173],"tags":[229,233,231,230,232,234,146,147,3141,25,24,205,23],"class_list":["post-748929","post","type-post","status-publish","format-standard","has-post-thumbnail","category-arte-y-diseno","tag-arte","tag-arte-y-diseno","tag-arts","tag-arts-and-design","tag-design","tag-diseno","tag-entertainment","tag-entretenimiento","tag-entrevista","tag-es","tag-espana","tag-madrid","tag-spain"],"share_on_mastodon":{"url":"https:\/\/pubeurope.com\/@es\/117217561175784331","error":""},"_links":{"self":[{"href":"https:\/\/www.europesays.com\/es\/wp-json\/wp\/v2\/posts\/748929","targetHints":{"allow":["GET"]}}],"collection":[{"href":"https:\/\/www.europesays.com\/es\/wp-json\/wp\/v2\/posts"}],"about":[{"href":"https:\/\/www.europesays.com\/es\/wp-json\/wp\/v2\/types\/post"}],"author":[{"embeddable":true,"href":"https:\/\/www.europesays.com\/es\/wp-json\/wp\/v2\/users\/2"}],"replies":[{"embeddable":true,"href":"https:\/\/www.europesays.com\/es\/wp-json\/wp\/v2\/comments?post=748929"}],"version-history":[{"count":0,"href":"https:\/\/www.europesays.com\/es\/wp-json\/wp\/v2\/posts\/748929\/revisions"}],"wp:featuredmedia":[{"embeddable":true,"href":"https:\/\/www.europesays.com\/es\/wp-json\/wp\/v2\/media\/748930"}],"wp:attachment":[{"href":"https:\/\/www.europesays.com\/es\/wp-json\/wp\/v2\/media?parent=748929"}],"wp:term":[{"taxonomy":"category","embeddable":true,"href":"https:\/\/www.europesays.com\/es\/wp-json\/wp\/v2\/categories?post=748929"},{"taxonomy":"post_tag","embeddable":true,"href":"https:\/\/www.europesays.com\/es\/wp-json\/wp\/v2\/tags?post=748929"}],"curies":[{"name":"wp","href":"https:\/\/api.w.org\/{rel}","templated":true}]}}