{"id":748955,"date":"2026-09-05T09:10:17","date_gmt":"2026-09-05T09:10:17","guid":{"rendered":"https:\/\/www.europesays.com\/es\/748955\/"},"modified":"2026-09-05T09:10:17","modified_gmt":"2026-09-05T09:10:17","slug":"esculturas-de-elisa-seiquer-en-el-almudi-en-imagenes","status":"publish","type":"post","link":"https:\/\/www.europesays.com\/es\/748955\/","title":{"rendered":"Esculturas de Elisa S\u00e9iquer en el Almud\u00ed, en im\u00e1genes"},"content":{"rendered":"<p>    04\/09\/2026<\/p>\n<p>                   Actualizado 05\/09\/2026 &#8211; 00:14h.<\/p>\n<p class=\"v-d-p\">Murcia rinde homenaje en el Palacio Almud\u00ed a la escultora Elisa S\u00e9iquer coincidiendo con el 30 aniversario de su fallecimiento a trav\u00e9s de una gran  &#8230; exposici\u00f3n que se convierte en una de las principales propuestas del ciclo expositivo organizado por el Ayuntamiento con motivo de la Feria de Septiembre. S\u00e9iquer fue una artista especializada en el cuerpo humano y su anatom\u00eda, y realiz\u00f3 retratos de personalidades destacadas de la sociedad murciana. La muestra, comisariada por Tom\u00e1s Ruiz Planes, recoge 144 obras, de las que unas 40 son in\u00e9ditas, que llegan a Murcia desde B\u00e9lgica, Madrid y Alicante, incluyendo dibujos, retratos y bustos, entre otras piezas. La Comunidad Aut\u00f3noma ha prestado tres piezas. <\/p>\n<p>                <img decoding=\"async\" loading=\"lazy\" src=\"https:\/\/www.europesays.com\/es\/wp-content\/uploads\/2026\/09\/1elisa (11).jpg\" class=\"v-a-img\" alt=\"Esculturas de Elisa S\u00e9iquer en el Almud\u00ed, en im\u00e1genes\"\/><\/p>\n","protected":false},"excerpt":{"rendered":"04\/09\/2026 Actualizado 05\/09\/2026 &#8211; 00:14h. Murcia rinde homenaje en el Palacio Almud\u00ed a la escultora Elisa S\u00e9iquer coincidiendo&hellip;\n","protected":false},"author":2,"featured_media":748956,"comment_status":"","ping_status":"","sticky":false,"template":"","format":"standard","meta":{"footnotes":""},"categories":[173],"tags":[34713,229,233,231,230,232,234,43249,146,147,25,8426,24,1641,133105,23],"class_list":["post-748955","post","type-post","status-publish","format-standard","has-post-thumbnail","category-arte-y-diseno","tag-almudi","tag-arte","tag-arte-y-diseno","tag-arts","tag-arts-and-design","tag-design","tag-diseno","tag-elisa","tag-entertainment","tag-entretenimiento","tag-es","tag-esculturas","tag-espana","tag-imagenes","tag-seiquer","tag-spain"],"share_on_mastodon":{"url":"https:\/\/pubeurope.com\/@es\/117217659420924735","error":""},"_links":{"self":[{"href":"https:\/\/www.europesays.com\/es\/wp-json\/wp\/v2\/posts\/748955","targetHints":{"allow":["GET"]}}],"collection":[{"href":"https:\/\/www.europesays.com\/es\/wp-json\/wp\/v2\/posts"}],"about":[{"href":"https:\/\/www.europesays.com\/es\/wp-json\/wp\/v2\/types\/post"}],"author":[{"embeddable":true,"href":"https:\/\/www.europesays.com\/es\/wp-json\/wp\/v2\/users\/2"}],"replies":[{"embeddable":true,"href":"https:\/\/www.europesays.com\/es\/wp-json\/wp\/v2\/comments?post=748955"}],"version-history":[{"count":0,"href":"https:\/\/www.europesays.com\/es\/wp-json\/wp\/v2\/posts\/748955\/revisions"}],"wp:featuredmedia":[{"embeddable":true,"href":"https:\/\/www.europesays.com\/es\/wp-json\/wp\/v2\/media\/748956"}],"wp:attachment":[{"href":"https:\/\/www.europesays.com\/es\/wp-json\/wp\/v2\/media?parent=748955"}],"wp:term":[{"taxonomy":"category","embeddable":true,"href":"https:\/\/www.europesays.com\/es\/wp-json\/wp\/v2\/categories?post=748955"},{"taxonomy":"post_tag","embeddable":true,"href":"https:\/\/www.europesays.com\/es\/wp-json\/wp\/v2\/tags?post=748955"}],"curies":[{"name":"wp","href":"https:\/\/api.w.org\/{rel}","templated":true}]}}