{"id":748957,"date":"2026-09-05T09:12:28","date_gmt":"2026-09-05T09:12:28","guid":{"rendered":"https:\/\/www.europesays.com\/es\/748957\/"},"modified":"2026-09-05T09:12:28","modified_gmt":"2026-09-05T09:12:28","slug":"supervivientes-all-stars-ya-tiene-a-su-duodecimo-concursante-el-extorero-y-hermano-de-jesulin-victor-janeiro","status":"publish","type":"post","link":"https:\/\/www.europesays.com\/es\/748957\/","title":{"rendered":"&#8216;Supervivientes All Stars&#8217; ya tiene a su duod\u00e9cimo concursante: el extorero y hermano de Jesul\u00edn, V\u00edctor Janeiro"},"content":{"rendered":"<p>Un nuevo nombre se acaba de sumar a la <b>lista oficial de concursantes de la tercera edici\u00f3n de &#8216;Supervivientes All Stars&#8217;<\/b> que comienza el pr\u00f3ximo jueves 10 de septiembre a las 21:45 horas y que se emitir\u00e1 en Telecinco. Se trata de <b>V\u00edctor Janeiro<\/b>, el duod\u00e9cimo participante que confirma Mediaset.<\/p>\n<p>El torero y hermano de Jesul\u00edn de Ubrique se suma de esta forma a un <b>casting formado por Rosa Benito, Arkano, Alma Bollo, Asraf Beno, Almudena Mart\u00ednez (Chiqui), Ivana Icardi, Dami\u00e1n Quintero, Mar\u00eda Jes\u00fas Ruiz, Yola Berrocal, Omar S\u00e1nchez y Yulen Pereira.<\/b><\/p>\n<p>A sus 47 a\u00f1os, Janeiro pondr\u00e1 rumbo a los Cayos Cochinos sabiendo lo que es ganar un reality de supervivencia. El marido de Beatriz Trapote, con quien tiene tres ni\u00f1os, <b>se proclam\u00f3 vencedor de &#8216;Aventura en \u00c1frica&#8217;<\/b>, la \u00faltima edici\u00f3n del concurso que se emiti\u00f3 en Antena 3 en 2005.<\/p>\n<p>De esta forma, el que fuera uno de los diestros espa\u00f1oles m\u00e1s destacados regresa al formato m\u00e1s de dos d\u00e9cadas despu\u00e9s, esta vez en Telecinco, para <b>demostrar que sigue siendo un v\u00e1lido superviviente<\/b> e intentar igualar o superar la marca de d\u00edas que estuvo en su anterior aventura: 63.<\/p>\n<p>El de C\u00e1diz ten\u00eda 25 a\u00f1os cuando decidi\u00f3 poner rumbo a aquella edici\u00f3n que se grab\u00f3 en Kenia. Como participante, <b>tan solo estuvo nominado en una gala<\/b> y en la final se enfrent\u00f3 a Raquel Muriel, despu\u00e9s de haber competido con nombres como Pocholo Mart\u00ednez-Bordi\u00fa, Mar\u00eda Jim\u00e9nez o Pedro Mar\u00edn.<\/p>\n<p>Asimismo, Janeiro destaca por su <b>amplia experiencia en este tipo de programas de televisi\u00f3n<\/b>. En 2022 tambi\u00e9n sali\u00f3 <b>ganador de &#8216;Pesadilla en El Para\u00edso&#8217;,<\/b> otro formato de telerrealidad de Mediaset situado en una granja en un entorno rural, donde sus participantes deb\u00edan convivir sin las comodidades que la sociedad ha incorporado a lo largo del \u00faltimo siglo. All\u00ed se mantuvo 119 d\u00edas.<\/p>\n<p>Por otro lado, en su curr\u00edculum televisivo tambi\u00e9n figuran otros espacios de entretenimiento como <b>&#8216;El club de Flo&#8217;, &#8216;\u00a1Mira quien baila!&#8217; y &#8216;\u00a1Mira quien salta!&#8217;<\/b>. En estos dos \u00faltimos programas no logr\u00f3 ganar, pero s\u00ed que dej\u00f3 una buena impresi\u00f3n al conseguir ser el tercer finalista en ambos.<\/p>\n<p>Por ahora, la lista de concursantes oficiales suma 12 nombres, a los que se espera que se a\u00f1adan el de Lola Ortiz y Albert Barranco. En cuanto a sus <b>presentadores<\/b>, regresan al formato producido por Cuarzo Jorge <b>Javier V\u00e1zquez, Sandra Barneda y Mar\u00eda Lamela<\/b>, esta \u00faltima por segunda vez tras haber sustituido a Laura Madrue\u00f1o en &#8216;Supervivientes 2026&#8217;.<\/p>\n","protected":false},"excerpt":{"rendered":"Un nuevo nombre se acaba de sumar a la lista oficial de concursantes de la tercera edici\u00f3n de&hellip;\n","protected":false},"author":2,"featured_media":748958,"comment_status":"","ping_status":"","sticky":false,"template":"","format":"standard","meta":{"footnotes":""},"categories":[171],"tags":[146,147,25,24,955,2662,23,3947,692,807,214,88128],"class_list":["post-748957","post","type-post","status-publish","format-standard","has-post-thumbnail","category-tv","tag-entertainment","tag-entretenimiento","tag-es","tag-espana","tag-mediaset","tag-programas-de-television","tag-spain","tag-supervivientes","tag-telecinco","tag-television","tag-tv","tag-victor-janeiro"],"share_on_mastodon":{"url":"https:\/\/pubeurope.com\/@es\/117217666429775842","error":""},"_links":{"self":[{"href":"https:\/\/www.europesays.com\/es\/wp-json\/wp\/v2\/posts\/748957","targetHints":{"allow":["GET"]}}],"collection":[{"href":"https:\/\/www.europesays.com\/es\/wp-json\/wp\/v2\/posts"}],"about":[{"href":"https:\/\/www.europesays.com\/es\/wp-json\/wp\/v2\/types\/post"}],"author":[{"embeddable":true,"href":"https:\/\/www.europesays.com\/es\/wp-json\/wp\/v2\/users\/2"}],"replies":[{"embeddable":true,"href":"https:\/\/www.europesays.com\/es\/wp-json\/wp\/v2\/comments?post=748957"}],"version-history":[{"count":0,"href":"https:\/\/www.europesays.com\/es\/wp-json\/wp\/v2\/posts\/748957\/revisions"}],"wp:featuredmedia":[{"embeddable":true,"href":"https:\/\/www.europesays.com\/es\/wp-json\/wp\/v2\/media\/748958"}],"wp:attachment":[{"href":"https:\/\/www.europesays.com\/es\/wp-json\/wp\/v2\/media?parent=748957"}],"wp:term":[{"taxonomy":"category","embeddable":true,"href":"https:\/\/www.europesays.com\/es\/wp-json\/wp\/v2\/categories?post=748957"},{"taxonomy":"post_tag","embeddable":true,"href":"https:\/\/www.europesays.com\/es\/wp-json\/wp\/v2\/tags?post=748957"}],"curies":[{"name":"wp","href":"https:\/\/api.w.org\/{rel}","templated":true}]}}