{"id":74898,"date":"2025-08-27T04:04:11","date_gmt":"2025-08-27T04:04:11","guid":{"rendered":"https:\/\/www.europesays.com\/es\/74898\/"},"modified":"2025-08-27T04:04:11","modified_gmt":"2025-08-27T04:04:11","slug":"premios-arquitectura-2025-estos-son-los-proyectos-ganadores-en-sostenibilidad-rehabilitacion-y-urbanismo","status":"publish","type":"post","link":"https:\/\/www.europesays.com\/es\/74898\/","title":{"rendered":"Premios Arquitectura 2025: \u00e9stos son los proyectos ganadores en sostenibilidad, rehabilitaci\u00f3n y urbanismo"},"content":{"rendered":"<p>Biblioteca de los Mil Soles (Madrid). Premio Sostenibilidad y Salud<\/p>\n<p><strong>Un refugio clim\u00e1tico y cultural en Villaverde-Butarque<\/strong><\/p>\n<p><img loading=\"lazy\" decoding=\"async\" src=\"https:\/\/www.europesays.com\/es\/wp-content\/uploads\/2025\/08\/premios-arquitectura-01.webp.webp\" width=\"918\" height=\"437\" alt=\"premios arquitectura 01 Biblioteca\"\/><\/p>\n<p>Este equipamiento, dise\u00f1ado por <strong>MADC &amp; Partners<\/strong>, es un ejemplo de c\u00f3mo la arquitectura p\u00fablica puede convertirse en motor de equidad. Su estructura combina <strong>hormig\u00f3n en la base<\/strong> y <strong>madera laminada en niveles superiores<\/strong>, logrando un equilibrio entre robustez y confort. Los <strong>lucernarios, lamas y celos\u00edas<\/strong> permiten una ventilaci\u00f3n natural y control solar que reduce consumo energ\u00e9tico. Adem\u00e1s, el edificio incorpora <strong>geotermia y paneles solares<\/strong>, obteniendo certificaci\u00f3n VERDE de GBCe y reconocimiento internacional como buena pr\u00e1ctica por C40. La biblioteca se integra en el barrio como plaza, corredor verde y espacio comunitario.<\/p>\n<p><strong>Por qu\u00e9 se ha premiado:\u00a0<\/strong>La biblioteca de los Mil Soles responde con sensibilidad a los retos paisaj\u00edsticos, clim\u00e1ticos y sociales del contexto, convirti\u00e9ndose en un refugio clim\u00e1tico y un nuevo nodo de vida comunitaria. La articulaci\u00f3n de espacios culturales y sociales en niveles diferenciados, junto con su apertura al barrio mediante corredores verdes y plazas p\u00fablicas, evidencia una visi\u00f3n de la arquitectura como herramienta de transformaci\u00f3n y justicia social.<\/p>\n<p>Este proyecto va m\u00e1s all\u00e1 de satisfacer un programa funcional: cuida la salud, fomenta el bienestar y activa v\u00ednculos entre generaciones, culturas y formas de habitar. En definitiva, es un ejercicio de responsabilidad \u00e9tica, medioambiental y ciudadana, que demuestra c\u00f3mo la arquitectura, cuando se ejerce con conciencia, tiene el poder real de transformar la sociedad.<\/p>\n<ul>&#13;<\/p>\n<li><strong>Autores:\u00a0<\/strong>Miguel \u00c1ngel D\u00edaz Camacho, MADC &amp; Partners SLP\u00a0\u00a0\u00a0\u00a0\u00a0\u00a0\u00a0\u00a0\u00a0\u00a0\u00a0\u00a0\u00a0\u00a0\u00a0<\/li>\n<p>&#13;<\/p>\n<li><strong>Promotores:\u00a0<\/strong>\u00c1rea de Gobierno de Obras y Equipamientos del Ayuntamiento de Madrid<\/li>\n<p>&#13;<\/p>\n<li><strong>Localizaci\u00f3n:<\/strong>\u00a0Madrid<\/li>\n<p>&#13;<\/p>\n<li><strong>Fotograf\u00eda:<\/strong>\u00a0Javier Callejas (fot\u00f3grafo en Veros\u00edmil)<\/li>\n<p>&#13;\n<\/ul>\n<p>Pasarela \u201cUna l\u00ednea sobre el Cervol\u201d (Vinar\u00f2s, Castell\u00f3n). Premio H\u00e1bitat<\/p>\n<p><strong>Ingenier\u00eda ligera y po\u00e9tica en el litoral<\/strong><\/p>\n<p><img loading=\"lazy\" decoding=\"async\" src=\"https:\/\/www.europesays.com\/es\/wp-content\/uploads\/2025\/08\/premios-arquitectura-02.webp.webp\" width=\"918\" height=\"437\" alt=\"premios arquitectura 02 Pasarela\"\/><\/p>\n<p>La pasarela ciclopeatonal firmada por <strong>Burgos &amp; Garrido Arquitectos y SBP Ingenieros<\/strong> es un alarde de dise\u00f1o estructural: un <strong>vano \u00fanico de 50 metros<\/strong> resuelto con un tablero de apenas <strong>12 cm de canto<\/strong>. Construida en <strong>acero protegido con tratamiento anticorrosivo C5-VH<\/strong>, resiste el duro ambiente marino. Su geometr\u00eda, basada en la curva catenaria, ofrece fluidez visual y accesibilidad con rampas y grader\u00edos que se convierten en miradores. A nivel paisaj\u00edstico, la intervenci\u00f3n recupera un entorno dunar con vegetaci\u00f3n aut\u00f3ctona y mobiliario local, conectando ciudad y mar con un gesto delicado y sostenible.<\/p>\n<p><strong>Valoraci\u00f3n del jurado:\u00a0<\/strong>Por la claridad, elegancia y belleza de la intervenci\u00f3n, que transforma el espacio degradado en un entorno de alta calidad, recuperando la identidad, la luz y la memoria del territorio, \u201cUna l\u00ednea sobre el Cervol\u201d, en Vinar\u00f3s merece, este a\u00f1o, el Premio H\u00e1bitat. Se trata de una propuesta sutil y evocadora. Cose el paisaje con hilo de seda y se integra en \u00e9l, creando un espacio m\u00e1gico que invita a so\u00f1ar con nuevos horizontes.<\/p>\n<ul>&#13;<\/p>\n<li><strong>Autores:\u00a0<\/strong>SBP Ingenieros + Burgos &amp; Garrido Arquitectos\u00a0\u00a0\u00a0\u00a0\u00a0\u00a0\u00a0<\/li>\n<p>&#13;<\/p>\n<li><strong>Promotores:\u00a0<\/strong>Ayuntamiento de Vinar\u00f2s<\/li>\n<p>&#13;<\/p>\n<li><strong>Localizaci\u00f3n:<\/strong>\u00a0Vinar\u00f2s, Castell\u00f3n<\/li>\n<p>&#13;<\/p>\n<li><strong>Fotograf\u00eda:<\/strong>\u00a0Roland Halbe<\/li>\n<p>&#13;\n<\/ul>\n<p>Estabilizaci\u00f3n de Cuevas Antr\u00f3picas Urbanas (Tomelloso, Ciudad Real). Premio Profesi\u00f3n<\/p>\n<p><strong>Patrimonio subterr\u00e1neo convertido en oportunidad<\/strong><\/p>\n<p><img loading=\"lazy\" decoding=\"async\" src=\"https:\/\/www.europesays.com\/es\/wp-content\/uploads\/2025\/08\/premios-arquitectura-03.webp.webp\" width=\"918\" height=\"437\" alt=\"premios arquitectura 03 cuevas\"\/><\/p>\n<p>Ante el riesgo de colapsos de las cuevas hist\u00f3ricas de Tomelloso, el equipo Aguado + Vell\u00e9s + Aperte desarroll\u00f3 un m\u00e9todo de bajo coste y replicable basado en <strong>hormig\u00f3n de cal y \u00e1ridos de proximidad<\/strong>. Destaca la creaci\u00f3n de <strong>pilares hiperboloides<\/strong> que distribuyen cargas de forma eficiente y evitan punzonamientos. El uso de morteros de cal mantiene la humedad estable y contribuye a la <strong>captura de CO\u2082<\/strong>, alineando el proyecto con principios de construcci\u00f3n sostenible. M\u00e1s all\u00e1 de la t\u00e9cnica, la intervenci\u00f3n devuelve valor cultural y seguridad a un patrimonio popular en riesgo.<\/p>\n<p><strong>Por qu\u00e9 se ha premiado:\u00a0<\/strong>Ser arquitecto implica una doble fidelidad: a la disciplina y a la belleza. La primera exige rigor, conocimiento, compromiso con la herencia, con las personas y con el oficio. La segunda, una atenci\u00f3n irrenunciable y sensible al mundo, a lo que conmueve y a lo que permanece.<\/p>\n<p>Este proyecto destaca por la elegante y acertada soluci\u00f3n estructural o el espacio conseguido, que trasciende al encontrado; y por la generosidad de los autores, que, aunando profesionalidad y sensibilidad, han aportado con su proyecto, con la arquitectura, una soluci\u00f3n que trata las cuevas de Tomelloso no como un problema, sino como una oportunidad de regeneraci\u00f3n urbana y patrimonial, aportando al bien com\u00fan un espacio seguro, bello, identitario y disponible.<\/p>\n<p><strong>Autores:\u00a0<\/strong>Aguado + Vell\u00e9s + Aperte<\/p>\n<p><strong>Promotores:\u00a0<\/strong>Ayuntamiento de Tomelloso<\/p>\n<p><strong>Localizaci\u00f3n:<\/strong>\u00a0Tomelloso, Ciudad Real<\/p>\n<p><strong>Fotograf\u00eda:<\/strong>\u00a0Javier Longobardo<\/p>\n<p>Festival CONC\u00c9NTRICO (Logro\u00f1o, La Rioja). Premio Compromiso<\/p>\n<p><strong>La ciudad como laboratorio de innovaci\u00f3n urbana<\/strong><\/p>\n<p><img loading=\"lazy\" decoding=\"async\" src=\"https:\/\/www.europesays.com\/es\/wp-content\/uploads\/2025\/08\/premios-arquitectura-04.webp.webp\" width=\"918\" height=\"437\" alt=\"premios arquitectura 04 Conc\u00e9ntrico\"\/><\/p>\n<p>Este festival, impulsado desde 2015, convierte a Logro\u00f1o en escenario de instalaciones ef\u00edmeras y participativas que replantean la forma de habitar el espacio p\u00fablico. Con cada edici\u00f3n, <strong>arquitectos, artistas y ciudadan\u00eda<\/strong> colaboran en intervenciones que reactivan plazas, solares y calles. Su reconocimiento en los Premios 2025 refuerza la idea de que la arquitectura no es solo construir edificios, sino <strong>activar procesos sociales y culturales<\/strong>. El impacto va m\u00e1s all\u00e1 del evento: deja aprendizajes exportables a otras ciudades y consolida Logro\u00f1o como referente europeo en innovaci\u00f3n urbana.<\/p>\n<p><strong>Valoraci\u00f3n del jurado:<\/strong>\u00a0Conc\u00e9ntrico convierte Logro\u00f1o en un laboratorio urbano de impacto internacional, conectando arquitectura y sociedad a trav\u00e9s de la innovaci\u00f3n en el espacio p\u00fablico y la participaci\u00f3n ciudadana. Demuestra c\u00f3mo el compromiso de la arquitectura \u2014entendido como responsabilidad y deber social\u2014 puede materializarse de m\u00faltiples formas, en instalaciones ef\u00edmeras, publicaciones, exposiciones, podcasts o cooperaci\u00f3n.<\/p>\n<p>Estas diversas v\u00edas reflejan la capacidad de la arquitectura para involucrar a distintos p\u00fablicos y generar experiencias significativas que trascienden lo meramente est\u00e9tico. As\u00ed, el festival evidencia que la arquitectura, lejos de ser una utop\u00eda, es una herramienta real para transformar la ciudad, construir comunidad y poner en valor nuestro patrimonio, activando el di\u00e1logo social y respondiendo a los retos urbanos de nuestro tiempo, record\u00e1ndonos que la ciudad existe, precisamente, para hacer posibles estos logros colectivos.<\/p>\n<p><strong>Autores:\u00a0<\/strong>Varios autores. Fundaci\u00f3n Cultural de los Arquitectos de La Rioja y Javier Pe\u00f1a Ib\u00e1\u00f1ez<\/p>\n<p><strong>Promotores:\u00a0<\/strong>Ayuntamiento de Logro\u00f1o, Gobierno de La Rioja, Garnica y Bodegas LAN<\/p>\n<p><strong>Localizaci\u00f3n:<\/strong>\u00a0Logro\u00f1o, La Rioja<\/p>\n<p><strong>Fotograf\u00eda:<\/strong>\u00a0Make it rain &#8211; Josema Cutillas<\/p>\n<p>Rehabilitaci\u00f3n de la F\u00e1brica de Tabacos y Cinema Victoria (Santa Cruz de Tenerife). Premio Rehabilitaci\u00f3n<\/p>\n<p><strong>Rescate patrimonial con visi\u00f3n contempor\u00e1nea<\/strong><\/p>\n<p><img loading=\"lazy\" decoding=\"async\" src=\"https:\/\/www.europesays.com\/es\/wp-content\/uploads\/2025\/08\/premios-arquitectura-05.webp.webp\" width=\"918\" height=\"437\" alt=\"premios arquitectura 05 f\u00e1brica\"\/><\/p>\n<p>La intervenci\u00f3n de <strong>fadg estudio<\/strong> ha devuelto la vida a dos edificios emblem\u00e1ticos abandonados durante d\u00e9cadas. Se restauraron fachadas, molduras y carpinter\u00edas con criterios de autenticidad, mientras que la estructura se reforz\u00f3 con <strong>cargaderos de gran luz<\/strong> y perfiles met\u00e1licos de alto rendimiento. El Cinema Victoria conserva su singular muro de <strong>toba volc\u00e1nica<\/strong>, incorporando nuevos elementos funcionales como una <strong>escalera de evacuaci\u00f3n transparente<\/strong> que no resta protagonismo al patrimonio. El resultado es un espacio de 2.325 m\u00b2 que combina memoria hist\u00f3rica, sostenibilidad y nuevo dinamismo urbano.<\/p>\n<p><strong>Por qu\u00e9 se ha premiado:\u00a0<\/strong>La intervenci\u00f3n refleja una apuesta clara y comprometida por la recuperaci\u00f3n de un inmueble de gran valor hist\u00f3rico y cultural en la vida de Santa Cruz de Tenerife. En el proyecto, los arquitectos no van a m\u00ednimos de protecci\u00f3n, seg\u00fan marca la ficha de catalogaci\u00f3n del inmueble, y entienden el gran significado que supone para los tinerfe\u00f1os preservar las fachadas, cubiertas, patio interior y lucernario, donde adem\u00e1s mejoran los aspectos energ\u00e9ticos en su envolvente.<\/p>\n<p>Han demostrado gran dominio en soluciones estructurales que salvan dificultades en el nuevo uso, adem\u00e1s de una gran sensibilidad en poner en valor vestigios de la antigua f\u00e1brica de tabaco y cinema Victoria cerrada durante 50 a\u00f1os. Con esta actuaci\u00f3n se ha contribuido a recuperar patrimonio arquitect\u00f3nico, pero tambi\u00e9n se recupera ciudad, con grandes aciertos en la adaptaci\u00f3n a la trama urbana peatonal.<\/p>\n<p><strong>Autores:\u00a0<\/strong>fadg estudio<\/p>\n<p><strong>Promotores:\u00a0<\/strong>ALDI Supermercados Canarias SL<\/p>\n<p><strong>Localizaci\u00f3n:<\/strong>\u00a0Santa Cruz de Tenerife<\/p>\n<p><strong>Fotograf\u00eda:<\/strong>\u00a0Flavio Dorta<\/p>\n<p>Refugio de aves y mam\u00edferos y dep\u00f3sito de agua (Kirchberg, Luxemburgo). Premio Nueva Bauhaus<\/p>\n<p><strong>Arquitectura como infraestructura ecol\u00f3gica<\/strong><\/p>\n<p><img loading=\"lazy\" decoding=\"async\" src=\"https:\/\/www.europesays.com\/es\/wp-content\/uploads\/2025\/08\/premios-arquitectura-06.webp.webp\" width=\"529\" height=\"943\" alt=\"premios arquitectura 06 refugio aves\"\/><\/p>\n<p>El equipo de <strong>Temperaturas Extremas Arquitectos<\/strong> ha creado una pieza \u00fanica que conjuga infraestructura h\u00eddrica y biodiversidad. El proyecto integra un <strong>dep\u00f3sito de 1.000 m\u00b3<\/strong> con una <strong>piel de hormig\u00f3n rugoso<\/strong> y otra de <strong>madera de alerce<\/strong> que incorpora nidos para aves y refugios para murci\u00e9lagos. La cubierta vegetal y el uso de corcho natural en el aislamiento refuerzan la estrategia de integraci\u00f3n en un bosque protegido Natura 2000. Se convierte as\u00ed en un <strong>icono de coexistencia<\/strong> entre arquitectura y naturaleza, con valor educativo y ambiental.<\/p>\n<p><strong>Por qu\u00e9 se ha premiado:\u00a0<\/strong>La obra se concibe desde la singularidad del elemento arquitect\u00f3nico velando por una adecuada convivencia, respeto e integraci\u00f3n con el medio natural. Con un dise\u00f1o contundente, que se integra en el bosque y fomenta la biodiversidad, demuestra que la arquitectura puede ser, a la vez, soporte, escultura y refugio para la vida. El proyecto garantiza aspectos tan importantes como la circularidad, empleando materiales locales y soluciones que promueven la regeneraci\u00f3n y el aprovechamiento responsable de los recursos. Se trata, en definitiva, de una propuesta original, sensible e inspiradora.<\/p>\n<p><strong>Autores:\u00a0<\/strong>Temperaturas Extremas Arquitectos (Andr\u00e9s C\u00e1novas Alcaraz, Nicol\u00e1s Maruri Gonz\u00e1lez de Mendoza, Atxu Amann Alcocer) + Adelino Magalh\u00e3es Asociados<\/p>\n<p><strong>Promotores:\u00a0<\/strong>Service Eaux, Ville de Luxembourg<\/p>\n<p><strong>Localizaci\u00f3n:<\/strong>\u00a0Kirchberg (Luxemburgo)\u00a0\u00a0\u00a0\u00a0\u00a0\u00a0\u00a0\u00a0\u00a0\u00a0\u00a0\u00a0\u00a0<\/p>\n<p><strong>Fotograf\u00eda:<\/strong>\u00a0Miguel Fern\u00e1ndez Galiano<\/p>\n<p>Palacio de Congresos de M\u00e9rida (Badajoz). Premio a la Permanencia<\/p>\n<p><strong>Arquitectura que envejece con dignidad<\/strong><\/p>\n<p><img loading=\"lazy\" decoding=\"async\" src=\"https:\/\/www.europesays.com\/es\/wp-content\/uploads\/2025\/08\/premios-arquitectura-07.webp.webp\" width=\"918\" height=\"437\" alt=\"premios arquitectura 07 Merida\"\/><\/p>\n<p>Dise\u00f1ado en 2004 por <strong>Nieto Sobejano<\/strong>, este palacio de congresos mantiene plena vigencia tras 20 a\u00f1os. Un tapiz de franjas ajardinadas y pavimentadas conduce a una gran plataforma p\u00fablica desde la que se accede a auditorios y salas, posibilitando usos simult\u00e1neos, destacando su integraci\u00f3n en la ribera del Guadiana, entre puentes hist\u00f3ricos y contempor\u00e1neos. Su <strong>Premio a la Permanencia<\/strong> es un recordatorio de que la buena arquitectura trasciende modas y se consolida como patrimonio vivo de la ciudad.<\/p>\n<p><strong>Por qu\u00e9 se ha premiado:\u00a0<\/strong>El Jurado ha valorado la excelencia arquitect\u00f3nica del Palacio de Congresos y Exposiciones de la capital extreme\u00f1a. Destaca su papel fundamental en la vida cultural y social de la ciudad, su valor emblem\u00e1tico y perdurable, su s\u00f3lido car\u00e1cter atemporal, su integraci\u00f3n en el entorno hist\u00f3rico y natural de la ciudad, con el que establece v\u00ednculos claros y respetuosos. Por todo ello, el edificio del Palacio de Congresos y Exposiciones de M\u00e9rida se ha mantenido vigente y relevante durante dos d\u00e9cadas y lo seguir\u00e1 siendo en el futuro.<\/p>\n<p><strong>Autores:\u00a0<\/strong>Nieto Sobejano Arquitectos<\/p>\n<p><strong>Promotores:\u00a0<\/strong>Consejer\u00eda de Cultura de la Junta de Extremadura<\/p>\n<p><strong>Localizaci\u00f3n:<\/strong>\u00a0M\u00e9rida (Badajoz)<\/p>\n<p><strong>Fotograf\u00eda:<\/strong>\u00a0Fernando Alda<\/p>\n<p>Kunstsilo (Kristiansand, Noruega). Premio de Arquitectura Espa\u00f1ola<\/p>\n<p><strong>De silo industrial a faro cultural europeo<\/strong><\/p>\n<p><img loading=\"lazy\" decoding=\"async\" src=\"https:\/\/www.europesays.com\/es\/wp-content\/uploads\/2025\/08\/premios-arquitectura-08.webp.webp\" width=\"918\" height=\"437\" alt=\"premios arquitectura 08 \"\/><\/p>\n<p>La transformaci\u00f3n de un silo de grano de los a\u00f1os 30 en museo por <strong>Mendoza Partida + BAX Studio + Mestres W\u00e5ge<\/strong> es un ejemplo magistral de <strong>reciclaje arquitect\u00f3nico<\/strong>. Manteniendo las celdas de hormig\u00f3n como \u201cesqueleto\u201d, el proyecto abre espacios p\u00fablicos en planta baja y a\u00f1ade un <strong>invernadero acristalado en cubierta<\/strong> como mirador cultural. Con 8.850 m\u00b2 y un presupuesto de 72 M\u20ac, el Kunstsilo aloja la mayor colecci\u00f3n de arte moderno n\u00f3rdico, a la vez que impulsa la regeneraci\u00f3n del frente mar\u00edtimo de Kristiansand. Una obra que conjuga memoria, contemporaneidad y eficiencia energ\u00e9tica.<\/p>\n<p><strong>Por qu\u00e9 se ha premiado:\u00a0<\/strong>El edificio Kunstsilo es el fruto de un ejercicio de arquitectura sumamente delicada. Ha sabido comprender el comportamiento de los vol\u00famenes de hormig\u00f3n para infundirles un alma nueva de escala catedralicia.<\/p>\n<p>Es un santuario \u00edntimo que supera la austera herencia n\u00f3rdica de su g\u00e9nesis, a trav\u00e9s de una maestr\u00eda excepcional en el manejo de la luz, el esmero exquisito en sus materiales y una noble apertura hacia la extensi\u00f3n portuaria. Da una segunda oportunidad a un edificio, respetando su pasado e incorporando el entorno en su nueva funci\u00f3n p\u00fablica y, al hacerlo, el Kunstsilo trasciende su funci\u00f3n como un faro cultural y referente mundial.<\/p>\n<p><strong>Autores:\u00a0<\/strong>MENDOZA PARTIDA + BAX STUDIO + MESTRES WAGE _ Mara Partida, H\u00e9ctor Mendoza, Boris Bezan, Mar\u00eda Mestres, Magnus Wage<\/p>\n<p><strong>Promotores:\u00a0<\/strong>Regional Art Museum for South of Norway, SKMU<\/p>\n<p><strong>Localizaci\u00f3n:<\/strong>\u00a0Kristiansand (Noruega)<\/p>\n<p><strong>Fotograf\u00eda:<\/strong>\u00a0Alan Williams<\/p>\n<p>Premio de urbanismo espa\u00f1ol.\u00a0Ex aequo\u00a0<br \/>\nEstrategia renaturalizaci\u00f3n de cauces hidrol\u00f3gicos urbanos de Santa Cruz de Tenerife<\/p>\n<p>La Estrategia de Renaturalizaci\u00f3n de los Cauces Hidrol\u00f3gicos Urbanos de Santa Cruz de Tenerife est\u00e1 alineada con los valores de la convocatoria al integrar el urbanismo en la mejora del bienestar colectivo y la sostenibilidad. Su enfoque multidisciplinar implica la coordinaci\u00f3n de actores en el dise\u00f1o, planificaci\u00f3n y gesti\u00f3n del territorio, promoviendo un trabajo colectivo responsable y riguroso. La estrategia prioriza la habitabilidad y el derecho a un entorno digno mediante la recuperaci\u00f3n de espacios p\u00fablicos y naturales, reforzando la identidad cultural y ecol\u00f3gica del paisaje urbano. Al proponer soluciones basadas en la naturaleza para la gesti\u00f3n del agua y la biodiversidad, se contribuye a la conservaci\u00f3n del planeta y al desarrollo de ciudades resilientes. La innovaci\u00f3n en la planificaci\u00f3n territorial y la integraci\u00f3n de la comunidad en el proceso refuerzan su impacto social y ambiental, en sinton\u00eda con los valores del urbanismo como herramienta de transformaci\u00f3n y equidad.<\/p>\n<ul>&#13;<\/p>\n<li><strong>Autores:\u00a0<\/strong>Rodrigo Vargas Gonz\u00e1lez<\/li>\n<p>&#13;<\/p>\n<li><strong>Promotores:\u00a0<\/strong>Ayuntamiento de Santa Cruz de Tenerife<\/li>\n<p>&#13;<\/p>\n<li><strong>Localizaci\u00f3n:<\/strong>\u00a0Santa Cruz de Tenerife<\/li>\n<p>&#13;<\/p>\n<li><strong>Fotograf\u00eda:<\/strong>\u00a0Rodrigo Vargas Gonz\u00e1lez<\/li>\n<p>&#13;\n<\/ul>\n<p>Estrategia de restauraci\u00f3n fluvial del r\u00edo manzanares en el t\u00e9rmino municipal de Madrid<\/p>\n<p>El recurso del agua, vital para nuestra sociedad, merece ser puesto en valor mediante la recomposici\u00f3n hol\u00edstica de procesos ecol\u00f3gicos, hidr\u00e1ulicos y sociales. La restauraci\u00f3n ambiental y social del r\u00edo Manzanares permitir\u00e1 recuperar la biodiversidad, mejorar la calidad del agua, reducir la fragmentaci\u00f3n del ecosistema y favorecer su resiliencia.<\/p>\n<p>Los beneficios ecosist\u00e9micos asociados, como la mejora de la calidad del aire y la regulaci\u00f3n de la temperatura reduciendo el efecto isla de calor, revertir\u00e1n positivamente en la sociedad, aportando beneficios directos a la salud. Adem\u00e1s, se promueve una mejor accesibilidad para el ocio y el deporte, fomentando el bienestar f\u00edsico y mental de la ciudadan\u00eda, fortaleciendo la conexi\u00f3n con el territorio y los parques naturales del entorno.<\/p>\n<p>La regeneraci\u00f3n fluvial es clave para el desarrollo sostenible de la ciudad de Madrid, al integrar la naturaleza en la infraestructura verde urbana para contribuir, as\u00ed, al equilibrio y a la salud de sus habitantes.<\/p>\n<ul>&#13;<\/p>\n<li><strong>Autores:\u00a0<\/strong>aldayjover arquitectura y paisaje (I\u00f1aki Alday, Margarita Jover, Jes\u00fas Arcos y Francisco Mesonero)<\/li>\n<p>&#13;<\/p>\n<li><strong>Promotores:\u00a0<\/strong>\u00c1rea de Urbanismo, Medio Ambiente y Movilidad del Ayuntamiento de Madrid<\/li>\n<p>&#13;<\/p>\n<li><strong>Localizaci\u00f3n:<\/strong>\u00a0Madrid<\/li>\n<p>&#13;<\/p>\n<li><strong>Fotograf\u00eda:<\/strong>\u00a0aldayjover arquitectura y paisaje<\/li>\n<p>&#13;\n<\/ul>\n<p><strong>Por qu\u00e9 se han premiado:\u00a0<\/strong>Considerando el alto nivel de las propuestas finalistas, el Jurado ha decidido otorgar, en esta ocasi\u00f3n, dos primeros premios que se complementan, enriqueciendo un mensaje com\u00fan que hace referencia al agua como elemento generador de vida, frente a las tr\u00e1gicas experiencias de tiempos recientes.<\/p>\n<p>Una estrategia del agua que aporta a la planificaci\u00f3n y gesti\u00f3n del territorio un elemento vertebrador que integra procesos sociales, ecol\u00f3gicos y culturales, fomentando la participaci\u00f3n comunitaria a trav\u00e9s de un enfoque multidisciplinar y propone soluciones innovadoras, basadas en la naturaleza y la biodiversidad, que contribuyen a incrementar la capacidad de resiliencia del territorio y, en definitiva, a mejorar la vida de las personas.\u00a0<\/p>\n<p>Conclusi\u00f3n<\/p>\n<p>Los <strong>Premios ARQUITECTURA 2025<\/strong> reflejan una arquitectura que se enfrenta al cambio clim\u00e1tico, recupera patrimonios olvidados, promueve la biodiversidad y activa la vida ciudadana. M\u00e1s all\u00e1 de la est\u00e9tica, estos proyectos muestran que construir hoy implica <strong>pensar en el ma\u00f1ana<\/strong>: desde la eficiencia energ\u00e9tica hasta la memoria hist\u00f3rica, pasando por la innovaci\u00f3n social y urbana.<\/p>\n<p>M\u00e1s informaci\u00f3n:\u00a0<a href=\"https:\/\/www.premiosarquitectura.org\/\" target=\"_blank\" rel=\"noopener nofollow\">hwww.premiosarquitectura.org\/<\/a><\/p>\n","protected":false},"excerpt":{"rendered":"Biblioteca de los Mil Soles (Madrid). Premio Sostenibilidad y Salud Un refugio clim\u00e1tico y cultural en Villaverde-Butarque Este&hellip;\n","protected":false},"author":2,"featured_media":74899,"comment_status":"","ping_status":"","sticky":false,"template":"","format":"standard","meta":{"footnotes":""},"categories":[173],"tags":[229,233,231,230,232,234,146,147,25,24,29224,23],"class_list":{"0":"post-74898","1":"post","2":"type-post","3":"status-publish","4":"format-standard","5":"has-post-thumbnail","7":"category-arte-y-diseno","8":"tag-arte","9":"tag-arte-y-diseno","10":"tag-arts","11":"tag-arts-and-design","12":"tag-design","13":"tag-diseno","14":"tag-entertainment","15":"tag-entretenimiento","16":"tag-es","17":"tag-espana","18":"tag-premios-arquitectura-2025","19":"tag-spain"},"share_on_mastodon":{"url":"","error":""},"_links":{"self":[{"href":"https:\/\/www.europesays.com\/es\/wp-json\/wp\/v2\/posts\/74898","targetHints":{"allow":["GET"]}}],"collection":[{"href":"https:\/\/www.europesays.com\/es\/wp-json\/wp\/v2\/posts"}],"about":[{"href":"https:\/\/www.europesays.com\/es\/wp-json\/wp\/v2\/types\/post"}],"author":[{"embeddable":true,"href":"https:\/\/www.europesays.com\/es\/wp-json\/wp\/v2\/users\/2"}],"replies":[{"embeddable":true,"href":"https:\/\/www.europesays.com\/es\/wp-json\/wp\/v2\/comments?post=74898"}],"version-history":[{"count":0,"href":"https:\/\/www.europesays.com\/es\/wp-json\/wp\/v2\/posts\/74898\/revisions"}],"wp:featuredmedia":[{"embeddable":true,"href":"https:\/\/www.europesays.com\/es\/wp-json\/wp\/v2\/media\/74899"}],"wp:attachment":[{"href":"https:\/\/www.europesays.com\/es\/wp-json\/wp\/v2\/media?parent=74898"}],"wp:term":[{"taxonomy":"category","embeddable":true,"href":"https:\/\/www.europesays.com\/es\/wp-json\/wp\/v2\/categories?post=74898"},{"taxonomy":"post_tag","embeddable":true,"href":"https:\/\/www.europesays.com\/es\/wp-json\/wp\/v2\/tags?post=74898"}],"curies":[{"name":"wp","href":"https:\/\/api.w.org\/{rel}","templated":true}]}}