{"id":749001,"date":"2026-09-05T09:44:24","date_gmt":"2026-09-05T09:44:24","guid":{"rendered":"https:\/\/www.europesays.com\/es\/749001\/"},"modified":"2026-09-05T09:44:24","modified_gmt":"2026-09-05T09:44:24","slug":"una-doble-explosion-en-un-cuartel-militar-de-bolivia-deja-al-menos-2-muertos-y-81-heridos","status":"publish","type":"post","link":"https:\/\/www.europesays.com\/es\/749001\/","title":{"rendered":"Una doble explosi\u00f3n en un cuartel militar de Bolivia deja al menos 2 muertos y 81 heridos"},"content":{"rendered":"<p><img decoding=\"async\" src=\"https:\/\/www.europesays.com\/es\/wp-content\/uploads\/2026\/09\/2c42cd50-a8d2-11f1-a291-b542ee92de7c.jpg.webp\"   alt=\"Momento de una de las explosiones en una unidad militar en Viacha, Bolivia, el 4 de septiembre de 2026, en esta captura de pantalla tomada de un video de redes sociales.\" loading=\"eager\" width=\"804\" height=\"452\" fetchpriority=\"high\" style=\"aspect-ratio:804 \/ 452\" class=\"css-1seqhu9\"\/><\/p>\n<p class=\"css-by8ykd\" role=\"text\">Fuente de la imagen, Reuters<\/p>\n<p>Pie de foto, Las explosiones ocurrieron en un cuartel en Viacha, a unos 22 km de La Paz.<strong id=\"article-byline\" aria-hidden=\"true\" class=\"css-5ku87v\">Informaci\u00f3n del art\u00edculo<\/strong><\/p>\n<p dir=\"ltr\" class=\"css-s4cjt0 eea635z0\"><b>Al menos dos personas murieron tras dos explosiones registradas en el interior de un cuartel militar en Bolivia, aunque las autoridades temen que el n\u00famero de v\u00edctimas aumente.<\/b><\/p>\n<p dir=\"ltr\" class=\"css-s4cjt0 eea635z0\">La informaci\u00f3n fue confirmada por el ministro de Defensa de Bolivia, Ernesto Justiniano, quien indic\u00f3 que otras 81 personas resultaron heridas luego de que material pirot\u00e9cnico y explosivos detonaran en el Centro General de Mantenimiento del Regimiento de Artiller\u00eda Mecanizada 2 \u00abLibertador Sim\u00f3n Bol\u00edvar\u00bb.<\/p>\n<p dir=\"ltr\" class=\"css-s4cjt0 eea635z0\">En el lugar del siniestro, ubicado en la localidad de Viacha, a unos 22 kil\u00f3metros de La Paz, se realizan entrenamientos de tiro y labores de mantenimiento y reparaci\u00f3n de armamento, seg\u00fan inform\u00f3 la prensa local.<\/p>\n<p dir=\"ltr\" class=\"css-s4cjt0 eea635z0\">Las explosiones, que desencadenaron un voraz incendio, ocurrieron alrededor de las 14:30 hora local (18:30 GMT) del viernes y dejaron adem\u00e1s siete personas desaparecidas, seg\u00fan las autoridades militares y policiales.<\/p>\n<p dir=\"ltr\" class=\"css-s4cjt0 eea635z0\">Videos difundidos por medios locales y en redes sociales mostraron el impacto de las explosiones. Las im\u00e1genes registraron da\u00f1os en puertas y ventanas de viviendas cercanas al cuartel.<\/p>\n<p dir=\"ltr\" class=\"css-s4cjt0 eea635z0\">Aunque el balance oficial se mantiene en dos fallecidos, Rita Nebraska, funcionaria del \u00e1rea de salud, afirm\u00f3 a la televisi\u00f3n local que la cifra podr\u00eda elevarse a entre 10 y 15, seg\u00fan inform\u00f3 la agencia Reuters.<\/p>\n<p dir=\"ltr\" class=\"css-s4cjt0 eea635z0\">La prensa local tambi\u00e9n report\u00f3 que, entre los heridos, al menos ocho se encuentran en estado cr\u00edtico.<\/p>\n<p dir=\"ltr\" class=\"css-s4cjt0 eea635z0\">Por su parte, Roger Roca, subcomandante general de la polic\u00eda, revel\u00f3 que decenas de viviendas resultaron da\u00f1adas por los estallidos y que los servicios de emergencia estaban buscando personas entre los escombros.<\/p>\n<p dir=\"ltr\" class=\"css-s4cjt0 eea635z0\">Aunque las investigaciones apenas han comenzado, el ministro Justiniano confirm\u00f3 que fue la segunda explosi\u00f3n, a la que calific\u00f3 de \u00abenorme\u00bb, la que caus\u00f3 la mayor parte de los da\u00f1os.<\/p>\n<p dir=\"ltr\" class=\"css-s4cjt0 eea635z0\">\u00abLa causa y el material involucrado en esta segunda explosi\u00f3n todav\u00eda est\u00e1n siendo determinados por los equipos especializados y por la investigaci\u00f3n correspondiente\u00bb, declar\u00f3 el funcionario, seg\u00fan publica el diario \u00abEl Deber\u00bb.<\/p>\n<p dir=\"ltr\" class=\"css-s4cjt0 eea635z0\">Las primeras indagaciones indican que la primera deflagraci\u00f3n habr\u00eda sido provocada por p\u00f3lvora negra.<\/p>\n<p><img decoding=\"async\" src=\"https:\/\/www.europesays.com\/es\/wp-content\/uploads\/2026\/09\/57abdfb0-a8fd-11f1-a291-b542ee92de7c.jpg.webp\"   alt=\"Un veh\u00edculo que dice: Bomberos y explosivos\" loading=\"lazy\" width=\"6048\" height=\"4024\" style=\"aspect-ratio:6048 \/ 4024\" class=\"css-1seqhu9\"\/><\/p>\n<p class=\"css-by8ykd\" role=\"text\">Fuente de la imagen, Claudia Morales\/Reuters<\/p>\n<p>Pie de foto, Las inmediaciones del cuartel Bol\u00edvar permanec\u00edan acordonadas por las fuerzas de seguridad ante el temor de nuevas explosiones.<\/p>\n<p>Sobre las v\u00edctimas<\/p>\n<p dir=\"ltr\" class=\"css-s4cjt0 eea635z0\">Las autoridades no han revelado la identidad de las v\u00edctimas. Sin embargo, confirmaron que se tratar\u00eda de militares pertenecientes al cuartel afectado, al igual que las personas reportadas como desaparecidas.<\/p>\n<p dir=\"ltr\" class=\"css-s4cjt0 eea635z0\">\u00ab(Entre) las personas desaparecidas hay conscriptos y soldados del centro de mantenimiento\u00bb, declar\u00f3 Justiniano, seg\u00fan recogi\u00f3 el diario boliviano La Raz\u00f3n.<\/p>\n<p dir=\"ltr\" class=\"css-s4cjt0 eea635z0\">Al ser consultado sobre los fallecidos, se\u00f1al\u00f3: \u00abTambi\u00e9n est\u00e1 confirmado que son miembros del personal del centro de mantenimiento\u00bb.<\/p>\n<p dir=\"ltr\" class=\"css-s4cjt0 eea635z0\">En un primer informe sobre la situaci\u00f3n, el director del Servicio Departamental de Salud (Sedes) de La Paz, Jos\u00e9 Mart\u00edn Carrasco, inform\u00f3 que entre los heridos hab\u00eda civiles, militares y polic\u00edas, quienes fueron trasladados a distintos hospitales de las ciudades de La Paz y El Alto.<\/p>\n<p dir=\"ltr\" class=\"css-s4cjt0 eea635z0\">Asimismo, decenas de vecinos fueron desalojados y trasladados a una escuela cercana, donde pasaron la noche ante el temor de nuevas explosiones. La zona permanec\u00eda bajo resguardo policial este s\u00e1bado.<\/p>\n<p dir=\"ltr\" class=\"css-s4cjt0 eea635z0\">\u00abLos vecinos que han tenido que abandonar sus viviendas est\u00e1n siendo trasladados temporalmente a la Escuela de M\u00fasica, donde estamos haciendo llegar frazadas, alimentos y todo lo necesario para atenderlos durante estas horas\u00bb, asegur\u00f3 el ministro de Defensa.<\/p>\n<p dir=\"ltr\" class=\"css-s4cjt0 eea635z0\">\u00abPor razones de seguridad, todav\u00eda no es prudente que todas las familias regresen a sus hogares\u00bb, agreg\u00f3.<\/p>\n<p dir=\"ltr\" class=\"css-s4cjt0 eea635z0\">De acuerdo con un reporte de Delapaz, la empresa que suministra energ\u00eda el\u00e9ctrica, una veintena de barrios de Viacha quedaron sin servicio el\u00e9ctrico debido al incidente.<\/p>\n<p><img decoding=\"async\" src=\"https:\/\/www.europesays.com\/es\/wp-content\/uploads\/2026\/09\/1c04d950-a900-11f1-b109-879e35c24276.jpg.webp\"   alt=\"Momento de la explosi\u00f3n del cuartel Bol\u00edvar\" loading=\"lazy\" width=\"805\" height=\"1437\" style=\"aspect-ratio:805 \/ 1437\" class=\"css-1seqhu9\"\/><\/p>\n<p class=\"css-by8ykd\" role=\"text\">Fuente de la imagen, Reuters<\/p>\n<p>Pie de foto, Las explosiones provocaron unas enormes columnas de fuego y humo visibles desde distintas partes de Viacha.<\/p>\n<p>Prometen una investigaci\u00f3n seria<\/p>\n<p dir=\"ltr\" class=\"css-s4cjt0 eea635z0\">El presidente de Bolivia, Rodrigo Paz, expres\u00f3 su \u00abm\u00e1s profunda solidaridad\u00bb con las familias de los fallecidos y los heridos.<\/p>\n<p dir=\"ltr\" class=\"css-s4cjt0 eea635z0\">Asimismo, el mandatario prometi\u00f3 la que averiguaci\u00f3n que orden\u00f3 que se regir\u00e1 por la \u00abseriedad, transparencia y responsabilidad\u00bb.<\/p>\n<p dir=\"ltr\" class=\"css-s4cjt0 eea635z0\">\u00abHe instruido, adem\u00e1s, que se realice una investigaci\u00f3n minuciosa, t\u00e9cnica y transparente sobre lo sucedido\u00bb, escribi\u00f3 en X (antigua Twitter). <\/p>\n<p dir=\"ltr\" class=\"css-s4cjt0 eea635z0\">\u00abDebemos establecer con absoluta claridad las causas de este hecho, verificar el cumplimiento de los protocolos de seguridad y determinar las responsabilidades que correspondan\u00bb, afirm\u00f3.<\/p>\n<p dir=\"ltr\" class=\"css-s4cjt0 eea635z0\">Por su parte, las autoridades de Viacha han declarado tres d\u00edas de luto.<\/p>\n<p dir=\"ltr\" class=\"css-s4cjt0 eea635z0\">\u00abAnte los lamentables hechos sucedidos en el municipio de Viacha y en solidaridad con las familias afectadas y dolientes, el Gobierno Aut\u00f3nomo Municipal de Viacha declara tres d\u00edas de duelo\u00bb, se\u00f1ala el comunicado.<\/p>\n<p dir=\"ltr\" class=\"css-s4cjt0 eea635z0\">*con informaci\u00f3n de Danny Aeberhard y Toby Mann<\/p>\n<p><img decoding=\"async\" src=\"https:\/\/www.europesays.com\/es\/wp-content\/uploads\/2026\/09\/17778800-a90b-11f1-b109-879e35c24276.jpg.webp\"   alt=\"El ministro de la Defensa de Bolivia, Ernesto Justiniano junto a unos militares en junio de 2025.\" loading=\"lazy\" width=\"1024\" height=\"683\" style=\"aspect-ratio:1024 \/ 683\" class=\"css-1seqhu9\"\/><\/p>\n<p class=\"css-by8ykd\" role=\"text\">Fuente de la imagen, Jorge Mateo Romay Salinas\/Anadolu via Getty Images<\/p>\n<p>Pie de foto, El ministro Justiniano admiti\u00f3 que los fallecidos y los desaparecidos son uniformados.<\/p>\n","protected":false},"excerpt":{"rendered":"Fuente de la imagen, Reuters Pie de foto, Las explosiones ocurrieron en un cuartel en Viacha, a unos&hellip;\n","protected":false},"author":2,"featured_media":749002,"comment_status":"","ping_status":"","sticky":false,"template":"","format":"standard","meta":{"footnotes":""},"categories":[42],"tags":[17,18,13,14,11,61,62,63,64,19,20,9,10,15,16,12,21,22,65,66,67],"class_list":["post-749001","post","type-post","status-publish","format-standard","has-post-thumbnail","category-internacional","tag-breaking-news","tag-breakingnews","tag-featured-news","tag-featurednews","tag-headlines","tag-internacional","tag-international","tag-international-news","tag-internationalnews","tag-latest-news","tag-latestnews","tag-news","tag-noticias","tag-noticias-destacadas","tag-noticiasdestacadas","tag-titulares","tag-ultimas-noticias","tag-ultimasnoticias","tag-world","tag-world-news","tag-worldnews"],"share_on_mastodon":{"url":"https:\/\/pubeurope.com\/@es\/117217793314038350","error":""},"_links":{"self":[{"href":"https:\/\/www.europesays.com\/es\/wp-json\/wp\/v2\/posts\/749001","targetHints":{"allow":["GET"]}}],"collection":[{"href":"https:\/\/www.europesays.com\/es\/wp-json\/wp\/v2\/posts"}],"about":[{"href":"https:\/\/www.europesays.com\/es\/wp-json\/wp\/v2\/types\/post"}],"author":[{"embeddable":true,"href":"https:\/\/www.europesays.com\/es\/wp-json\/wp\/v2\/users\/2"}],"replies":[{"embeddable":true,"href":"https:\/\/www.europesays.com\/es\/wp-json\/wp\/v2\/comments?post=749001"}],"version-history":[{"count":0,"href":"https:\/\/www.europesays.com\/es\/wp-json\/wp\/v2\/posts\/749001\/revisions"}],"wp:featuredmedia":[{"embeddable":true,"href":"https:\/\/www.europesays.com\/es\/wp-json\/wp\/v2\/media\/749002"}],"wp:attachment":[{"href":"https:\/\/www.europesays.com\/es\/wp-json\/wp\/v2\/media?parent=749001"}],"wp:term":[{"taxonomy":"category","embeddable":true,"href":"https:\/\/www.europesays.com\/es\/wp-json\/wp\/v2\/categories?post=749001"},{"taxonomy":"post_tag","embeddable":true,"href":"https:\/\/www.europesays.com\/es\/wp-json\/wp\/v2\/tags?post=749001"}],"curies":[{"name":"wp","href":"https:\/\/api.w.org\/{rel}","templated":true}]}}