{"id":749003,"date":"2026-09-05T09:45:17","date_gmt":"2026-09-05T09:45:17","guid":{"rendered":"https:\/\/www.europesays.com\/es\/749003\/"},"modified":"2026-09-05T09:45:17","modified_gmt":"2026-09-05T09:45:17","slug":"el-gobierno-manda-un-buque-a-ceuta-con-colchones-para-montar-nuevos-campamentos","status":"publish","type":"post","link":"https:\/\/www.europesays.com\/es\/749003\/","title":{"rendered":"El Gobierno manda un buque a Ceuta con colchones para montar nuevos campamentos"},"content":{"rendered":"<p id=\"h-\">As\u00ed es como el Gobierno pretende paliar la <a href=\"https:\/\/theobjective.com\/espana\/2026-08-30\/guardias-civiles-asalto-ceuta\/\" type=\"link\" id=\"https:\/\/theobjective.com\/espana\/2026-08-30\/guardias-civiles-asalto-ceuta\/\" rel=\"nofollow noopener\" target=\"_blank\">crisis que vive Ceuta<\/a>. <strong>En lugar de reforzar con m\u00e1s agentes de la Polic\u00eda Nacional los dispositivos destinados a agilizar la tramitaci\u00f3n de los expedientes de devoluci\u00f3n, el Ejecutivo ha movilizado de nuevo medios de la Armada para trasladar material log\u00edstico a la ciudad aut\u00f3noma<\/strong>. En esta ocasi\u00f3n, el buque Carnota ha llegado a Ceuta con un cargamento de colchones y estructuras met\u00e1licas destinadas a habilitar nuevos espacios de alojamiento. Las im\u00e1genes a las que ha tenido acceso <a href=\"https:\/\/theobjective.com\/\" type=\"link\" id=\"https:\/\/theobjective.com\/\" rel=\"nofollow noopener\" target=\"_blank\">THE OBJECTIVE<\/a> muestran la descarga del material durante la ma\u00f1ana de este viernes, 4 de septiembre, en el puerto de Ceuta.<\/p>\n<p id=\"h-\">Los militares procedieron a desembarcar 166 pal\u00e9s, que contienen colchones y estructuras de camas met\u00e1licas para equipar los nuevos espacios de acogida que se est\u00e1n habilitando en la ciudad. <strong>El movimiento supone un nuevo despliegue log\u00edstico del Gobierno en apenas unos d\u00edas y vuelve a poner el foco sobre la respuesta del Ejecutivo ante la presi\u00f3n migratoria que soporta Ceuta<\/strong>. La llegada del material se produce mientras contin\u00faan los trabajos para habilitar espacios en los que alojar a las personas inmigrantes que permanecen en la ciudad aut\u00f3noma.<\/p>\n<p id=\"h-\">El protagonista de este segundo env\u00edo es el <strong>buque multiprop\u00f3sito Carnota (A-61)<\/strong>, una unidad de la Armada integrada en la Fuerza de Acci\u00f3n Mar\u00edtima. Se trata de una embarcaci\u00f3n especialmente concebida para desempe\u00f1ar diferentes misiones, entre ellas el transporte de personal y material y otras tareas log\u00edsticas. Fue construida en 2014 en los astilleros Zamakona, en Pasajes, y originalmente oper\u00f3 bajo el nombre Ocean Osprey para una compa\u00f1\u00eda noruega vinculada al sector de apoyo a plataformas mar\u00edtimas. Espa\u00f1a adquiri\u00f3 posteriormente el buque y, tras su adaptaci\u00f3n a los est\u00e1ndares militares, pas\u00f3 a formar parte de la Armada en noviembre de 2023.<\/p>\n<p id=\"h-\">El Carnota tiene <strong>66,8 metros de eslora, 16 metros de manga y un desplazamiento de hasta 2.284 toneladas a plena carga<\/strong>. Su dise\u00f1o le permite asumir misiones de remolque, vigilancia mar\u00edtima y transporte log\u00edstico. La propia Armada destaca su capacidad para trasladar personal y material hacia las ciudades aut\u00f3nomas y otros territorios espa\u00f1oles del norte de \u00c1frica.<\/p>\n<p>Material para prolongar la situaci\u00f3n<\/p>\n<p id=\"h-\">La operaci\u00f3n de este viernes no es, sin embargo, la primera que se produce en plena crisis migratoria de Ceuta. El Gobierno ya hab\u00eda movilizado a finales de agosto otro buque de la Armada, el Tornado, que lleg\u00f3 a la ciudad con <strong>82 pal\u00e9s de material de acampada<\/strong>, incluyendo tiendas, carpas y literas modulares. La llegada de aquel cargamento fue desvelada por Okdiario y se produjo el 27 de agosto, despu\u00e9s de que el buque partiese de Las Palmas. <\/p>\n<p id=\"h-\">Ahora, apenas unos d\u00edas despu\u00e9s, se repite la operaci\u00f3n con un cargamento todav\u00eda mayor. Los <strong>166 pal\u00e9s del Carnota<\/strong> se suman a los 82 trasladados anteriormente por el Tornado, elevando a <strong>248 pal\u00e9s<\/strong> el volumen de material movilizado en estos dos env\u00edos. Se trata, por tanto, de una nueva inyecci\u00f3n de equipamiento destinado a ampliar la capacidad de alojamiento disponible en la ciudad.<\/p>\n<p id=\"h-\">La dimensi\u00f3n del despliegue contrasta con una de las principales reclamaciones que se vienen planteando desde Ceuta: <a href=\"https:\/\/theobjective.com\/espana\/2026-08-28\/documento-interno-policia-ceuta-noviembre\/\" type=\"link\" id=\"https:\/\/theobjective.com\/espana\/2026-08-28\/documento-interno-policia-ceuta-noviembre\/\" rel=\"nofollow noopener\" target=\"_blank\">la necesidad de acelerar la gesti\u00f3n de los expedientes de devoluci\u00f3n de los inmigrantes en situaci\u00f3n irregular<\/a>. Mientras se habilitan nuevos espacios y se trasladan colchones, camas y material de acampada, la presi\u00f3n sobre los servicios de acogida contin\u00faa obligando a las administraciones a buscar nuevas instalaciones.<\/p>\n<p id=\"h-\">Desde el Gobierno se ha defendido precisamente la necesidad de ampliar la capacidad de atenci\u00f3n ante la situaci\u00f3n generada en la ciudad. En la referencia del Consejo de Ministros del 1 de septiembre, el Ejecutivo se\u00f1al\u00f3 que el Ministerio de Defensa hab\u00eda puesto a disposici\u00f3n <strong>nuevos espacios e infraestructuras para la atenci\u00f3n de personas inmigrantes<\/strong> y que se hab\u00edan trasladado a Ceuta literas, carpas y otras infraestructuras. Tambi\u00e9n anunci\u00f3 el uso de albergues y espacios utilizados por las Fuerzas Armadas.<\/p>\n<p>Con el Tornado y ahora el Carnota, el Gobierno ha movilizado en poco m\u00e1s de una semana <strong>248 pal\u00e9s de material<\/strong> para ampliar la infraestructura de alojamiento. El primer env\u00edo estuvo compuesto principalmente por material de acampada y literas modulares; el segundo incorpora colchones y estructuras met\u00e1licas de cama. El mensaje que trasladan estos movimientos es claro: el Ejecutivo est\u00e1 ampliando la infraestructura disponible para hacer frente a una situaci\u00f3n que, lejos de resolverse en cuesti\u00f3n de d\u00edas, requiere cada vez m\u00e1s recursos log\u00edsticos.<\/p>\n<p>Y es que la ministra de <a href=\"https:\/\/theobjective.com\/espana\/politica\/2026-08-25\/robles-disculpa-ceuta-abandonados\/\" type=\"link\" id=\"https:\/\/theobjective.com\/espana\/politica\/2026-08-25\/robles-disculpa-ceuta-abandonados\/\" rel=\"nofollow noopener\" target=\"_blank\">Defensa, Margarita Robles, ha mostrado p\u00fablicamente su preocupaci\u00f3n por la situaci\u00f3n que atraviesa Ceuta y ha trasladado su empat\u00eda hacia los ceut\u00edes<\/a>, conscientes de la presi\u00f3n que soporta la ciudad aut\u00f3noma. Sin embargo, el despliegue de medios que est\u00e1 realizando su departamento plantea una pregunta evidente: <strong>\u00bfcu\u00e1nto tiempo va a durar esta situaci\u00f3n?<\/strong> Porque los movimientos del Gobierno no parecen responder ya \u00fanicamente a una emergencia puntual. Al contrario, la sucesi\u00f3n de env\u00edos de material apunta a que el Ejecutivo est\u00e1 preparando a Ceuta para afrontar una situaci\u00f3n que se prolonga en el tiempo.<\/p>\n","protected":false},"excerpt":{"rendered":"As\u00ed es como el Gobierno pretende paliar la crisis que vive Ceuta. En lugar de reforzar con m\u00e1s&hellip;\n","protected":false},"author":2,"featured_media":749004,"comment_status":"","ping_status":"","sticky":false,"template":"","format":"standard","meta":{"footnotes":""},"categories":[8],"tags":[17,18,1616,25,24,13,14,14341,2589,248,11,19,20,7835,14340,9,10,15,16,1699,23,12,21,22],"class_list":["post-749003","post","type-post","status-publish","format-standard","has-post-thumbnail","category-espana","tag-breaking-news","tag-breakingnews","tag-defensa","tag-es","tag-espana","tag-featured-news","tag-featurednews","tag-fernando-grande-marlaska","tag-fuerzas-armadas","tag-gobierno-de-espana","tag-headlines","tag-latest-news","tag-latestnews","tag-margarita-robles","tag-ministerio-del-interior","tag-news","tag-noticias","tag-noticias-destacadas","tag-noticiasdestacadas","tag-psoe","tag-spain","tag-titulares","tag-ultimas-noticias","tag-ultimasnoticias"],"share_on_mastodon":{"url":"https:\/\/pubeurope.com\/@es\/117217796563117625","error":""},"_links":{"self":[{"href":"https:\/\/www.europesays.com\/es\/wp-json\/wp\/v2\/posts\/749003","targetHints":{"allow":["GET"]}}],"collection":[{"href":"https:\/\/www.europesays.com\/es\/wp-json\/wp\/v2\/posts"}],"about":[{"href":"https:\/\/www.europesays.com\/es\/wp-json\/wp\/v2\/types\/post"}],"author":[{"embeddable":true,"href":"https:\/\/www.europesays.com\/es\/wp-json\/wp\/v2\/users\/2"}],"replies":[{"embeddable":true,"href":"https:\/\/www.europesays.com\/es\/wp-json\/wp\/v2\/comments?post=749003"}],"version-history":[{"count":0,"href":"https:\/\/www.europesays.com\/es\/wp-json\/wp\/v2\/posts\/749003\/revisions"}],"wp:featuredmedia":[{"embeddable":true,"href":"https:\/\/www.europesays.com\/es\/wp-json\/wp\/v2\/media\/749004"}],"wp:attachment":[{"href":"https:\/\/www.europesays.com\/es\/wp-json\/wp\/v2\/media?parent=749003"}],"wp:term":[{"taxonomy":"category","embeddable":true,"href":"https:\/\/www.europesays.com\/es\/wp-json\/wp\/v2\/categories?post=749003"},{"taxonomy":"post_tag","embeddable":true,"href":"https:\/\/www.europesays.com\/es\/wp-json\/wp\/v2\/tags?post=749003"}],"curies":[{"name":"wp","href":"https:\/\/api.w.org\/{rel}","templated":true}]}}