{"id":749011,"date":"2026-09-05T09:55:12","date_gmt":"2026-09-05T09:55:12","guid":{"rendered":"https:\/\/www.europesays.com\/es\/749011\/"},"modified":"2026-09-05T09:55:12","modified_gmt":"2026-09-05T09:55:12","slug":"lamine-yamal-baja-en-el-ultimo-entrenamiento-del-barca","status":"publish","type":"post","link":"https:\/\/www.europesays.com\/es\/749011\/","title":{"rendered":"\u00a1Lamine Yamal, baja en el \u00faltimo entrenamiento del Bar\u00e7a!"},"content":{"rendered":"<p class=\"ft-text\">Salto de alarma en el Bar\u00e7a a las puertas de la visita a Mestalla. <strong>Lamine Yamal no ha participado en el \u00faltimo entrenamiento del conjunto blaugrana antes del partido ante el Valencia<\/strong>, correspondiente a la cuarta jornada de LaLiga, una ausencia inesperada que pone en duda su disponibilidad para el encuentro de este domingo en la capital del Turia. <\/p>\n<p class=\"ft-text\">No obstante, <strong>SPORT puede confirmar que el jugador se encuentra en las instalaciones de la Ciutat Esportiva<\/strong>, donde el &#8217;10&#8217; del Bar\u00e7a se ejercita de forma individual en el gimnasio.<\/p>\n<p class=\"ft-text\">El extremo hab\u00eda sido uno de los <strong>protagonistas del buen arranque del equipo de Hansi Flick, que llega a la cita con un pleno de nueve puntos despu\u00e9s de imponerse al Elche, Athletic Club<\/strong> y <strong>Rayo Vallecano <\/strong>en las tres primeras jornadas. El t\u00e9cnico alem\u00e1n ser\u00e1 el encargado de dar explicaciones en la rueda de prensa previa sobre la ausencia del canterano,<a class=\"ft-link ft-link--decoration\" href=\"https:\/\/www.sport.es\/es\/noticias\/barca\/revolucion-capitania-barca-133976004\" rel=\"nofollow noopener\" target=\"_blank\"> que esta ma\u00f1ana se ha confirmado como uno de los nuevos capitanes del equipo tras la votaci\u00f3n del vestuario.<\/a><\/p>\n<p class=\"ft-text\">El <strong>Bar\u00e7a tiene previsto viajar este s\u00e1bado por la tarde a Valencia para quedar concentrado de cara al encuentro de Mestalla<\/strong>. Flick deber\u00e1 valorar el estado del futbolista antes de decidir si puede contar con \u00e9l para una convocatoria en la que el equipo blaugrana buscar\u00e1 mantener su pleno y aprovechar el tropiezo del Real Madrid para colocarse como l\u00edder en solitario.<\/p>\n<p>Gavi y Gabriel Jesus, disponibles<\/p>\n<p class=\"ft-text\">La nota positiva de la sesi\u00f3n matinal han sido <strong>Gavi y Gabriel Jesus, que se han ejercitado con el grupo<\/strong> y apuntan a ser las dos novedades positivas del partido de ma\u00f1ana. El centrocampista se perdi\u00f3 los dos \u00faltimos encuentros por el golpe en la rodilla sufrido en el debut liguero ante el Elche, mientras que el delantero brasile\u00f1o entrar\u00e1 en la primera lista con sus nuevos compa\u00f1eros tras entrenarse con el grupo desde el jueves.<\/p>\n<p class=\"ft-text\">M\u00e1s all\u00e1 de Lamine, dos nombres en el apartado de ausencias. <strong>Iu Mart\u00ednez<\/strong>, que hab\u00eda trabajado con el primer equipo en los dos \u00faltimos entrenamientos, ya no se ha ejercitado a las \u00f3rdenes de Flick; ni <strong>Bisiwu<\/strong>, que arrastra las molestias derivadas del fuerte golpe que sufri\u00f3 en el tobillo durante la final de la Copa Catalunya. Recordamos que Frenkie de Jong y Roony Bardghji siguen recuper\u00e1ndose de sus respectivas lesiones de rodilla de larga duraci\u00f3n.<\/p>\n<p class=\"ft-text\">La <strong>evoluci\u00f3n del &#8217;10&#8217; durante las pr\u00f3ximas horas ser\u00e1, por tanto, determinante para conocer si finalmente puede estar en Valencia.<\/strong> El partido est\u00e1 programado para este domingo a las 16.15 horas y supondr\u00e1 el segundo desplazamiento del Bar\u00e7a despu\u00e9s de un inicio de campeonato perfecto.<\/p>\n","protected":false},"excerpt":{"rendered":"Salto de alarma en el Bar\u00e7a a las puertas de la visita a Mestalla. Lamine Yamal no ha&hellip;\n","protected":false},"author":2,"featured_media":749012,"comment_status":"","ping_status":"","sticky":false,"template":"","format":"standard","meta":{"footnotes":""},"categories":[268],"tags":[6814,168,8346,25,24,280,282,11680,8138,281,23,167,3667,14780],"class_list":["post-749011","post","type-post","status-publish","format-standard","has-post-thumbnail","category-futbol","tag-baja","tag-deportes","tag-entrenamiento","tag-es","tag-espana","tag-football","tag-futbol","tag-lamine","tag-lamine-yamal","tag-soccer","tag-spain","tag-sports","tag-ultimo","tag-yamal"],"share_on_mastodon":{"url":"https:\/\/pubeurope.com\/@es\/117217835622619167","error":""},"_links":{"self":[{"href":"https:\/\/www.europesays.com\/es\/wp-json\/wp\/v2\/posts\/749011","targetHints":{"allow":["GET"]}}],"collection":[{"href":"https:\/\/www.europesays.com\/es\/wp-json\/wp\/v2\/posts"}],"about":[{"href":"https:\/\/www.europesays.com\/es\/wp-json\/wp\/v2\/types\/post"}],"author":[{"embeddable":true,"href":"https:\/\/www.europesays.com\/es\/wp-json\/wp\/v2\/users\/2"}],"replies":[{"embeddable":true,"href":"https:\/\/www.europesays.com\/es\/wp-json\/wp\/v2\/comments?post=749011"}],"version-history":[{"count":0,"href":"https:\/\/www.europesays.com\/es\/wp-json\/wp\/v2\/posts\/749011\/revisions"}],"wp:featuredmedia":[{"embeddable":true,"href":"https:\/\/www.europesays.com\/es\/wp-json\/wp\/v2\/media\/749012"}],"wp:attachment":[{"href":"https:\/\/www.europesays.com\/es\/wp-json\/wp\/v2\/media?parent=749011"}],"wp:term":[{"taxonomy":"category","embeddable":true,"href":"https:\/\/www.europesays.com\/es\/wp-json\/wp\/v2\/categories?post=749011"},{"taxonomy":"post_tag","embeddable":true,"href":"https:\/\/www.europesays.com\/es\/wp-json\/wp\/v2\/tags?post=749011"}],"curies":[{"name":"wp","href":"https:\/\/api.w.org\/{rel}","templated":true}]}}