{"id":749013,"date":"2026-09-05T09:56:14","date_gmt":"2026-09-05T09:56:14","guid":{"rendered":"https:\/\/www.europesays.com\/es\/749013\/"},"modified":"2026-09-05T09:56:14","modified_gmt":"2026-09-05T09:56:14","slug":"nuevo-capitulo-para-alejandra-rubio-y-carlo-costanzia-el-reto-en-pareja-de-ser-padres-de-dos","status":"publish","type":"post","link":"https:\/\/www.europesays.com\/es\/749013\/","title":{"rendered":"Nuevo cap\u00edtulo para Alejandra Rubio y Carlo Costanzia: el reto en pareja de ser padres de dos"},"content":{"rendered":"<p class=\"c-paragraph\"><b\/>El comienzo de &#8216;curso&#8217; para <a href=\"https:\/\/www.20minutos.es\/tags\/personas\/alejandra-rubio.html\" target=\"_blank\" rel=\"nofollow noopener\">Alejandra Rubio<\/a> y <a href=\"https:\/\/www.20minutos.es\/tags\/personas\/carlo-costanzia.html\" target=\"_blank\" rel=\"nofollow noopener\">Carlo Costanzia<\/a> est\u00e1 siendo inolvidable. El 30 de agosto <b>ampliaron su familia de tres <\/b>con la llegada de su segunda hija. La peque\u00f1a, a quien <a href=\"https:\/\/www.20minutos.es\/gente\/alejandra-rubio-publica-primera-imagen-su-hija-recien-nacida-revela-su-nombre-un-guino-su-abuela-maria-teresa-campos_7031006_0.html\" target=\"_blank\" rel=\"nofollow noopener\">han llamado Tessa<\/a>, apenas tiene unos <a href=\"https:\/\/www.20minutos.es\/gente\/alejandra-rubio-reaparece-redes-tras-dar-luz-su-segunda-hija-muestra-su-recuperacion-desde-hospital_7032023_0.html\" target=\"_blank\" rel=\"nofollow noopener\">d\u00edas de vida<\/a>, pero habr\u00eda sido toda <b>una revoluci\u00f3n para sus padres y hermano mayor<\/b>. Un nuevo miembro hace que las din\u00e1micas familiares se tengan que reajustar y <b>la relaci\u00f3n de los adultos, adaptarse<\/b>.<\/p>\n<p class=\"c-paragraph\">Cada embarazo y <b>cada experiencia dentro de la crianza, es un mundo<\/b>. La propia hija de <a href=\"https:\/\/www.20minutos.es\/tags\/personas\/terelu-campos.html\" target=\"_blank\" rel=\"nofollow noopener\">Terelu Campos<\/a> lo confirmaba en sus redes sociales mostrando todo lo que hab\u00eda comprado para la llegada de su peque\u00f1a diciendo que, en aquella ocasi\u00f3n, <b>le hab\u00eda dado fuerte el s\u00edndrome del nido<\/b> y le hab\u00eda llevado reorganizar su hogar. Un ejemplo de c\u00f3mo, aunque fueron padres en diciembre de 2024, la nueva llegada siempre supone <b>un desaf\u00edo diferente.<\/b><\/p>\n<p class=\"c-paragraph\">Volviendo a hace dos a\u00f1os, cuando recibieron la noticia del embarazo, lo m\u00e1s exigente para la pareja era <b>el reto de convertirse en padres<\/b> con <a href=\"https:\/\/www.20minutos.es\/noticia\/5532341\/0\/alejandra-rubio-carlo-costanzia-padres-relacion\/\" target=\"_blank\" rel=\"nofollow noopener\">pocos meses de relaci\u00f3n<\/a> a sus espaldas. En un momento donde todav\u00eda se est\u00e1 en la parte m\u00e1s relajada y sin responsabilidades, centrada en conocer a la otra persona, <b>el nacimiento de Carlo Costanzia Rubio<\/b>\u00a0supuso enfrentarse a situaciones que llegan, convencionalmente, m\u00e1s adelante.<\/p>\n<p class=\"c-paragraph\">Por eso ahora, con el cambio de escenario, Alejandra y Carlo tendr\u00e1n que aprender c\u00f3mo <b>gestionar la rutina con este nuevo miembro<\/b> y atendiendo las necesidades de su hijo mayor, quien tiene una edad donde la atenci\u00f3n sigue siendo vital. Para el hijo de Mar Flores, que haya varios ni\u00f1os en casa es una situaci\u00f3n con la que est\u00e1 familiarizado. En una entrevista a la revista \u00a1Hola!,\u00a0habl\u00f3 de su experiencia al respecto: \u00ab<b>He vivido el nacimiento de siete hermanos peque\u00f1os<\/b>, tres de mi padre y cuatro de mi madre. Entonces, s\u00e9 lo que es la llegada de un ni\u00f1o desde bien peque\u00f1o\u00bb.<\/p>\n<p class=\"c-paragraph\">Con Tessa ya no se trata de descubrir juntos qu\u00e9 significa ser padres, sino de aprender c\u00f3mo atender las necesidades de <b>dos peque\u00f1os de edades diferentes<\/b> mientras acompa\u00f1an a Carlo en su adaptaci\u00f3n al papel como hermano mayor. Un reto que, aunque les resulte conocido, vuelve a poner a prueba su <b>capacidad de organizaci\u00f3n<\/b>, los tiempos y su propia relaci\u00f3n, que tendr\u00e1 que encontrar un equilibrio para dar <b>espacio a cada uno de sus hijos.<\/b><\/p>\n<p>\u00bfC\u00f3mo se conocieron?<\/p>\n<p class=\"c-paragraph\">Como muchas de las relaciones contempor\u00e1neas, la suya fue <b>una historia de amor que dio comienzo en las redes sociales<\/b>. En febrero de 2024, Carlo empez\u00f3 a escribir a la colaboradora televisiva y, poco a poco, la qu\u00edmica entre ellos pas\u00f3 al terreno offline. Aquellas conversaciones, v\u00eda <b>mensaje privado<\/b>, se convirtieron en <b>una cita en persona<\/b> y confirmaron la atracci\u00f3n que sent\u00edan.<\/p>\n<p class=\"c-paragraph\">Por lo general, es importante en esa etapa inicial, poder vivir la experiencia en la intimidad para <b>conocerse sin presi\u00f3n externa.<\/b> Pero los paparazzi les captaron en sus primeros encuentros y al poco, <b>su historia de amor estaba en todos los medios<\/b>. De hecho, incluso <a href=\"https:\/\/www.20minutos.es\/noticia\/5218322\/0\/alejandra-rubio-carlo-costanzia-pillados-juntos-besandose-5218322\/\" rel=\"nofollow noopener\" target=\"_blank\">su primer beso<\/a> apareci\u00f3 en portadas de revistas, una <b>exposici\u00f3n medi\u00e1tica <\/b>a la que ya estar\u00edan acostumbrados.<\/p>\n<p class=\"c-paragraph\">Pero la mayor sorpresa fue cuando <b>el 19 de junio salt\u00f3 la noticia del temprano embarazo<\/b>, a los pocos meses de empezar a salir. Algo que solo consolid\u00f3 su romance, puesto que ese verano aparecieron en diferentes destinos y, al volver a Madrid, <b>empezaron a vivir juntos<\/b>. As\u00ed, Carlo naci\u00f3 el 6 de diciembre y la colaboradora televisiva y <a href=\"https:\/\/www.20minutos.es\/television\/carlo-costanzia-hijo-mar-flores-stripper-toy-boy-abierto-vision-sexual-2892556\/\" rel=\"nofollow noopener\" target=\"_blank\">el actor de Toy Boy<\/a> se convirtieron en <b>padres cuando cumpl\u00edan unos diez meses de relaci\u00f3n.<\/b><\/p>\n<p class=\"c-paragraph\">Si bien su 2025 ha estado centrado en la crianza -salpicado por alguna que otra pol\u00e9mica familiar-, no ocultaron <b>su deseo de volver a tener otro hijo <\/b>m\u00e1s adelante. Un deseo que no tard\u00f3 en verse cumplido, este febrero <b>cumplieron dos a\u00f1os de relaci\u00f3n <\/b>como padres y, al mes siguiente, anunciaron el segundo embarazo de Alejandra Rubio.<\/p>\n","protected":false},"excerpt":{"rendered":"El comienzo de &#8216;curso&#8217; para Alejandra Rubio y Carlo Costanzia est\u00e1 siendo inolvidable. El 30 de agosto ampliaron&hellip;\n","protected":false},"author":2,"featured_media":749014,"comment_status":"","ping_status":"","sticky":false,"template":"","format":"standard","meta":{"footnotes":""},"categories":[174],"tags":[7934,10515,255,146,147,25,24,256,524,2078,14346,23],"class_list":["post-749013","post","type-post","status-publish","format-standard","has-post-thumbnail","category-famosos","tag-alejandra","tag-capitulo","tag-celebrities","tag-entertainment","tag-entretenimiento","tag-es","tag-espana","tag-famosos","tag-nuevo","tag-para","tag-rubio","tag-spain"],"share_on_mastodon":{"url":"https:\/\/pubeurope.com\/@es\/117217839448931838","error":""},"_links":{"self":[{"href":"https:\/\/www.europesays.com\/es\/wp-json\/wp\/v2\/posts\/749013","targetHints":{"allow":["GET"]}}],"collection":[{"href":"https:\/\/www.europesays.com\/es\/wp-json\/wp\/v2\/posts"}],"about":[{"href":"https:\/\/www.europesays.com\/es\/wp-json\/wp\/v2\/types\/post"}],"author":[{"embeddable":true,"href":"https:\/\/www.europesays.com\/es\/wp-json\/wp\/v2\/users\/2"}],"replies":[{"embeddable":true,"href":"https:\/\/www.europesays.com\/es\/wp-json\/wp\/v2\/comments?post=749013"}],"version-history":[{"count":0,"href":"https:\/\/www.europesays.com\/es\/wp-json\/wp\/v2\/posts\/749013\/revisions"}],"wp:featuredmedia":[{"embeddable":true,"href":"https:\/\/www.europesays.com\/es\/wp-json\/wp\/v2\/media\/749014"}],"wp:attachment":[{"href":"https:\/\/www.europesays.com\/es\/wp-json\/wp\/v2\/media?parent=749013"}],"wp:term":[{"taxonomy":"category","embeddable":true,"href":"https:\/\/www.europesays.com\/es\/wp-json\/wp\/v2\/categories?post=749013"},{"taxonomy":"post_tag","embeddable":true,"href":"https:\/\/www.europesays.com\/es\/wp-json\/wp\/v2\/tags?post=749013"}],"curies":[{"name":"wp","href":"https:\/\/api.w.org\/{rel}","templated":true}]}}