{"id":749015,"date":"2026-09-05T09:57:09","date_gmt":"2026-09-05T09:57:09","guid":{"rendered":"https:\/\/www.europesays.com\/es\/749015\/"},"modified":"2026-09-05T09:57:09","modified_gmt":"2026-09-05T09:57:09","slug":"el-prado-abre-este-sabado-por-la-noche-gratis-todo-lo-que-se-podra-contemplar","status":"publish","type":"post","link":"https:\/\/www.europesays.com\/es\/749015\/","title":{"rendered":"El Prado abre este s\u00e1bado por la noche gratis: todo lo que se podr\u00e1 contemplar"},"content":{"rendered":"<p>El Museo Nacional del Prado abrir\u00e1 este s\u00e1bado por la noche y con entrada gratuita las exposiciones temporales &#8216;A la manera de Italia. Espa\u00f1a y el g\u00f3tico mediterr\u00e1neo (1320-1420)&#8217; y &#8216;Prado. Siglo XXI&#8217;, que se clausurar\u00e1n el 20 y el 27 de septiembre, respectivamente.<\/p>\n<p>La pinacoteca abrir\u00e1 sus puertas de 20.30 a 23.30 horas, con \u00faltimo acceso a las 23.00 horas y aforo limitado, en una nueva edici\u00f3n de esta iniciativa que busca acercar el museo a los visitantes en horario nocturno.<\/p>\n<p>&#8216;A la manera de Italia. Espa\u00f1a y el g\u00f3tico mediterr\u00e1neo (1320-1420)&#8217; permanecer\u00e1 abierta hasta el 20 de septiembre y aborda la influencia de los modelos italianos del Trecento en el g\u00f3tico espa\u00f1ol antes de la llegada del Renacimiento.<\/p>\n<p>La exposici\u00f3n re\u00fane m\u00e1s de un centenar de obras de distintas t\u00e9cnicas, entre pinturas, esculturas, piezas de orfebrer\u00eda, manuscritos iluminados, dibujos, bordados y tejidos de seda, procedentes de 31 instituciones espa\u00f1olas y 25 extranjeras. La selecci\u00f3n permite conocer c\u00f3mo los modelos italianos fueron asimilados y reformulados por los artistas hispanos, dando lugar a un lenguaje visual h\u00edbrido y de gran originalidad.<\/p>\n<p>Entre las piezas se encuentran obras de maestros italianos como Ambrogio Lorenzetti, Gherardo Starnina, Lupo di Francesco, Barnaba da Modena, Andrea di Petruccio o Geri Lapi, junto a trabajos de artistas hispanos como Ferrer y Arnau Bassa, los hermanos Serra, Pedro de C\u00f3rdoba o Miquel Alca\u00f1iz.<\/p>\n<p>Por su parte, &#8216;Prado. Siglo XXI&#8217; podr\u00e1 visitarse hasta el 27 de septiembre y propone un recorrido por los principales hitos y etapas de la historia reciente de la instituci\u00f3n, as\u00ed como por los cambios que han definido su funcionamiento, su proyecto cient\u00edfico y su posici\u00f3n en el panorama cultural internacional.<\/p>\n<p>El relato se articula a trav\u00e9s de 98 piezas, entre pinturas, esculturas, dibujos, estampas, fotograf\u00edas, libros y documentos de archivo, adem\u00e1s de material audiovisual y otros recursos expositivos.<\/p>\n<p>Durante esta apertura nocturna tambi\u00e9n permanecer\u00e1 abierto el Claustro de los Jer\u00f3nimos, que alberga de forma permanente una selecci\u00f3n de esculturas del siglo XIX.<\/p>\n<p>La jornada, organizada con la colaboraci\u00f3n de Samsung, permitir\u00e1 adem\u00e1s probar &#8216;Photo Prado&#8217;, una aplicaci\u00f3n m\u00f3vil que utiliza inteligencia artificial aplicada a la fotograf\u00eda para integrar la silueta de los visitantes en espacios y obras ic\u00f3nicas del museo.<\/p>\n<p>La aplicaci\u00f3n estar\u00e1 disponible en dos puntos, situados en el hall de entrada y junto a la tienda, y permitir\u00e1 escoger entre tres experiencias: &#8216;obras maestras&#8217;, &#8216;para\u00edsos del Prado&#8217; y &#8216;fondos para selfies&#8217;. El visitante podr\u00e1 llevarse as\u00ed una composici\u00f3n fotogr\u00e1fica personalizada de su recorrido, con un sello de fecha.<\/p>\n<p>Asimismo, los asistentes podr\u00e1n acceder gratuitamente durante la visita al contenido premium de &#8216;La Gu\u00eda del Prado&#8217;, posar en el photocall instalado para la ocasi\u00f3n y visitar la terraza del Caf\u00e9 Prado y la tienda del museo, que permanecer\u00e1 abierta hasta las 22.30 horas.<\/p>\n","protected":false},"excerpt":{"rendered":"El Museo Nacional del Prado abrir\u00e1 este s\u00e1bado por la noche y con entrada gratuita las exposiciones temporales&hellip;\n","protected":false},"author":2,"featured_media":749016,"comment_status":"","ping_status":"","sticky":false,"template":"","format":"standard","meta":{"footnotes":""},"categories":[173],"tags":[229,233,133112,231,230,232,234,146,147,25,24,18792,23],"class_list":["post-749015","post","type-post","status-publish","format-standard","has-post-thumbnail","category-arte-y-diseno","tag-arte","tag-arte-y-diseno","tag-arteculturayespectaculos","tag-arts","tag-arts-and-design","tag-design","tag-diseno","tag-entertainment","tag-entretenimiento","tag-es","tag-espana","tag-museo-del-prado","tag-spain"],"share_on_mastodon":{"url":"https:\/\/pubeurope.com\/@es\/117217843410281590","error":""},"_links":{"self":[{"href":"https:\/\/www.europesays.com\/es\/wp-json\/wp\/v2\/posts\/749015","targetHints":{"allow":["GET"]}}],"collection":[{"href":"https:\/\/www.europesays.com\/es\/wp-json\/wp\/v2\/posts"}],"about":[{"href":"https:\/\/www.europesays.com\/es\/wp-json\/wp\/v2\/types\/post"}],"author":[{"embeddable":true,"href":"https:\/\/www.europesays.com\/es\/wp-json\/wp\/v2\/users\/2"}],"replies":[{"embeddable":true,"href":"https:\/\/www.europesays.com\/es\/wp-json\/wp\/v2\/comments?post=749015"}],"version-history":[{"count":0,"href":"https:\/\/www.europesays.com\/es\/wp-json\/wp\/v2\/posts\/749015\/revisions"}],"wp:featuredmedia":[{"embeddable":true,"href":"https:\/\/www.europesays.com\/es\/wp-json\/wp\/v2\/media\/749016"}],"wp:attachment":[{"href":"https:\/\/www.europesays.com\/es\/wp-json\/wp\/v2\/media?parent=749015"}],"wp:term":[{"taxonomy":"category","embeddable":true,"href":"https:\/\/www.europesays.com\/es\/wp-json\/wp\/v2\/categories?post=749015"},{"taxonomy":"post_tag","embeddable":true,"href":"https:\/\/www.europesays.com\/es\/wp-json\/wp\/v2\/tags?post=749015"}],"curies":[{"name":"wp","href":"https:\/\/api.w.org\/{rel}","templated":true}]}}