{"id":749017,"date":"2026-09-05T09:59:19","date_gmt":"2026-09-05T09:59:19","guid":{"rendered":"https:\/\/www.europesays.com\/es\/749017\/"},"modified":"2026-09-05T09:59:19","modified_gmt":"2026-09-05T09:59:19","slug":"madrid-trabaja-05-09-2026","status":"publish","type":"post","link":"https:\/\/www.europesays.com\/es\/749017\/","title":{"rendered":"Madrid Trabaja 05.09.2026"},"content":{"rendered":"<p class=\"mce\">Esta semana en Madrid Trabaja hemos hablado con <strong class=\"mce\">Carolina Gonz\u00e1lez<\/strong>, responsable de selecci\u00f3n de Manpower Group, qui\u00e9n nos ha dado pautas para gestionar un cambio de trabajo.<\/p>\n<p class=\"mce\">Adem\u00e1s, nos hemos ido de fiesta con <strong class=\"mce\">David D\u00edaz<\/strong> para conocer los perfiles que trabajan en una orquesta.<\/p>\n<p class=\"mce\">Tambi\u00e9n nos hemos adentramos en el Palacio Real para conocer algunos de los perfiles profesionales de Patrimonio Nacional con <strong class=\"mce\">Carolina S\u00e1nchez<\/strong>.<\/p>\n<p class=\"mce\">Por \u00faltimo, <strong class=\"mce\">Rafael Montes<\/strong>, preparador de oposiciones, ha comentado los errores que se cometen con m\u00e1s frecuencia a la hora de preparar una oposici\u00f3n.<\/p>\n<p class=\"mce\">Y como siempre, nuestros contenidos con ofertas de empleo, oposiciones, cursos de formaci\u00f3n y orientaci\u00f3n laboral para seguir mejorando tu futuro profesional.<\/p>\n<p class=\"mce\">Completamos el programa con nuestro consultorio, con <strong class=\"mce\">Manu del Valle<\/strong>, para resolver las dudas de la audiencia con <strong class=\"mce\">Ana G\u00f3mez<\/strong>, abogada de Asnala, y <strong class=\"mce\">Mar\u00eda Jos\u00e9 G\u00f3mez<\/strong>, asesora del SEPE.<\/p>\n<p class=\"mce\">Puedes ver todos los s\u00e1bados en Telemadrid el programa Madrid Trabaja, presentado por <strong class=\"mce\">Erika Barreras<\/strong> y escucharlo en Onda Madrid de lunes a viernes a partir de las 15.00 horas, presentado por <strong class=\"mce\">Javier Pe\u00f1a.<\/strong><\/p>\n<p class=\"mce\">Y, adem\u00e1s, puedes seguirnos en nuestras redes sociales: en<a data-content-id=\"\" href=\"https:\/\/twitter.com\/MadridTrabajaOM\" text=\" Twitter\" title=\"\" target=\"_blank\" rel=\"noopener nofollow\" class=\"mceNonEditable mce\"> Twitter<\/a>, en <a data-content-id=\"\" href=\"https:\/\/www.facebook.com\/madridtrabaja\/?locale=es_LA\" text=\"Facebook \" title=\"\" target=\"_blank\" rel=\"noopener nofollow\" class=\"mceNonEditable mce\">Facebook <\/a>, en <a data-content-id=\"\" href=\"https:\/\/www.instagram.com\/madridtrabaja\/\" text=\"Instagram\" title=\"\" target=\"_blank\" rel=\"noopener nofollow\" class=\"mceNonEditable mce\">Instagram<\/a>, en <a data-content-id=\"\" href=\"https:\/\/www.tiktok.com\/@madridtrabaja\" text=\"TikTok \" title=\"\" target=\"_blank\" rel=\"noopener nofollow\" class=\"mceNonEditable mce\">TikTok <\/a>y en <a data-content-id=\"\" href=\"https:\/\/www.linkedin.com\/in\/madrid-trabaja-onda-madrid-2995502ab\/\" text=\"LinkedIn\" title=\"\" target=\"_blank\" rel=\"noopener nofollow\" class=\"mceNonEditable mce\">LinkedIn<\/a>.<\/p>\n<p>    <script async src=\"https:\/\/platform.twitter.com\/widgets.js\" charset=\"utf-8\"><\/script><script async src=\"\/\/www.instagram.com\/embed.js\"><\/script><script async src=\"\/\/www.tiktok.com\/embed.js\"><\/script><\/p>\n","protected":false},"excerpt":{"rendered":"Esta semana en Madrid Trabaja hemos hablado con Carolina Gonz\u00e1lez, responsable de selecci\u00f3n de Manpower Group, qui\u00e9n nos&hellip;\n","protected":false},"author":2,"featured_media":749018,"comment_status":"","ping_status":"","sticky":false,"template":"","format":"standard","meta":{"footnotes":""},"categories":[171],"tags":[116790,14151,5509,146,147,25,24,7214,205,23,2752,214],"class_list":["post-749017","post","type-post","status-publish","format-standard","has-post-thumbnail","category-tv","tag-curso-de-formacion","tag-cursos","tag-empleo","tag-entertainment","tag-entretenimiento","tag-es","tag-espana","tag-formacion","tag-madrid","tag-spain","tag-trabajo","tag-tv"],"share_on_mastodon":{"url":"https:\/\/pubeurope.com\/@es\/117217851547174962","error":""},"_links":{"self":[{"href":"https:\/\/www.europesays.com\/es\/wp-json\/wp\/v2\/posts\/749017","targetHints":{"allow":["GET"]}}],"collection":[{"href":"https:\/\/www.europesays.com\/es\/wp-json\/wp\/v2\/posts"}],"about":[{"href":"https:\/\/www.europesays.com\/es\/wp-json\/wp\/v2\/types\/post"}],"author":[{"embeddable":true,"href":"https:\/\/www.europesays.com\/es\/wp-json\/wp\/v2\/users\/2"}],"replies":[{"embeddable":true,"href":"https:\/\/www.europesays.com\/es\/wp-json\/wp\/v2\/comments?post=749017"}],"version-history":[{"count":0,"href":"https:\/\/www.europesays.com\/es\/wp-json\/wp\/v2\/posts\/749017\/revisions"}],"wp:featuredmedia":[{"embeddable":true,"href":"https:\/\/www.europesays.com\/es\/wp-json\/wp\/v2\/media\/749018"}],"wp:attachment":[{"href":"https:\/\/www.europesays.com\/es\/wp-json\/wp\/v2\/media?parent=749017"}],"wp:term":[{"taxonomy":"category","embeddable":true,"href":"https:\/\/www.europesays.com\/es\/wp-json\/wp\/v2\/categories?post=749017"},{"taxonomy":"post_tag","embeddable":true,"href":"https:\/\/www.europesays.com\/es\/wp-json\/wp\/v2\/tags?post=749017"}],"curies":[{"name":"wp","href":"https:\/\/api.w.org\/{rel}","templated":true}]}}