{"id":749047,"date":"2026-09-05T10:19:16","date_gmt":"2026-09-05T10:19:16","guid":{"rendered":"https:\/\/www.europesays.com\/es\/749047\/"},"modified":"2026-09-05T10:19:16","modified_gmt":"2026-09-05T10:19:16","slug":"los-sabados-de-lomana-la-invasion-de-los-jardines-de-moncloa","status":"publish","type":"post","link":"https:\/\/www.europesays.com\/es\/749047\/","title":{"rendered":"Los s\u00e1bados de Lomana: La invasi\u00f3n de los jardines de Moncloa"},"content":{"rendered":"<p>Desde que he llegado a Madrid, pongo programas de televisi\u00f3n para actualizarme despu\u00e9s de un mes muy desconectada de todo, <b> excepto el asunto \u00abinvasi\u00f3n de Ceuta\u00bb y, por lo tanto, invasi\u00f3n de Espa\u00f1a,<\/b> y solo escucho tonter\u00edas y opiniones que resultan cansinas por repetitivas. Esta semana el Congreso de los Diputados con Pedro S\u00e1nchez jugando al juego de \u00abvamos a contar mentiras tralar\u00e1\u00bb. \u00bfRecuerdan la canci\u00f3n? Pues eso. Era un sainete si no fuese tan grave.<\/p>\n<p><b>El rid\u00edculo y caricaturesco personaje que tenemos de presidente<\/b> debe creerse un \u00ablistillo\u00bb y nos trata a todos como si fu\u00e9semos aut\u00e9nticos imb\u00e9ciles, y algo de raz\u00f3n tiene. \u00c9l es el t\u00edpico perfil de tonto activo que enga\u00f1a a otros muchos que le acompa\u00f1an en este Gobierno fallido y a varios millones de ciudadanos que le votan. La sarta de barbaridad que escucho, como hace un momento a una tal A.Vidal, que era la primera vez que la ve\u00eda en \u00abAl Rojo vivo\u00bb, <b>diciendo que la soluci\u00f3n era enviar a todos los invasores magreb\u00edes a la pen\u00ednsula, <\/b>que la culpa de todo la tiene la insolidaridad de la derecha que no los quiere acoger.<\/p>\n<p>Tengo una idea que no entiendo c\u00f3mo no se le ha ocurrido a nadie y se termina la invasi\u00f3n en 24 horas.<b> Se solicitan 80.000 voluntarios en situaci\u00f3n muy precaria para que ocupen los jardines de la residencia del presidente en Moncloa. <\/b>Tienen muchas entradas por donde colarse y trepar. Nadie les puede hacer nada. Al fin y al cabo, solo invaden un jard\u00edn, ni siquiera vivienda y todos sabemos que en Espa\u00f1a no parece ser delito la ocupaci\u00f3n de las casas de otros ciudadanos , mucho menos los jardines que pagamos todos.<\/p>\n<p><b>S\u00e1nchez que es tan humano y solidario con los marroqu\u00edes <\/b>ser\u00e1 mucho m\u00e1s con sus conciudadanos espa\u00f1oles, y se enterar\u00eda por lo que est\u00e1n pasando otros invadidos cuando llegue Cruz Roja a repartir comida. Que hagan sus necesidades en su para\u00edso y sus hijas no puedan salir de casa tranquilas. Esto es solo una idea, una peque\u00f1a idea que s\u00e9 que no se cumplir\u00e1, pero ser\u00eda muy divertido ver c\u00f3mo reacciona <b>este Gobierno tan comprensivo e inactivo <\/b>con los que invaden otras casas.<\/p>\n<p>En nuestra Espa\u00f1a la vida sigue y a veces nos sorprende con una belleza que nos paraliza y llena nuestro esp\u00edritu de paz y serenidad. <b>Eso ocurri\u00f3 ayer en el Teatro Real de Madrid. <\/b>La orquesta del Festival de Bayreuth dirigida por el granadino Pablo Heras-Casado nos hizo sumergirnos en un mundo l\u00edrico excepcional a trav\u00e9s de fragmentos y escenas de <b>\u00abEl anillo del nibelungo\u00bb, de Richard Wagner.<\/b> \u00a1Qu\u00e9 intensidad! Qu\u00e9 belleza de interpretaci\u00f3n y direcci\u00f3n en esas historias de la mitolog\u00eda alemana cantadas por voces sublimes como la soprano Catherine Foster, el tenor Klaus Flori\u00e1n Vogt o el bar\u00edtono bajo Nicol\u00e1s Brownlee.<b> Es uno de los mejores conciertos que he escuchado en mi vida. <\/b>La directora art\u00edstica del prestigioso Festival de Bayreuth es Katharina Wagner, una biznieta de Wagner.<\/p>\n<p><b>Podemos sentirnos muy orgullosos de Heras-Casado. <\/b>Tiene una forma de dirigir con tanta emoci\u00f3n y energ\u00eda que no hay palabras para explicarlo. Como curiosidad le cuento que estuvo casado con Anne Igartiburu. Fue una preciosa historia de amor y tuvieron un hijo var\u00f3n que ayer estaba escuchando a su padre.<\/p>\n<p>Disfrutemos de la vida y de estos peque\u00f1os regalos. <b>Feliz vuelta a la rutina, que es la vida normal.<\/b><\/p>\n","protected":false},"excerpt":{"rendered":"Desde que he llegado a Madrid, pongo programas de televisi\u00f3n para actualizarme despu\u00e9s de un mes muy desconectada&hellip;\n","protected":false},"author":2,"featured_media":749048,"comment_status":"","ping_status":"","sticky":false,"template":"","format":"standard","meta":{"footnotes":""},"categories":[174],"tags":[4957,255,4486,146,147,25,24,256,2959,23,38866,5647],"class_list":["post-749047","post","type-post","status-publish","format-standard","has-post-thumbnail","category-famosos","tag-carmen-lomana","tag-celebrities","tag-ceuta","tag-entertainment","tag-entretenimiento","tag-es","tag-espana","tag-famosos","tag-pedro-sanchez","tag-spain","tag-teatro-real","tag-wagner"],"share_on_mastodon":{"url":"https:\/\/pubeurope.com\/@es\/117217929739697547","error":""},"_links":{"self":[{"href":"https:\/\/www.europesays.com\/es\/wp-json\/wp\/v2\/posts\/749047","targetHints":{"allow":["GET"]}}],"collection":[{"href":"https:\/\/www.europesays.com\/es\/wp-json\/wp\/v2\/posts"}],"about":[{"href":"https:\/\/www.europesays.com\/es\/wp-json\/wp\/v2\/types\/post"}],"author":[{"embeddable":true,"href":"https:\/\/www.europesays.com\/es\/wp-json\/wp\/v2\/users\/2"}],"replies":[{"embeddable":true,"href":"https:\/\/www.europesays.com\/es\/wp-json\/wp\/v2\/comments?post=749047"}],"version-history":[{"count":0,"href":"https:\/\/www.europesays.com\/es\/wp-json\/wp\/v2\/posts\/749047\/revisions"}],"wp:featuredmedia":[{"embeddable":true,"href":"https:\/\/www.europesays.com\/es\/wp-json\/wp\/v2\/media\/749048"}],"wp:attachment":[{"href":"https:\/\/www.europesays.com\/es\/wp-json\/wp\/v2\/media?parent=749047"}],"wp:term":[{"taxonomy":"category","embeddable":true,"href":"https:\/\/www.europesays.com\/es\/wp-json\/wp\/v2\/categories?post=749047"},{"taxonomy":"post_tag","embeddable":true,"href":"https:\/\/www.europesays.com\/es\/wp-json\/wp\/v2\/tags?post=749047"}],"curies":[{"name":"wp","href":"https:\/\/api.w.org\/{rel}","templated":true}]}}