{"id":749055,"date":"2026-09-05T10:25:30","date_gmt":"2026-09-05T10:25:30","guid":{"rendered":"https:\/\/www.europesays.com\/es\/749055\/"},"modified":"2026-09-05T10:25:30","modified_gmt":"2026-09-05T10:25:30","slug":"mourinho-primera-amarilla-primera-derrota-y-mensaje-los-jugadores-del-madrid-son-mas-puros-parecia-que-el-del-betis-se-habia-muerto-ahi-elmundo-es","status":"publish","type":"post","link":"https:\/\/www.europesays.com\/es\/749055\/","title":{"rendered":"Mourinho, primera amarilla, primera derrota y mensaje: &quot;Los jugadores del Madrid son m\u00e1s puros. Parec\u00eda que el del Betis se hab\u00eda muerto ah\u00ed&#8230;&quot; &#8211; elmundo.es"},"content":{"rendered":"<ol>\n<li><a href=\"https:\/\/news.google.com\/rss\/articles\/CBMinAFBVV95cUxQaEhYenlqeEo2M013c0EwVko1b3FhelJ6VXBzV1p2WnRaS2Z2LVNHNWZELXZ3dTkxbHAtNzc5akg2dGlEMktqaFZKZF9zRm9hYm00eHZtcWxLakhOMy1TQVBaUER1LUt6YWZRU0M5RzMxRF9qbkxROUtqV2gxb21MeTBjR2FQbTdUQWNjbF9iSnBBS0p3bzhVR0p3TXrSAZwBQVVfeXFMTndtQkN0LXk0ejg0dE5VaHVVbUhnRFRNMFhaQ2htTDQwaUgzUzZ5bWtQZ21tQVpDSVFjOUFBNlVneDZjd2lValdJYXpjeWVFVmt2T1Y1a0xHbHY5Z0ptRl9uZ2dZcmEyY0ttYi0tSDcySkJxRE8zMjN1bGZLYmVucVJ4Y0tKak80SkQtZk5wSG01cFFNVXRNemdPOHU3?oc=5\" target=\"_blank\" rel=\"nofollow noopener\">Mourinho, primera amarilla, primera derrota y mensaje: \u00abLos jugadores del Madrid son m\u00e1s puros. Parec\u00eda que el del Betis se hab\u00eda muerto ah\u00ed&#8230;\u00bb<\/a>&nbsp;&nbsp;elmundo.es<\/li>\n<li><a href=\"https:\/\/news.google.com\/rss\/articles\/CBMivwFBVV95cUxOSHI2QUYyR2tFVExXeG9vWnNGMmhaWm5UejR1ZU5KcTA5Qno1dHJmVTNQanllY2FtYjZIRElwS3ZFOVBDRXIzYzdNR05Vak5YOEczamx2SnkxQzBkQmhGMmhfVC01YUNELWphUGFKUDZieVBySlF2bDMtQjk1OWxvMkdfbVRJT3o1aTdaQ1p4M1NUN3U1cWx2MEZsOHJka3Y3UXZPcDNJMkN6WnpTc0gtMld5NWZDTkZoTjA4S1VoVdIBzAFBVV95cUxPU1ZOS3JVOXRnUkowelpEZ3FoZGdHSzBLVkpmTjgtNGZscmtWY0E4Znc3cExzTWZ5Q3VCSmJzcTlVZ0pEcjVITU94U2VZcEZVaFBPdGJFbDFSZ0RZNlNEODVXU0lwQkNrRzEtR0Z2MUstcGNIQThrZThGWFFXWTMxWEg3ZXAzOEFwd3RQT1RMaHpyVThJM0lrSHMtZHZjYmFiT3FlQm9uRVZjMlZXbC1SdFV6a1J1SlBIak1feXA3YTMwcWVNcktTam1CSUE?oc=5\" target=\"_blank\" rel=\"nofollow noopener\">Primeros &#8216;palos&#8217; para Mourinho por su pol\u00edtica con las vacas sagradas<\/a>&nbsp;&nbsp;Mundo Deportivo<\/li>\n<li><a href=\"https:\/\/news.google.com\/rss\/articles\/CBMingFBVV95cUxQZnpCRS1RVXNNN1o1c1p3WXUzRmswZEs4d2xwY3ZmVXJhZWJYWkdWdXJmeGoxUDIwZUkzcVFNdjcyNW8wQVRta19rZmJsTklucGxSREFEX081dWlzTkN5bW9fcUt3WFRQSTdhM2pWbFZpUXJxdlFGTUxOekl1ZzdtMlU4ejNFLUZtRk5JdV9Ya09vbm9lX2FRa1RaQ2xid9IBngFBVV95cUxQZXotYjkyT3RTa2xWMEt5SVpnc00yalIyMmtDa3Y0bjVJeHE2QlpLMUJSWHVxbUp2dDBCQWFFd0pjVjBCMGZQRzdmLWlHZDJTTFlLU1FyZFBneHpJSlR2QV9RRXV2cmxxT2lZa1lkYTdSZ09zbUJmOE1BYlFrVEJKT1dXS2g5Tl9yaWwtQWtYbk9SYXJwME5sZTYzbDZFQQ?oc=5\" target=\"_blank\" rel=\"nofollow noopener\">Mourinho: \u00abNo s\u00e9 por qu\u00e9 hemos perdido, hemos jugado muy bien\u00bb<\/a>&nbsp;&nbsp;MARCA<\/li>\n<li><a href=\"https:\/\/news.google.com\/rss\/articles\/CBMi2AFBVV95cUxPcWdoUm92b1JXUzdtdTA0dl9YZnA3VmNkTTZSd3VPRkZEemFvUFc5ZlJORmxmV1VBaXZMakMtRU94VEhMQWF5ZEduV0VES204cGVvaWs2eEg2d2hxT3dEbFRkcFBtUVdGZEZXTHUyTWh2OU94NjNlZ0diM2N3NDdrODNhb3RUSk1uSlZudlNKM19ISXRNdXRValFqV0FGWHBQZzVRYzZvS3Exd2t5b09yTEpYTE5fWmE5NWd1c1hobDZOeXdsVW5oWlBKWUVHVlIzVnJRdWJqYTXSAewBQVVfeXFMT2pZWkVYNmZTTXhkRHZWME9pbUxHQ1pZRkRhUDF1YTlUWkFQNkdDMmlJR3hTVGFjN0R6XzdwSHFNYk1yZ25NNVFQdmR0LWQtRTFvWEZjLW1RSjctSXlXNXFIYTdzSktiMnVMV3VCWVdhOGNoYzQ4VXdoX1hSMWc4bk5ZcXc3NkpJWEI0dFJGYk1kTmtwNUNuZFJBRTBzVmtOczVjRUpvN1ZRYTlVY0VFdF9vMkg1cVRIRGJuZVIxX1k0bTg2OG9PUkhta0xaZXZTNld3Q1NSMHZxY2xRamRzYkRqQ3RPQllRdGVPUjc?oc=5\" target=\"_blank\" rel=\"nofollow noopener\">Un Madrid inexplicable: la estad\u00edstica da la raz\u00f3n a Mourinho en la derrota ante el Betis<\/a>&nbsp;&nbsp;La Raz\u00f3n<\/li>\n<li><a href=\"https:\/\/news.google.com\/rss\/articles\/CBMiuAFBVV95cUxQeFY1b21xNHZTWjdzdGt3NEk1OXptWkVSaXFmTHp1OHlNUEZ2S0hNalN5SXJKRmVZcm5KY0FDMzI3emJoSlhETUZoS04yYjc1TjktMWxmSVlSTV9GM1AycFhIUU40a0Y5Z1NkNHctaERiNjJWZ2F5WDkzdFJIN2JPOF83ejhyTjlqT0gybU9nVmY3TDhUYl9MaXgwZFNrYzdBa3dSYlhoNEsyaHBEc21SaWZJNkJMV1pZ?oc=5\" target=\"_blank\" rel=\"nofollow noopener\">La frustraci\u00f3n de Mourinho al explicar la surrealista derrota del Real Madrid sin mencionar a Mbapp\u00e9 ni Vin\u00edcius<\/a>&nbsp;&nbsp;El Confidencial<\/li>\n<\/ol>\n","protected":false},"excerpt":{"rendered":"Mourinho, primera amarilla, primera derrota y mensaje: \u00abLos jugadores del Madrid son m\u00e1s puros. Parec\u00eda que el del&hellip;\n","protected":false},"author":2,"featured_media":749056,"comment_status":"","ping_status":"","sticky":false,"template":"","format":"standard","meta":{"footnotes":""},"categories":[93],"tags":[168,9514,25,24,282,30526,2918,3048,23,167],"class_list":["post-749055","post","type-post","status-publish","format-standard","has-post-thumbnail","category-deportes","tag-deportes","tag-deportes-futbol-primera-division","tag-es","tag-espana","tag-futbol","tag-jose-mourinho","tag-la-liga","tag-real-madrid","tag-spain","tag-sports"],"share_on_mastodon":{"url":"https:\/\/pubeurope.com\/@es\/117217953751892284","error":""},"_links":{"self":[{"href":"https:\/\/www.europesays.com\/es\/wp-json\/wp\/v2\/posts\/749055","targetHints":{"allow":["GET"]}}],"collection":[{"href":"https:\/\/www.europesays.com\/es\/wp-json\/wp\/v2\/posts"}],"about":[{"href":"https:\/\/www.europesays.com\/es\/wp-json\/wp\/v2\/types\/post"}],"author":[{"embeddable":true,"href":"https:\/\/www.europesays.com\/es\/wp-json\/wp\/v2\/users\/2"}],"replies":[{"embeddable":true,"href":"https:\/\/www.europesays.com\/es\/wp-json\/wp\/v2\/comments?post=749055"}],"version-history":[{"count":0,"href":"https:\/\/www.europesays.com\/es\/wp-json\/wp\/v2\/posts\/749055\/revisions"}],"wp:featuredmedia":[{"embeddable":true,"href":"https:\/\/www.europesays.com\/es\/wp-json\/wp\/v2\/media\/749056"}],"wp:attachment":[{"href":"https:\/\/www.europesays.com\/es\/wp-json\/wp\/v2\/media?parent=749055"}],"wp:term":[{"taxonomy":"category","embeddable":true,"href":"https:\/\/www.europesays.com\/es\/wp-json\/wp\/v2\/categories?post=749055"},{"taxonomy":"post_tag","embeddable":true,"href":"https:\/\/www.europesays.com\/es\/wp-json\/wp\/v2\/tags?post=749055"}],"curies":[{"name":"wp","href":"https:\/\/api.w.org\/{rel}","templated":true}]}}