{"id":749057,"date":"2026-09-05T10:26:17","date_gmt":"2026-09-05T10:26:17","guid":{"rendered":"https:\/\/www.europesays.com\/es\/749057\/"},"modified":"2026-09-05T10:26:17","modified_gmt":"2026-09-05T10:26:17","slug":"descubren-el-brote-de-peste-mas-antiguo-conocido-ocurrio-hace-5-500-anos-entre-cazadores-recolectores-de-siberia","status":"publish","type":"post","link":"https:\/\/www.europesays.com\/es\/749057\/","title":{"rendered":"Descubren el brote de peste m\u00e1s antiguo conocido: ocurri\u00f3 hace 5.500 a\u00f1os entre cazadores-recolectores de Siberia"},"content":{"rendered":"<p class=\"description\"><b>En septiembre vuelven las ganas de descubrir<\/b>. Suscr\u00edbete hoy y ll\u00e9vate <b>2 a\u00f1os de Historia National Geographic al precio de 1<\/b>. \u00a1Recorre siglos de historia sin l\u00edmites!<\/p>\n<p class=\"description\">Disfruta de las <b>ediciones especiales<\/b> de Historia National Geographic con un <b>descuento especial exclusivo para suscriptores<\/b>.<\/p>\n<p><strong>La bacteria Yersinia pestis ya causaba estragos milenios antes de las epidemias medievales.<\/strong> La devastadora <a href=\"https:\/\/historia.nationalgeographic.com.es\/a\/peste-negra-epidemia-que-hizo-temblar-europa_6280\" rel=\"nofollow noopener\" target=\"_blank\">Peste Negra<\/a> diezm\u00f3 a la mitad de la poblaci\u00f3n del continente en el siglo XIV. De hecho pens\u00e1bamos que grandes epidemias como esta necesitaban un caldo de cultivo muy espec\u00edfico: ciudades densamente pobladas, agricultura y la convivencia estrecha con animales dom\u00e9sticos. Pero este reciente descubrimiento echar por tierra el primer cap\u00edtulo escrito de las <a href=\"https:\/\/historia.nationalgeographic.com.es\/a\/grandes-pandemias-historia_15178\" rel=\"nofollow noopener\" target=\"_blank\">pandemias<\/a>.<\/p>\n<p>Un equipo internacional de investigadores ha hallado evidencias del brote de peste m\u00e1s antiguo conocido hasta la fecha.<strong> Ocurri\u00f3 hace unos 5.500 a\u00f1os<\/strong> entre peque\u00f1as comunidades n\u00f3madas de cazadores-recolectores en la g\u00e9lida regi\u00f3n del lago Baikal, en Siberia.<\/p>\n<p>El enigma de las tumbas infantiles en el lago Baikal<\/p>\n<p>En las fosas de los antiguos cementerios a orillas del r\u00edo Angara, al noroeste del lago Baikal, que datan de la<strong> Edad de Piedra tard\u00eda<\/strong>, hab\u00eda una cantidad inusualmente alta de esqueletos infantiles. Muchos de estos ni\u00f1os, de entre 8 y 11 a\u00f1os, estaban enterrados en fosas comunes junto a sus padres o hermanos, lo que suger\u00eda muertes repentinas y simult\u00e1neas.<\/p>\n<p>&#13;<img decoding=\"async\" src=\"https:\/\/www.europesays.com\/es\/wp-content\/uploads\/2026\/09\/pandemia-rusa1_cf06d06f_260820181100_800x800.webp\" alt=\"pandemia rusa1\" class=\"imagenRelacionado lazyload\"\/><\/p>\n<p>Al extraer y secuenciar el <strong>ADN antiguo de la pulpa dental de 46 individuos<\/strong> en cuatro cementerios distintos, los genetistas, liderados por Ruairidh Macleod de la Universidad de Oxford y Eske Willerslev de la Universidad de Copenhague, encontraron al asesino invisible: Yersinia pestis, la bacteria causante de la peste, seg\u00fan exponen en su estudio publicado en la revista <a href=\"https:\/\/www.nature.com\/articles\/s41586-026-10540-5\" rel=\"nofollow noopener\" target=\"_blank\">Nature<\/a>.<\/p>\n<p><strong>Casi el 40 % de los individuos analizados<\/strong> (18 de 46)<strong> dieron positivo en esta bacteria. <\/strong>Esta tasa de detecci\u00f3n es incluso superior a la de algunas fosas comunes de la <a href=\"https:\/\/historia.nationalgeographic.com.es\/a\/edad-media-epoca-no-tan-oscura_18434\" rel=\"nofollow noopener\" target=\"_blank\">Edad Media<\/a>; s\u00ed, hasta ese punto. Una prevalencia tan alta no se observ\u00f3 ni siquiera en lo peor de la Peste Negra en la Edad Media. Incluso en una de las tumbas se percibe la tragedia familiar con el hallazgo de tres ni\u00f1as peque\u00f1as (dos hermanas y una prima) que fueron enterradas juntas, v\u00edctimas del mismo brote fulminante.<\/p>\n<p><img loading=\"lazy\" decoding=\"async\"   src=\"https:\/\/www.europesays.com\/es\/wp-content\/uploads\/2026\/09\/peste-siberia2_0ca2ef94_260903194058_800x374.webp\" alt=\"peste siberia2\" class=\"lazyload\" width=\"800\" height=\"374\" data-aspectratio=\"800\/374\"\/><\/p>\n<p>&#13;&#13;&#13;R. Macleod et al. 202 &#13;&#13;<\/p>\n<p>Marmotas: el insospechado origen del primer brote de peste<\/p>\n<p>Si no hab\u00eda ciudades ni ratas,<strong> \u00bfc\u00f3mo se propag\u00f3 la peste entre estos cazadores-recolectores? <\/strong>La clave est\u00e1 en la fauna local. La regi\u00f3n del Baikal es el hogar de las <strong>marmotas siberianas,<\/strong> grandes roedores excavadores que, a\u00fan a d\u00eda de hoy, siguen siendo un reservorio natural de la peste.<\/p>\n<p>Los investigadores sugieren que estos antiguos roedores de Siberia infectaron a estos individuos al cazar, despellejar o incluso consumir marmotas crudas. A diferencia de los agricultores del <a href=\"https:\/\/historia.nationalgeographic.com.es\/a\/neolitico-nos-hizo-mas-altos-mas-rubios-y-mas-propensos-a-sufrir-infartos_17919\" rel=\"nofollow noopener\" target=\"_blank\">Neol\u00edtico<\/a>, los cazadores-recolectores estaban en contacto constante con especies salvajes y, una vez que la bacteria salt\u00f3 del animal al humano (un fen\u00f3meno conocido como zoonosis), se transmiti\u00f3 de persona a persona, probablemente a trav\u00e9s de gotitas respiratorias,<strong> causando la variante neum\u00f3nica de la enfermedad<\/strong>, que es extremadamente contagiosa y letal.<\/p>\n<p>\u00abHemos encontrado el genoma de la peste m\u00e1s antiguo identificado hasta la fecha\u00bb, explic\u00f3 Eske Willerslev, profesor de las universidades de Copenhague y Cambridge y autor principal del estudio.<\/p>\n<p>Una bacteria letal sin necesidad de pulgas<\/p>\n<p>Desde el punto de vista microbiol\u00f3gico, se trata de un descubrimiento notable, ya que, hasta hace poco, se cre\u00eda que las cepas m\u00e1s antiguas de Yersinia pestis eran relativamente benignas porque carec\u00edan del gen ymt. Este gen es fundamental para que la bacteria sobreviva en el intestino de las pulgas, el vector cl\u00e1sico de la peste bub\u00f3nica.<\/p>\n<p><img loading=\"lazy\" decoding=\"async\"   src=\"https:\/\/www.europesays.com\/es\/wp-content\/uploads\/2026\/09\/peste-siberia3_c24d00b6_260903194113_800x1131.webp\" alt=\"peste siberia3\" class=\"lazyload\" width=\"800\" height=\"1131\" data-aspectratio=\"800\/1131\"\/><\/p>\n<p>&#13;&#13;&#13;Vladimiri Bazaliiskii&#13;&#13;<\/p>\n<p>Al carecer de este gen, la cepa siberiana no pod\u00eda transmitirse eficazmente a trav\u00e9s de las picaduras de pulga. Sin embargo, los an\u00e1lisis gen\u00f3micos revelaron un as en la manga de este pat\u00f3geno: un <strong>\u00absuperant\u00edgeno\u00bb<\/strong>, una toxina gen\u00e9tica, ausente en las cepas hist\u00f3ricas posteriores, capaz de desencadenar una respuesta inmunitaria extrema y desproporcionada en el hu\u00e9sped <strong>sin necesidad de pulgas.<\/strong><\/p>\n<p>Esta tormenta inflamatoria explica la alt\u00edsima letalidad del brote, especialmente entre los ni\u00f1os, cuyos sistemas inmunol\u00f3gicos en desarrollo siempre son m\u00e1s vulnerables. Probablemente debieron haberse infectado por contacto directo con una marmota infectada y luego entre ellos mismos. Por tanto, se trataba de peste neum\u00f3nica, la forma m\u00e1s grave, que se transmite por el aire.<\/p>\n<p>Con todo, este hallazgo retrasa la evidencia de la peste en varios siglos, evidenciando que <strong>las epidemias m\u00e1s devastadoras no est\u00e1n asociadas a la civilizaci\u00f3n ni al sedentarismo<\/strong>. Los pat\u00f3genos letales ya acechaban tambi\u00e9n en la prehistoria.<\/p>\n","protected":false},"excerpt":{"rendered":"En septiembre vuelven las ganas de descubrir. Suscr\u00edbete hoy y ll\u00e9vate 2 a\u00f1os de Historia National Geographic al&hellip;\n","protected":false},"author":2,"featured_media":749058,"comment_status":"","ping_status":"","sticky":false,"template":"","format":"standard","meta":{"footnotes":""},"categories":[92],"tags":[517,8681,24641,1293,25,24,165,83936,54096,32269,166,32487,23],"class_list":["post-749057","post","type-post","status-publish","format-standard","has-post-thumbnail","category-salud","tag-actualidad","tag-adn","tag-descubrimientos","tag-enfermedades","tag-es","tag-espana","tag-health","tag-pandemias","tag-peste","tag-prehistoria","tag-salud","tag-siberia","tag-spain"],"share_on_mastodon":{"url":"https:\/\/pubeurope.com\/@es\/117217958696593346","error":""},"_links":{"self":[{"href":"https:\/\/www.europesays.com\/es\/wp-json\/wp\/v2\/posts\/749057","targetHints":{"allow":["GET"]}}],"collection":[{"href":"https:\/\/www.europesays.com\/es\/wp-json\/wp\/v2\/posts"}],"about":[{"href":"https:\/\/www.europesays.com\/es\/wp-json\/wp\/v2\/types\/post"}],"author":[{"embeddable":true,"href":"https:\/\/www.europesays.com\/es\/wp-json\/wp\/v2\/users\/2"}],"replies":[{"embeddable":true,"href":"https:\/\/www.europesays.com\/es\/wp-json\/wp\/v2\/comments?post=749057"}],"version-history":[{"count":0,"href":"https:\/\/www.europesays.com\/es\/wp-json\/wp\/v2\/posts\/749057\/revisions"}],"wp:featuredmedia":[{"embeddable":true,"href":"https:\/\/www.europesays.com\/es\/wp-json\/wp\/v2\/media\/749058"}],"wp:attachment":[{"href":"https:\/\/www.europesays.com\/es\/wp-json\/wp\/v2\/media?parent=749057"}],"wp:term":[{"taxonomy":"category","embeddable":true,"href":"https:\/\/www.europesays.com\/es\/wp-json\/wp\/v2\/categories?post=749057"},{"taxonomy":"post_tag","embeddable":true,"href":"https:\/\/www.europesays.com\/es\/wp-json\/wp\/v2\/tags?post=749057"}],"curies":[{"name":"wp","href":"https:\/\/api.w.org\/{rel}","templated":true}]}}