{"id":749065,"date":"2026-09-05T10:30:09","date_gmt":"2026-09-05T10:30:09","guid":{"rendered":"https:\/\/www.europesays.com\/es\/749065\/"},"modified":"2026-09-05T10:30:09","modified_gmt":"2026-09-05T10:30:09","slug":"varias-explosiones-cerca-de-la-isla-de-jarg-principal-terminal-del-crudo-de-teheran-y-blanco-de-las-amenazas-de-trump-el-pais","status":"publish","type":"post","link":"https:\/\/www.europesays.com\/es\/749065\/","title":{"rendered":"Varias explosiones cerca de la isla de Jarg, principal terminal del crudo de Teher\u00e1n y blanco de las amenazas de Trump &#8211; EL PA\u00cdS"},"content":{"rendered":"<ol>\n<li><a href=\"https:\/\/news.google.com\/rss\/articles\/CBMi-gFBVV95cUxNS3V3UVloWmJYYXRxcWtNaU5LdmpscU4xOVI3VFlaWWhscU1hTWpzakNnYlJEb3ctZWgwNHU0RWkzNFpMMzRoYjFDdUhFbUNxNG1jcWVyQ2RzcnBoRkQ5RWQ2Q0FoWlJRMFFSUVY2SVhkb0I1ZDNBQngzcURna3ZOdmlUUFphMl9QdXNnUV9YMHRaWHB0SnkzdUJUSkZYZVNpZkI3NDZPZ01qdlgzTERNOEZINmswS3hISnFqbHZxV3ByOWUxWXBhV1pBaF9CME5yaGo0cXBaRDd0Q3B2eXllU1lOaWtEMTJZTmZnekhsOXFBMS1tRm02bXl30gGOAkFVX3lxTFBtNS1uZmtZWGFFZnhfNExoZDVNdkZ1a0s3S1VWbU9TdTVUcEhnaGtXNXItVU9nbVZ4aDVNMFJXSFQ1WUc4YWY1UWFQNFNnbVFCSDhNejZ6QXZMczNveW1WdWw0dFc0cExQNUE5am55ZkR5TFlTaWV2T28yaEd5cGtCOE9vdHFKcFpoNTdxNnc5c2dicmxrTk1HREZOb3JqRTBMTWxsRWp0bTIxaE1DMklmYjR0R1ZhMGF2S1VFVE9ZNEdsX3ZnZXEzendQSXBfSnB4WFhXaVo3ZW9ld2JZN211MDJlZmY0M1NiMEdMUldUdlo2VUFkYW9OVWhJaWg5aXpCVGZUandiRjFlbklkdw?oc=5\" target=\"_blank\" rel=\"nofollow noopener\">Varias explosiones cerca de la isla de Jarg, principal terminal del crudo de Teher\u00e1n y blanco de las amenazas de Trump<\/a>&nbsp;&nbsp;EL PA\u00cdS<\/li>\n<li><a href=\"https:\/\/news.google.com\/rss\/articles\/CBMi2AFBVV95cUxPblZubzRRdUhlXzF3ZlZrZkNqMHZXVjV6bWk5WDQ1V1gybjFXY19iWVZfNy0wdmZsRmtnMUVhSjMzQ3BjQ0JvdTAwcUxGTS1DbEpwMExMTm4ySzJpcUdaYjE2M0FJMEMzMW1rcGlyZlpSRmpnRWxRYnh2MTdNX01NQWNoRjdOX29SWmp2RWYyMFVEMUJMeDN4S0J3YU0tNHFneGxGb3V1TDk2RU4zLXBhVHM1NlJpSXJJQ0FudldvcFV6VWk4OWNhZGdvRDYyX0hXQkR5c0JndWs?oc=5\" target=\"_blank\" rel=\"nofollow noopener\">Teher\u00e1n acusa a Estados Unidos de atacar un petrolero iran\u00ed cerca de la isla de Jarg<\/a>&nbsp;&nbsp;El Confidencial<\/li>\n<li><a href=\"https:\/\/news.google.com\/rss\/articles\/CBMilgFBVV95cUxNNVN5ZlNEbUR6XzZKZ0Y0bERSUXlBZkVpS1dVZzlmd0w3VlNMSFdiYjRZMmF3Z2hmRUVsRjZMemJ6YUxTeDhtZW9qSGhMRFBuaUtzVHlWa2lIRWk0UHByT21iSV9ZdGRaSUpHZVBSa2RsbEtvTzdSalBaS1BocW5pZjlVeFJwRDZYZ293SXRGdTA2SG5fcFHSAZYBQVVfeXFMTk44Z21rNS00aHlOMmM4VURNVnlNM3ZzZlJUZE9CSlBkeFRmSUV4a1o5OG9yRjdKcVJPWDBLV1hRVktpZkNDNVdDSWZCWE5FT0VCTTdLTGloa1R6cklvUVBOeWF1T2NxTzFKMDc2ZDZidTBzb3p4NE40Q3EzczN5U2hrNFhaNnVjMVQwV3J0UElod2p3UWRn?oc=5\" target=\"_blank\" rel=\"nofollow noopener\">Por qu\u00e9 Estados Unidos e Ir\u00e1n siguen escalando el conflicto<\/a>&nbsp;&nbsp;expansion.com<\/li>\n<li><a href=\"https:\/\/news.google.com\/rss\/articles\/CBMiqAFBVV95cUxPMVotWkN3Rk5RLXVYeHk0d0ppdXc3dEVoNGdGT3VZR0ZmdmdsWFNpdEhxdkl0dlFyRzNXUE1xV09SUkNVMlcyekl6YjZ3SVNJODRUUWxxWXZVbkNKRG9sbnVIVWR0SEVCVkJaU2twRGw4eHZrSGNzRUNkVHZPRWxQVU9kbVF5NjFpV3FiMFlkaFdybGhEa2l5X3AyZ1BaTWpWOGxEVjNhc0k?oc=5\" target=\"_blank\" rel=\"nofollow noopener\">Ir\u00e1n ataca objetivos en Kuwait y Emiratos \u00c1rabes mientras aumenta la escalada entre Teher\u00e1n y Washington<\/a>&nbsp;&nbsp;RTVE.es<\/li>\n<li><a href=\"https:\/\/news.google.com\/rss\/articles\/CBMiwwFBVV95cUxObVdwVDBxMTduc0lmZFRIRF9oQkVlN3d3dUNadFk0UFVRWE1UWDhTQlpLSDVlVjFtaTlBa21obEw5UUNVR3dENWhhcGZoUEdYUnlraXlhNXFzNmdxcWh2aTFRY2RFZE1rd2ppSWxwWEI2aGVPNGNwNnBEVEh3OXRJajJZTDRQUFJKbVdPNTV0RkhybWtZZXdlYThuQ3JVbGcxODEwNHBLdUpyemFWX3FIeG5PS1RrWWgwMTZTbGp6NlJiNTA?oc=5\" target=\"_blank\" rel=\"nofollow noopener\">Medios iran\u00edes informan de varias explosiones en las inmediaciones de la estrat\u00e9gica isla de Jarg<\/a>&nbsp;&nbsp;elDiario.es<\/li>\n<\/ol>\n","protected":false},"excerpt":{"rendered":"Varias explosiones cerca de la isla de Jarg, principal terminal del crudo de Teher\u00e1n y blanco de las&hellip;\n","protected":false},"author":2,"featured_media":749066,"comment_status":"","ping_status":"","sticky":false,"template":"","format":"standard","meta":{"footnotes":""},"categories":[42],"tags":[17,18,13,14,11,61,62,63,64,19,20,9,10,15,16,12,21,22,65,66,67],"class_list":["post-749065","post","type-post","status-publish","format-standard","has-post-thumbnail","category-internacional","tag-breaking-news","tag-breakingnews","tag-featured-news","tag-featurednews","tag-headlines","tag-internacional","tag-international","tag-international-news","tag-internationalnews","tag-latest-news","tag-latestnews","tag-news","tag-noticias","tag-noticias-destacadas","tag-noticiasdestacadas","tag-titulares","tag-ultimas-noticias","tag-ultimasnoticias","tag-world","tag-world-news","tag-worldnews"],"share_on_mastodon":{"url":"https:\/\/pubeurope.com\/@es\/117217973165142697","error":""},"_links":{"self":[{"href":"https:\/\/www.europesays.com\/es\/wp-json\/wp\/v2\/posts\/749065","targetHints":{"allow":["GET"]}}],"collection":[{"href":"https:\/\/www.europesays.com\/es\/wp-json\/wp\/v2\/posts"}],"about":[{"href":"https:\/\/www.europesays.com\/es\/wp-json\/wp\/v2\/types\/post"}],"author":[{"embeddable":true,"href":"https:\/\/www.europesays.com\/es\/wp-json\/wp\/v2\/users\/2"}],"replies":[{"embeddable":true,"href":"https:\/\/www.europesays.com\/es\/wp-json\/wp\/v2\/comments?post=749065"}],"version-history":[{"count":0,"href":"https:\/\/www.europesays.com\/es\/wp-json\/wp\/v2\/posts\/749065\/revisions"}],"wp:featuredmedia":[{"embeddable":true,"href":"https:\/\/www.europesays.com\/es\/wp-json\/wp\/v2\/media\/749066"}],"wp:attachment":[{"href":"https:\/\/www.europesays.com\/es\/wp-json\/wp\/v2\/media?parent=749065"}],"wp:term":[{"taxonomy":"category","embeddable":true,"href":"https:\/\/www.europesays.com\/es\/wp-json\/wp\/v2\/categories?post=749065"},{"taxonomy":"post_tag","embeddable":true,"href":"https:\/\/www.europesays.com\/es\/wp-json\/wp\/v2\/tags?post=749065"}],"curies":[{"name":"wp","href":"https:\/\/api.w.org\/{rel}","templated":true}]}}