{"id":749073,"date":"2026-09-05T10:39:15","date_gmt":"2026-09-05T10:39:15","guid":{"rendered":"https:\/\/www.europesays.com\/es\/749073\/"},"modified":"2026-09-05T10:39:15","modified_gmt":"2026-09-05T10:39:15","slug":"cortes-de-trafico-en-sevilla-por-la-vuelta-a-espana-a-que-hora-empiezan-calles-y-parkings-afectados-e-itinerarios-alternativos","status":"publish","type":"post","link":"https:\/\/www.europesays.com\/es\/749073\/","title":{"rendered":"Cortes de tr\u00e1fico en Sevilla por La Vuelta a Espa\u00f1a: a qu\u00e9 hora empiezan, calles y parkings afectados e itinerarios alternativos"},"content":{"rendered":"<p><img decoding=\"async\" class=\"v-ath__i\" loading=\"lazy\" src=\"https:\/\/www.europesays.com\/es\/wp-content\/uploads\/2026\/09\/autor-3942-foto-5.jpeg\" alt=\"Ignacio Lia\u00f1o Bernal\"\/><\/p>\n<p>05\/09\/2026<\/p>\n<p>Actualizado a las 11:13h.<\/p>\n<p class=\"v-d-p\">Vuelve La Vuelta a Sevilla. El Ayuntamiento de Sevilla prepara un dispositivo especial de movilidad para el pr\u00f3ximo mi\u00e9rcoles 9 de septiembre con motivo de la llegada a la ciudad de la d\u00e9cimos\u00e9ptima etapa de La Vuelta Ciclista a Espa\u00f1a, cuya 81\u00aa edici\u00f3n tendr\u00e1 lugar entre 22 de agosto y el 13 de septiembre. <\/p>\n<p class=\"v-d-p\">La Vuelta regresa de nuevo a Sevilla dos a\u00f1os despu\u00e9s de la \u00faltima vez, ya que fue tambi\u00e9n final de etapa en 2024 tras un largo par\u00e9ntesis de 14 a\u00f1os sin que finalizara una etapa de esta carrera en la capital de Andaluc\u00eda.<\/p>\n<p class=\"v-d-p\">De este modo, la llegada de la 17\u00aa etapa de La Vuelta 2026 por territorio sevillano obliga a reordenar el tr\u00e1fico, cortando algunas de las principales v\u00edas de la ciudad para la celebraci\u00f3n de este importante evento internacional. Tambi\u00e9n habr\u00e1 la suspensi\u00f3n del servicio en parkings afectados.<\/p>\n<p class=\"v-d-p\">Durante los d\u00edas previos al evento, est\u00e1 previsto que algunas v\u00edas del recorrido tambi\u00e9n puedan verse afectadas por la colocaci\u00f3n y se\u00f1alizaci\u00f3n de determinados elementos en los viales propios del evento, as\u00ed que hay que estar muy encima de toda la informaci\u00f3n municipal a fin de evitar bloqueos y atascos por la ciudad de cara al evento.<\/p>\n<p><img decoding=\"async\" loading=\"lazy\" src=\"https:\/\/www.europesays.com\/es\/wp-content\/uploads\/2026\/09\/vuelta-espana_20260905110139-U44508441330pXM-680x476@diario_abc.JPG\" class=\"v-a-img\" width=\"680\" height=\"478\" alt=\"Recorrido de La Vuelta por Sevilla.\" data-voc-vtm-id=\"in-text-traffic\"\/><\/p>\n<p>Recorrido de La Vuelta por Sevilla.<\/p>\n<p>(Ayuntamiento de Sevilla)<\/p>\n<p>\n\u00bfPor d\u00f3nde coger\u00e1 la Vuelta?\n<\/p>\n<p class=\"v-d-p\">La carrera ciclista entrar\u00e1 en la ciudad por el paso superior de la SE-20 de la carretera A-8002 (carretera de La Rinconada) alrededor de las 17:00 horas, entrando por el Barrio de San Jer\u00f3nimo, continuando as\u00ed el recorrido en el casco urbano por Calle Medina y Galnares, Avenida San Jer\u00f3nimo, Glorieta Ol\u00edmpica, Avenida Concejal Alberto Jim\u00e9nez Becerril, Avenida Torneo, Puente Cristo de la Expiraci\u00f3n, Avenida Expo 92, Avenida Ronda de Triana, Calle L\u00f3pez de Gomara, Glorieta Rep\u00fablica Dominicana, Calle Santa Fe, Calle Virgen de Luj\u00e1n, Glorieta las Cigarreras, Puente los Remedios, Glorieta los Marineros, Paseo las Delicias y Paseo Crist\u00f3bal Col\u00f3n, con Meta en paseo Col\u00f3n frente a la plaza de toros de la Maestranza.<\/p>\n<p><img decoding=\"async\" loading=\"lazy\" src=\"https:\/\/www.europesays.com\/es\/wp-content\/uploads\/2026\/09\/vuelta-espana-U76180585866BhS-680x476@diario_abc.JPG\" class=\"v-a-img\" width=\"680\" height=\"478\" alt=\"Mapa de situaci\u00f3n en el paso de la Vuelta a Espa\u00f1a por Sevilla.\" data-voc-vtm-id=\"in-text-traffic\"\/><\/p>\n<p>Mapa de situaci\u00f3n en el paso de la Vuelta a Espa\u00f1a por Sevilla.<\/p>\n<p>(Ayuntamiento de Sevilla)<\/p>\n<p>\nCalles cortadas\n<\/p>\n<p class=\"v-d-p\">Desde las 22:00 horas del d\u00eda anterior, el martes 8 de septiembre, estar\u00e1 cortado el Paseo Crist\u00f3bal Col\u00f3n, en ambos sentidos entre el Puente Isabel II (Puente de Triana) y el Puente San Telmo, para labores de montaje de la zona de meta. <\/p>\n<p class=\"v-d-p\">Desde las 7:00 horas del mismo d\u00eda de la carrera, ya el mi\u00e9rcoles 9 de septiembre, en el entorno de la zona de meta (Paseo de Crist\u00f3bal Col\u00f3n), quedar\u00e1n cortadas las calles aleda\u00f1as como Paseo las Delicias (desde Glorieta los Marineros), Avenida de Chile, Calle Palos de la Frontera, Calle la R\u00e1bida, Calle Do\u00f1a Mar\u00eda de Padilla, Avenida Roma, Calle Postigo del Carb\u00f3n, Calle Dos de Mayo (hasta Calle Temprado), y Calle Adriano (desde Calle Pastor y Landero). El tr\u00e1fico que circule por estas calles se desviar\u00e1 desde Calle Santander hacia Calle Temprado, que cambia de sentido, Calle Dos de Mayo, Calle Arfe, Calle Adriano y Calle Santas Patronas, hasta desembocar en Calle Reyes Cat\u00f3licos.<\/p>\n<p class=\"v-d-p\">Desde las 15:30 horas quedar\u00e1n cortados los accesos a las v\u00edas por las que discurre la carrera. La carrera transcurrir\u00e1 a tr\u00e1fico cerrado por todo el circuito salvo en aquellas v\u00edas que dispongan de mediana de obra civil de separaci\u00f3n de ambos sentidos. En aquellos tramos en los que la mediana se interrumpa se se\u00f1alizar\u00e1n dichos espacios con elementos de balizamiento adecuados (vallas, new jerseys o conos). <\/p>\n<p class=\"v-d-p\">Con relaci\u00f3n al viario afectado por el recorrido de la prueba se detallan las v\u00edas de uso exclusivo y aquellas otras que por sus caracter\u00edsticas permiten, contando con las medidas de seguridad necesarias, su uso compartido con la propia Vuelta:<\/p>\n<p class=\"v-d-p\">&#8211; Avda. San Jer\u00f3nimo (desde entrada A-8002 hasta c\/ Catalu\u00f1a).<\/p>\n<p class=\"v-d-p\">&#8211; Puente Cristo de la Expiraci\u00f3n.<\/p>\n<p class=\"v-d-p\">&#8211; L\u00f3pez de Gomara (desde Juan D\u00edaz de Sol\u00eds hasta Gta. Rep\u00fablica Dominicana).<\/p>\n<p class=\"v-d-p\">&#8211; Glorieta Rep\u00fablica Dominicana.<\/p>\n<p class=\"v-d-p\">&#8211; Santa Fe.<\/p>\n<p class=\"v-d-p\">&#8211; Virgen de Luj\u00e1n.<\/p>\n<p class=\"v-d-p\">&#8211; Glorieta de Las Cigarreras<\/p>\n<p class=\"v-d-p\">&#8211; Puente de Los Remedios.<\/p>\n<p class=\"v-d-p\">&#8211; Glorieta de Los Marineros<\/p>\n<p class=\"v-d-p\">&#8211; Paseo Las Delicias.<\/p>\n<p class=\"v-d-p\">&#8211; Paseo Crist\u00f3bal Col\u00f3n. <\/p>\n<p class=\"v-d-p\">* V\u00edas de uso compartido con la Vuelta:<\/p>\n<p class=\"v-d-p\">&#8211; Calle Medina y Galnares.<\/p>\n<p class=\"v-d-p\">&#8211; Avenida Concejal Alberto Jim\u00e9nez Becerril.<\/p>\n<p class=\"v-d-p\">&#8211; Avenida Torneo.<\/p>\n<p class=\"v-d-p\">&#8211; Avenida Ronda de Triana.<\/p>\n<p class=\"v-d-p\">&#8211; Calle L\u00f3pez de Gomara<\/p>\n<p>\nParkings cortados\n<\/p>\n<p class=\"v-d-p\">En relaci\u00f3n con los aparcamientos p\u00fablicos afectados, se establecer\u00e1n determinadas restricciones en su funcionamiento, as\u00ed como en el acceso y la salida de los mismos. El parking de Paseo Col\u00f3n tendr\u00e1 un corte de acceso en horario de 8:00 a 21:00 horas; el Parking Centro Deportivo Mar de Plata tendr\u00e1 corte de acceso y salida en horario de 15:30 a 18:00 horas; el Parking Virgen de Luj\u00e1n, \u00eddem en horario de 15:30 a 18:00 horas, y por \u00faltimo, el Parking Avenida Roma, de 8.00 a 19.00 horas.<\/p>\n<p class=\"v-d-p\">La apertura de las v\u00edas afectadas ser\u00e1 progresiva teniendo previsto que aproximadamente el trazado por donde circula la Vuelta quede libre sobre las 18:00 horas, permaneciendo cortado al tr\u00e1fico la zona de meta (Paseo Crist\u00f3bal Col\u00f3n) hasta las 21:30 horas aproximadamente.<\/p>\n","protected":false},"excerpt":{"rendered":"05\/09\/2026 Actualizado a las 11:13h. Vuelve La Vuelta a Sevilla. El Ayuntamiento de Sevilla prepara un dispositivo especial&hellip;\n","protected":false},"author":2,"featured_media":749074,"comment_status":"","ping_status":"","sticky":false,"template":"","format":"standard","meta":{"footnotes":""},"categories":[273],"tags":[4179,44098,1346,313,12706,312,168,70519,25,24,1458,21817,53171,1171,23,167,589,1357],"class_list":["post-749073","post","type-post","status-publish","format-standard","has-post-thumbnail","category-ciclismo","tag-afectados","tag-alternativos","tag-calles","tag-ciclismo","tag-cortes","tag-cycling","tag-deportes","tag-empiezan","tag-es","tag-espana","tag-hora","tag-itinerarios","tag-parkings","tag-sevilla","tag-spain","tag-sports","tag-trafico","tag-vuelta"],"share_on_mastodon":{"url":"https:\/\/pubeurope.com\/@es\/117218009451885257","error":""},"_links":{"self":[{"href":"https:\/\/www.europesays.com\/es\/wp-json\/wp\/v2\/posts\/749073","targetHints":{"allow":["GET"]}}],"collection":[{"href":"https:\/\/www.europesays.com\/es\/wp-json\/wp\/v2\/posts"}],"about":[{"href":"https:\/\/www.europesays.com\/es\/wp-json\/wp\/v2\/types\/post"}],"author":[{"embeddable":true,"href":"https:\/\/www.europesays.com\/es\/wp-json\/wp\/v2\/users\/2"}],"replies":[{"embeddable":true,"href":"https:\/\/www.europesays.com\/es\/wp-json\/wp\/v2\/comments?post=749073"}],"version-history":[{"count":0,"href":"https:\/\/www.europesays.com\/es\/wp-json\/wp\/v2\/posts\/749073\/revisions"}],"wp:featuredmedia":[{"embeddable":true,"href":"https:\/\/www.europesays.com\/es\/wp-json\/wp\/v2\/media\/749074"}],"wp:attachment":[{"href":"https:\/\/www.europesays.com\/es\/wp-json\/wp\/v2\/media?parent=749073"}],"wp:term":[{"taxonomy":"category","embeddable":true,"href":"https:\/\/www.europesays.com\/es\/wp-json\/wp\/v2\/categories?post=749073"},{"taxonomy":"post_tag","embeddable":true,"href":"https:\/\/www.europesays.com\/es\/wp-json\/wp\/v2\/tags?post=749073"}],"curies":[{"name":"wp","href":"https:\/\/api.w.org\/{rel}","templated":true}]}}