{"id":749077,"date":"2026-09-05T10:42:13","date_gmt":"2026-09-05T10:42:13","guid":{"rendered":"https:\/\/www.europesays.com\/es\/749077\/"},"modified":"2026-09-05T10:42:13","modified_gmt":"2026-09-05T10:42:13","slug":"brian-farinas-cambia-de-coche-pero-no-de-esencia","status":"publish","type":"post","link":"https:\/\/www.europesays.com\/es\/749077\/","title":{"rendered":"Brian Fari\u00f1as cambia de coche, pero no de esencia"},"content":{"rendered":"<p class=\"ft-text\">Pocas veces se ve a un futbolista de un club de \u00e9lite conduciendo un coche alejado de los grandes lujos que rodean habitualmente al mundo del f\u00fatbol. Pero hay excepciones. <strong>Una de ellas ha sido hasta hoy Brian Fari\u00f1as<\/strong>, una de las grandes noticias de este inicio de temporada en el Bar\u00e7a.<\/p>\n<p class=\"ft-text\">Nacido en Benicarl\u00f3 en 2006, el centrocampista lleg\u00f3 a La Masia procedente del Villarreal y ha pasado por pr\u00e1cticamente todas las etapas del f\u00fatbol formativo azulgrana hasta alcanzar el primer equipo. Un camino largo durante el que ha mantenido una forma de ser que destacan especialmente quienes le conocen.<\/p>\n<p class=\"ft-text\"><strong>En la Ciutat Esportiva se puede ver absolutamente de todo y SPORT lleva a\u00f1os siendo testigo diario de muchas de esas historias.<\/strong> Desde el d\u00eda en el que Araujo, sin querer, pas\u00f3 con una rueda por encima del pie de un aficionado hasta aquella lluviosa tarde de verano en la que a Lewandowski le robaron un Patek Philippe valorado en cerca de 200.000 euros y el polaco sali\u00f3 corriendo detr\u00e1s del ladr\u00f3n, pasando por las persecuciones casi diarias de aficionados a los coches de los jugadores en busca de una fotograf\u00eda o una firma.<\/p>\n<p class=\"ft-text\">Los accesos permiten conocer una cara de los futbolistas que muchas veces no aparece en las redes sociales. <strong>Se puede comprobar su trato con los aficionados, su cercan\u00eda e incluso si cumplen aquellas promesas de camisetas que hacen a quienes esperan durante horas.<\/strong> Y precisamente ah\u00ed Fari\u00f1as viene llamando especialmente la atenci\u00f3n.<\/p>\n<p>Un coche de hace casi 20 a\u00f1os<\/p>\n<p class=\"ft-text\">SPORT, presente pr\u00e1cticamente a diario en la Ciutat Esportiva, ha podido comprobar durante las \u00faltimas semanas <strong>la cercan\u00eda y amabilidad de Brian con los aficionados<\/strong>. Pero tambi\u00e9n hay otro detalle que sorprende.<\/p>\n<p class=\"ft-text\">En un f\u00fatbol en el que <strong>los coches de alta gama y los \u00faltimos modelos del mercado forman parte casi del paisaje habitual<\/strong>, Brian ha seguido llegando hasta estos \u00faltimos d\u00edas con un Toyota Auris de 2007, un veh\u00edculo de hace pr\u00e1cticamente dos d\u00e9cadas. Fari\u00f1as no parece especialmente preocupado por impresionar cuando cruza las puertas de la Ciutat Esportiva. <strong>Donde sabe que tiene que hacerlo es sobre el c\u00e9sped y, de momento, lo est\u00e1 haciendo. Y mucho.<\/strong><\/p>\n<p class=\"ft-text\">Fuentes del vestuario consultadas por SPORT destacan precisamente su sencillez y naturalidad. Una personalidad que tambi\u00e9n ha ayudado a que <strong>haya ca\u00eddo de pie en la plantilla del primer equipo<\/strong>. Hansi Flick est\u00e1 encantado con su actitud y con el rendimiento que est\u00e1 ofreciendo.<\/p>\n<p>El Bar\u00e7a ya le entrega su CUPRA<\/p>\n<p class=\"ft-text\">Su nueva condici\u00f3n tambi\u00e9n empieza a notarse fuera del campo. <strong>Este viernes, el Bar\u00e7a le ha entregado un CUPRA Raval el\u00e9ctrico como jugador del primer equipo<\/strong>, dejando atr\u00e1s definitivamente el Toyota que le ha acompa\u00f1ado hasta el \u00faltimo momento de su etapa en el filial. <\/p>\n<p class=\"ft-text\">Fari\u00f1as lucir\u00e1 adem\u00e1s el <strong>dorsal &#8216;4&#8217;<\/strong> en esta nueva etapa. Su realidad ha cambiado much\u00edsimo en apenas unos meses, pero dentro del vestuario aseguran que su manera de comportarse sigue siendo la misma. <strong>Del Toyota Auris de 2007 al coche del primer equipo. Brian cambia de dorsal, de coche y de realidad, pero conserva algo que no entiende de categor\u00edas: la humildad.<\/strong><\/p>\n","protected":false},"excerpt":{"rendered":"Pocas veces se ve a un futbolista de un club de \u00e9lite conduciendo un coche alejado de los&hellip;\n","protected":false},"author":2,"featured_media":749078,"comment_status":"","ping_status":"","sticky":false,"template":"","format":"standard","meta":{"footnotes":""},"categories":[268],"tags":[2296,70091,1838,3075,168,25,10506,24,106869,280,282,281,23,167],"class_list":["post-749077","post","type-post","status-publish","format-standard","has-post-thumbnail","category-futbol","tag-barca","tag-brian","tag-cambia","tag-coche","tag-deportes","tag-es","tag-esencia","tag-espana","tag-farinas","tag-football","tag-futbol","tag-soccer","tag-spain","tag-sports"],"share_on_mastodon":{"url":"https:\/\/pubeurope.com\/@es\/117218020404455174","error":""},"_links":{"self":[{"href":"https:\/\/www.europesays.com\/es\/wp-json\/wp\/v2\/posts\/749077","targetHints":{"allow":["GET"]}}],"collection":[{"href":"https:\/\/www.europesays.com\/es\/wp-json\/wp\/v2\/posts"}],"about":[{"href":"https:\/\/www.europesays.com\/es\/wp-json\/wp\/v2\/types\/post"}],"author":[{"embeddable":true,"href":"https:\/\/www.europesays.com\/es\/wp-json\/wp\/v2\/users\/2"}],"replies":[{"embeddable":true,"href":"https:\/\/www.europesays.com\/es\/wp-json\/wp\/v2\/comments?post=749077"}],"version-history":[{"count":0,"href":"https:\/\/www.europesays.com\/es\/wp-json\/wp\/v2\/posts\/749077\/revisions"}],"wp:featuredmedia":[{"embeddable":true,"href":"https:\/\/www.europesays.com\/es\/wp-json\/wp\/v2\/media\/749078"}],"wp:attachment":[{"href":"https:\/\/www.europesays.com\/es\/wp-json\/wp\/v2\/media?parent=749077"}],"wp:term":[{"taxonomy":"category","embeddable":true,"href":"https:\/\/www.europesays.com\/es\/wp-json\/wp\/v2\/categories?post=749077"},{"taxonomy":"post_tag","embeddable":true,"href":"https:\/\/www.europesays.com\/es\/wp-json\/wp\/v2\/tags?post=749077"}],"curies":[{"name":"wp","href":"https:\/\/api.w.org\/{rel}","templated":true}]}}