{"id":749087,"date":"2026-09-05T10:50:13","date_gmt":"2026-09-05T10:50:13","guid":{"rendered":"https:\/\/www.europesays.com\/es\/749087\/"},"modified":"2026-09-05T10:50:13","modified_gmt":"2026-09-05T10:50:13","slug":"%f0%9f%9a%a8-ultima-hora-lamine-yamal-ausente-en-el-entrenamiento-del-barcelona","status":"publish","type":"post","link":"https:\/\/www.europesays.com\/es\/749087\/","title":{"rendered":"\ud83d\udea8 \u00daLTIMA HORA: Lamine Yamal, ausente en el entrenamiento del Barcelona"},"content":{"rendered":"<p class=\"mb-4 text-lg md:leading-8 break-words\">Saltan las alarmas en el F\u00fatbol Club Barcelona: Lamine Yamal no se entrena este s\u00e1bado.<\/p>\n<p class=\"mb-4 text-lg md:leading-8 break-words\">En el \u00faltimo entrenamiento previo al Valencia-Barcelona de este domingo, ha sorprendido la ausencia de Lamine Yamal seg\u00fan &#8216;SPORT&#8217;.<\/p>\n<p class=\"mb-4 text-lg md:leading-8 break-words\">El extremo blaugrana no ha salido con el resto de sus compa\u00f1eros a esta \u00faltima sesi\u00f3n y por ahora, se desconocen los motivos.<\/p>\n<p class=\"mb-4 text-lg md:leading-8 break-words\">A las 13 horas se espera que comparezca en rueda de prensa Hansi Flick, que nos dar\u00e1 m\u00e1s detalles.<\/p>\n<p class=\"mb-4 text-lg md:leading-8 break-words\">Un Flick que est\u00e1 probando en ataque con Gordon, Adeyemi y Raphinha.<\/p>\n","protected":false},"excerpt":{"rendered":"Saltan las alarmas en el F\u00fatbol Club Barcelona: Lamine Yamal no se entrena este s\u00e1bado. En el \u00faltimo&hellip;\n","protected":false},"author":2,"featured_media":749088,"comment_status":"","ping_status":"","sticky":false,"template":"","format":"standard","meta":{"footnotes":""},"categories":[93],"tags":[133117,133114,210,168,133116,133115,25,24,86372,1458,133118,8138,133113,23,167,1885,16743],"class_list":["post-749087","post","type-post","status-publish","format-standard","has-post-thumbnail","category-deportes","tag-adeyemi-y-raphinha","tag-ausente-en-el-entrenamiento-del","tag-barcelona","tag-deportes","tag-el-extremo","tag-en-el-ultimo","tag-es","tag-espana","tag-gordon","tag-hora","tag-horas-se","tag-lamine-yamal","tag-previo-al-valencia-barcelona-de-este-domingo","tag-spain","tag-sports","tag-ultima","tag-un"],"share_on_mastodon":{"url":"https:\/\/pubeurope.com\/@es\/117218051664288533","error":""},"_links":{"self":[{"href":"https:\/\/www.europesays.com\/es\/wp-json\/wp\/v2\/posts\/749087","targetHints":{"allow":["GET"]}}],"collection":[{"href":"https:\/\/www.europesays.com\/es\/wp-json\/wp\/v2\/posts"}],"about":[{"href":"https:\/\/www.europesays.com\/es\/wp-json\/wp\/v2\/types\/post"}],"author":[{"embeddable":true,"href":"https:\/\/www.europesays.com\/es\/wp-json\/wp\/v2\/users\/2"}],"replies":[{"embeddable":true,"href":"https:\/\/www.europesays.com\/es\/wp-json\/wp\/v2\/comments?post=749087"}],"version-history":[{"count":0,"href":"https:\/\/www.europesays.com\/es\/wp-json\/wp\/v2\/posts\/749087\/revisions"}],"wp:featuredmedia":[{"embeddable":true,"href":"https:\/\/www.europesays.com\/es\/wp-json\/wp\/v2\/media\/749088"}],"wp:attachment":[{"href":"https:\/\/www.europesays.com\/es\/wp-json\/wp\/v2\/media?parent=749087"}],"wp:term":[{"taxonomy":"category","embeddable":true,"href":"https:\/\/www.europesays.com\/es\/wp-json\/wp\/v2\/categories?post=749087"},{"taxonomy":"post_tag","embeddable":true,"href":"https:\/\/www.europesays.com\/es\/wp-json\/wp\/v2\/tags?post=749087"}],"curies":[{"name":"wp","href":"https:\/\/api.w.org\/{rel}","templated":true}]}}